{"id":11532,"date":"2020-03-27T10:56:39","date_gmt":"2020-03-27T15:56:39","guid":{"rendered":"https:\/\/diarioavanzada.com.mx\/?p=11532"},"modified":"2020-03-27T10:56:40","modified_gmt":"2020-03-27T15:56:40","slug":"locho-reconoce-error-por-adelantarse-a-los-tiempos-del-aislamiento-social-propondra-regreso-al-trabajo","status":"publish","type":"post","link":"https:\/\/diarioavanzada.com.mx\/?p=11532","title":{"rendered":"Locho reconoce error por adelantarse a los tiempos del &#8220;aislamiento social&#8221;, propondr\u00e1 regreso al trabajo"},"content":{"rendered":"\n<p class=\"wp-block-paragraph\">Colima, M\u00e9xico, Avanzada (27\/03\/2020).-&nbsp;Pese a que M\u00e9xico se encuentra en la fase II de contagios de Coronavirus, el presidente municipal de Colima, Leoncio Mor\u00e1n S\u00e1nchez propondr\u00e1 al Consejo de Protecci\u00f3n Civil que el pr\u00f3ximo lunes trabajen de manera regular los negocios que aglutinen&nbsp;a menos de 50 personas y tambi\u00e9n se garantice el tr\u00e1nsito de los ciudadanos.<\/p>\n\n\n\n<p class=\"wp-block-paragraph\">La propuesta de Mor\u00e1n S\u00e1nchez contradice la postura que \u00e9l mismo asumi\u00f3 en la sesi\u00f3n del Consejo de Protecci\u00f3n Civil el 18 de marzo, cuando aval\u00f3 las medidas que propuso el gobernador, Ignacio Peralta S\u00e1nchez en torno al aislamiento social y la vigilancia policiaca para evitar que la ciudadan\u00eda estuviera en la calle, pese a que el Gobierno de la Rep\u00fablica hab\u00eda se\u00f1al\u00f3 que el aislamiento y la suspensi\u00f3n de clases iniciar\u00eda hasta el 23 de marzo y no el 17 de marzo como sucedi\u00f3 en el estado de Colima.<\/p>\n\n\n\n<p class=\"wp-block-paragraph\">A trav\u00e9s de un video grabado, y colocado&nbsp; en su p\u00e1gina de Facebook, el edil afirm\u00f3 que en el caso de Colima y despu\u00e9s de 15 d\u00edas de aislamiento, se buscaba cortar la transmisi\u00f3n de la enfermedad, y sentenci\u00f3 que la mayor\u00eda de los negocios y vendedores ambulantes respetaron la situaci\u00f3n.<\/p>\n\n\n\n<p class=\"wp-block-paragraph\">Insisti\u00f3 que solicitar\u00e1 este d\u00eda al Consejo de Protecci\u00f3n Civil que a partir del lunes las autoridades permitan el tr\u00e1nsito de las personas pero cumpliendo condiciones adecuadas de higiene, \u201cque todas las empresas,&nbsp; prestadores de servicios tengan el equipamiento adecuado para que sus clientes y sus trabajadores puedan laborar de manera segura\u201d.<\/p>\n\n\n\n<p class=\"wp-block-paragraph\">Mor\u00e1n S\u00e1nchez indic\u00f3 que es dif\u00edcil establecer una ruta local, cuando el gobierno federal est\u00e1 trazando otra, no obstante en su video no explic\u00f3 por qu\u00e9 en el caso de Colima se adelant\u00f3 el aislamiento social, lo que provoc\u00f3 la suspensi\u00f3n de clases y el cierre de negocios, cuando a nivel nacional se dijo que dichas acciones iniciar\u00edan a partir del 23 de marzo, una vez que el pa\u00eds entrara en la fase II de contagio.<\/p>\n\n\n\n<p class=\"wp-block-paragraph\">Mor\u00e1n S\u00e1nchez refiri\u00f3 que el costo econ\u00f3mico lo est\u00e1n asumiendo los trabajadores y las peque\u00f1as y medianas empresas, \u201clas medidas que se est\u00e1n tomando en los diferentes \u00f3rdenes de gobierno, no son suficientes para garantizar la estabilidad laboral de much\u00edsimas personas y la carga no est\u00e1 cayendo en los tres \u00f3rdenes de gobierno, sino en los ciudadanos\u201d, sentenci\u00f3.<\/p>\n\n\n\n<p class=\"wp-block-paragraph\">Insisti\u00f3 que la propuesta que presentar\u00e1 este d\u00eda en el Consejo Estatal de Protecci\u00f3n Civil estar\u00e1 relacionada con que todos los prestadores de servicios, comercios y profesionistas puedan trabajar de manera regular, \u201cy que las instancias nos dediquemos a fiscalizar que cumplan con esos requisitos, para que la actividad social y comercial se empiece a regular porque en las condiciones que est\u00e1, es una crisis econ\u00f3mica, que sin el apoyo federal no tiene sentido para los ciudadanos\u201d.<\/p>\n<div class=\"fb-background-color\">\n\t\t\t  <div \n\t\t\t  \tclass = \"fb-comments\" \n\t\t\t  \tdata-href = \"https:\/\/diarioavanzada.com.mx\/?p=11532\"\n\t\t\t  \tdata-numposts = \"10\"\n\t\t\t  \tdata-lazy = \"true\"\n\t\t\t\tdata-colorscheme = \"light\"\n\t\t\t\tdata-order-by = \"social\"\n\t\t\t\tdata-mobile=true>\n\t\t\t  <\/div><\/div>\n\t\t  <style>\n\t\t    .fb-background-color {\n\t\t\t\tbackground:  !important;\n\t\t\t}\n\t\t\t.fb_iframe_widget_fluid_desktop iframe {\n\t\t\t    width: 100% !important;\n\t\t\t}\n\t\t  <\/style>\n\t\t  ","protected":false},"excerpt":{"rendered":"<p>Colima, M\u00e9xico, Avanzada (27\/03\/2020).-&nbsp;Pese a que M\u00e9xico se encuentra en la fase II de contagios de Coronavirus, el presidente municipal de Colima, Leoncio Mor\u00e1n S\u00e1nchez propondr\u00e1 al Consejo de Protecci\u00f3n Civil que el pr\u00f3ximo lunes trabajen de manera regular los negocios que aglutinen&nbsp;a menos de 50 personas y tambi\u00e9n se garantice el tr\u00e1nsito de los [&hellip;]<\/p>\n","protected":false},"author":5,"featured_media":11533,"comment_status":"closed","ping_status":"closed","sticky":false,"template":"","format":"standard","meta":{"_coblocks_attr":"","_coblocks_dimensions":"","_coblocks_responsive_height":"","_coblocks_accordion_ie_support":"","advanced_seo_description":"","jetpack_seo_html_title":"","jetpack_seo_noindex":false,"jetpack_seo_schema_type":"","_jetpack_newsletter_access":"","_jetpack_dont_email_post_to_subs":false,"_jetpack_newsletter_tier_id":0,"_jetpack_memberships_contains_paywalled_content":false,"_wpcom_ai_launchpad_first_post":false,"_jetpack_feature_clip_id":0,"_jetpack_memberships_contains_paid_content":false,"footnotes":"","jetpack_post_was_ever_published":false},"categories":[19,21],"tags":[300,210],"class_list":["post-11532","post","type-post","status-publish","format-standard","has-post-thumbnail","hentry","category-colima","category-municipios","tag-covid-19","tag-portada"],"jetpack-related-posts":[],"jetpack_sharing_enabled":true,"amp_enabled":true,"jetpack_featured_media_url":"https:\/\/diarioavanzada.com.mx\/wp-content\/uploads\/2020\/03\/Alcalde.jpg","_links":{"self":[{"href":"https:\/\/diarioavanzada.com.mx\/index.php?rest_route=\/wp\/v2\/posts\/11532","targetHints":{"allow":["GET"]}}],"collection":[{"href":"https:\/\/diarioavanzada.com.mx\/index.php?rest_route=\/wp\/v2\/posts"}],"about":[{"href":"https:\/\/diarioavanzada.com.mx\/index.php?rest_route=\/wp\/v2\/types\/post"}],"author":[{"embeddable":true,"href":"https:\/\/diarioavanzada.com.mx\/index.php?rest_route=\/wp\/v2\/users\/5"}],"replies":[{"embeddable":true,"href":"https:\/\/diarioavanzada.com.mx\/index.php?rest_route=%2Fwp%2Fv2%2Fcomments&post=11532"}],"version-history":[{"count":0,"href":"https:\/\/diarioavanzada.com.mx\/index.php?rest_route=\/wp\/v2\/posts\/11532\/revisions"}],"wp:featuredmedia":[{"embeddable":true,"href":"https:\/\/diarioavanzada.com.mx\/index.php?rest_route=\/wp\/v2\/media\/11533"}],"wp:attachment":[{"href":"https:\/\/diarioavanzada.com.mx\/index.php?rest_route=%2Fwp%2Fv2%2Fmedia&parent=11532"}],"wp:term":[{"taxonomy":"category","embeddable":true,"href":"https:\/\/diarioavanzada.com.mx\/index.php?rest_route=%2Fwp%2Fv2%2Fcategories&post=11532"},{"taxonomy":"post_tag","embeddable":true,"href":"https:\/\/diarioavanzada.com.mx\/index.php?rest_route=%2Fwp%2Fv2%2Ftags&post=11532"}],"curies":[{"name":"wp","href":"https:\/\/api.w.org\/{rel}","templated":true}]}}