{"id":115289,"date":"2026-03-03T06:18:47","date_gmt":"2026-03-03T12:18:47","guid":{"rendered":"https:\/\/diarioavanzada.com.mx\/?p=115289"},"modified":"2026-03-03T06:33:26","modified_gmt":"2026-03-03T12:33:26","slug":"activan-ficha-de-busqueda-para-localizar-a-menor-desaparecida-en-villa-de-alvarez","status":"publish","type":"post","link":"https:\/\/diarioavanzada.com.mx\/?p=115289","title":{"rendered":"Se busca: Irene tiene 16 a\u00f1os de edad, desapareci\u00f3 el 28 de febrero en Villa de \u00c1lvarez"},"content":{"rendered":"\n<p class=\"p1 wp-block-paragraph\">Colima, M\u00e9xico, Avanzada (03\/03\/2026).- La Comisi\u00f3n de B\u00fasqueda de Personas del Estado de Colima emiti\u00f3 una ficha para localizar a la adolescente Irene Dariela Mendoza Castrej\u00f3n, de 16 a\u00f1os de edad, quien fue reportada como desaparecida el pasado 28 de febrero en el municipio de Villa de \u00c1lvarez.<\/p>\n\n\n\n<p class=\"p1 wp-block-paragraph\">De acuerdo con la informaci\u00f3n oficial, la menor fue vista por \u00faltima vez el 28 de febrero de 2026 en Villa de \u00c1lvarez, Colima, misma fecha en que se realiz\u00f3 el reporte ante las autoridades correspondientes.<\/p>\n\n\n\n<p class=\"p1 wp-block-paragraph\">Irene Dariela es de sexo femenino, mide aproximadamente 1.68 metros de estatura, tiene el rostro ovalado, nariz grande, ojos medianos color negro y tez blanca. Su cabello es lacio, largo y de color negro.<\/p>\n\n\n\n<p class=\"p1 wp-block-paragraph\">Como se\u00f1as particulares, presenta tres lunares en la mejilla izquierda.<\/p>\n\n\n\n<p class=\"p1 wp-block-paragraph\">Al momento de su desaparici\u00f3n vest\u00eda una chamarra negra y leggins negro.<\/p>\n\n\n\n<p class=\"p1 wp-block-paragraph\">La Comisi\u00f3n de B\u00fasqueda solicita el apoyo de la ciudadan\u00eda para aportar cualquier informaci\u00f3n que contribuya a su localizaci\u00f3n, a trav\u00e9s del n\u00famero telef\u00f3nico 312 131 3809 o mediante los canales oficiales de la dependencia.<\/p>\n\n\n\n<p class=\"p1 wp-block-paragraph\">Las autoridades reiteraron que toda informaci\u00f3n ser\u00e1 tratada de manera confidencial.<\/p>\n\n\n\n<figure class=\"wp-block-image size-large\"><img loading=\"lazy\" decoding=\"async\" width=\"940\" height=\"788\" src=\"https:\/\/diarioavanzada.com.mx\/wp-content\/uploads\/2026\/03\/img_8722.jpg\" alt=\"\" class=\"wp-image-115287\" srcset=\"https:\/\/diarioavanzada.com.mx\/wp-content\/uploads\/2026\/03\/img_8722.jpg 940w, https:\/\/diarioavanzada.com.mx\/wp-content\/uploads\/2026\/03\/img_8722-300x251.jpg 300w, https:\/\/diarioavanzada.com.mx\/wp-content\/uploads\/2026\/03\/img_8722-768x644.jpg 768w\" sizes=\"auto, (max-width: 940px) 100vw, 940px\" \/><\/figure>\n<div class=\"fb-background-color\">\n\t\t\t  <div \n\t\t\t  \tclass = \"fb-comments\" \n\t\t\t  \tdata-href = \"https:\/\/diarioavanzada.com.mx\/?p=115289\"\n\t\t\t  \tdata-numposts = \"10\"\n\t\t\t  \tdata-lazy = \"true\"\n\t\t\t\tdata-colorscheme = \"light\"\n\t\t\t\tdata-order-by = \"social\"\n\t\t\t\tdata-mobile=true>\n\t\t\t  <\/div><\/div>\n\t\t  <style>\n\t\t    .fb-background-color {\n\t\t\t\tbackground:  !important;\n\t\t\t}\n\t\t\t.fb_iframe_widget_fluid_desktop iframe {\n\t\t\t    width: 100% !important;\n\t\t\t}\n\t\t  <\/style>\n\t\t  ","protected":false},"excerpt":{"rendered":"<p>Colima, M\u00e9xico, Avanzada (03\/03\/2026).- La Comisi\u00f3n de B\u00fasqueda de Personas del Estado de Colima emiti\u00f3 una ficha para localizar a la adolescente Irene Dariela Mendoza Castrej\u00f3n, de 16 a\u00f1os de edad, quien fue reportada como desaparecida el pasado 28 de febrero en el municipio de Villa de \u00c1lvarez. De acuerdo con la informaci\u00f3n oficial, la [&hellip;]<\/p>\n","protected":false},"author":7,"featured_media":115288,"comment_status":"closed","ping_status":"closed","sticky":false,"template":"","format":"standard","meta":{"_coblocks_attr":"","_coblocks_dimensions":"","_coblocks_responsive_height":"","_coblocks_accordion_ie_support":"","_crdt_document":"","advanced_seo_description":"","jetpack_seo_html_title":"","jetpack_seo_noindex":false,"_jetpack_memberships_contains_paid_content":false,"footnotes":""},"categories":[19,1,209,7,231,29],"tags":[210],"class_list":["post-115289","post","type-post","status-publish","format-standard","has-post-thumbnail","hentry","category-colima","category-general","category-importantes","category-noticias","category-seguridad","category-sociedad","tag-portada"],"jetpack_featured_media_url":"https:\/\/diarioavanzada.com.mx\/wp-content\/uploads\/2026\/03\/img_8723.png","jetpack-related-posts":[],"jetpack_sharing_enabled":true,"amp_enabled":true,"_links":{"self":[{"href":"https:\/\/diarioavanzada.com.mx\/index.php?rest_route=\/wp\/v2\/posts\/115289","targetHints":{"allow":["GET"]}}],"collection":[{"href":"https:\/\/diarioavanzada.com.mx\/index.php?rest_route=\/wp\/v2\/posts"}],"about":[{"href":"https:\/\/diarioavanzada.com.mx\/index.php?rest_route=\/wp\/v2\/types\/post"}],"author":[{"embeddable":true,"href":"https:\/\/diarioavanzada.com.mx\/index.php?rest_route=\/wp\/v2\/users\/7"}],"replies":[{"embeddable":true,"href":"https:\/\/diarioavanzada.com.mx\/index.php?rest_route=%2Fwp%2Fv2%2Fcomments&post=115289"}],"version-history":[{"count":2,"href":"https:\/\/diarioavanzada.com.mx\/index.php?rest_route=\/wp\/v2\/posts\/115289\/revisions"}],"predecessor-version":[{"id":115291,"href":"https:\/\/diarioavanzada.com.mx\/index.php?rest_route=\/wp\/v2\/posts\/115289\/revisions\/115291"}],"wp:featuredmedia":[{"embeddable":true,"href":"https:\/\/diarioavanzada.com.mx\/index.php?rest_route=\/wp\/v2\/media\/115288"}],"wp:attachment":[{"href":"https:\/\/diarioavanzada.com.mx\/index.php?rest_route=%2Fwp%2Fv2%2Fmedia&parent=115289"}],"wp:term":[{"taxonomy":"category","embeddable":true,"href":"https:\/\/diarioavanzada.com.mx\/index.php?rest_route=%2Fwp%2Fv2%2Fcategories&post=115289"},{"taxonomy":"post_tag","embeddable":true,"href":"https:\/\/diarioavanzada.com.mx\/index.php?rest_route=%2Fwp%2Fv2%2Ftags&post=115289"}],"curies":[{"name":"wp","href":"https:\/\/api.w.org\/{rel}","templated":true}]}}