{"id":115246,"date":"2026-03-02T18:51:10","date_gmt":"2026-03-03T00:51:10","guid":{"rendered":"https:\/\/diarioavanzada.com.mx\/?p=115246"},"modified":"2026-03-02T18:51:14","modified_gmt":"2026-03-03T00:51:14","slug":"arranca-el-registro-en-linea-para-el-ingreso-a-bachilleratos-de-la-udec-ciclo-2026-2027","status":"publish","type":"post","link":"https:\/\/diarioavanzada.com.mx\/?p=115246","title":{"rendered":"Arranca el registro en l\u00ednea para el ingreso a Bachilleratos de la UdeC, ciclo 2026-2027"},"content":{"rendered":"\n<p class=\"wp-block-paragraph\"><em>\u201cEstamos garantizando 5,905 lugares para educaci\u00f3n media superior; eso nos hace la instituci\u00f3n en el estado que m\u00e1s contribuye a la cobertura de este nivel en nuestro estado\u201d: Christian Torres Ortiz, rector.<\/em><\/p>\n\n\n\n<p class=\"wp-block-paragraph\">Colima, M\u00e9xico, Comunicado (02\/03\/2026).- Este lunes, Christian Jorge Torres Ortiz Zerme\u00f1o, rector de la Universidad de Colima, anunci\u00f3 que a partir de este martes 3 de marzo, la casa de estudios lanzar\u00e1 la convocatoria del proceso de admisi\u00f3n a bachillerato en sus modalidades escolarizada, semiescolarizada y en l\u00ednea. \u201cEstamos haciendo un esfuerzo extraordinario, al garantizar 5 mil 905 lugares para educaci\u00f3n media superior, con el fin de que todas y todos los aspirantes puedan tener un lugar en alguno de nuestros bachilleratos\u201d.\u00a0<\/p>\n\n\n\n<p class=\"wp-block-paragraph\">El anuncio lo hizo a trav\u00e9s del programa de radio Rector\u00eda en frecuencia de esta casa de estudios.&nbsp;<\/p>\n\n\n\n<p class=\"wp-block-paragraph\"><strong>UdeC contribuye a la cobertura del nivel superior en el estado<\/strong><\/p>\n\n\n\n<p class=\"wp-block-paragraph\">Christian Torres Ortiz dijo que la convocatoria completa podr\u00e1 descargarse en la p\u00e1gina principal de la instituci\u00f3n: <a href=\"http:\/\/www.ucol.mx\" rel=\"nofollow\">http:\/\/www.ucol.mx<\/a>. \u201cNo olviden revisar bien la convocatoria, ya que los tiempos son fundamentales para poder dar continuidad a un proceso de ingreso a la Universidad de Colima\u201d, sugiri\u00f3.<\/p>\n\n\n\n<p class=\"wp-block-paragraph\">Sobre las ofertas que tiene la Universidad en el nivel medio superior, inform\u00f3 que existen planteles en todo el estado, con un total de 38 bachilleratos, incluyendo el nuevo Bachillerato en L\u00ednea.&nbsp;<\/p>\n\n\n\n<p class=\"wp-block-paragraph\">Con esta infraestructura, el rector destac\u00f3 que, para este nuevo ciclo escolar, la casa de estudios est\u00e1 haciendo un esfuerzo extraordinario: \u201cEstamos garantizando 5,905 lugares para educaci\u00f3n media superior, eso nos hace la instituci\u00f3n en el estado que m\u00e1s contribuye a la cobertura de este nivel en nuestro estado, garantizando que todas y todos los aspirantes a la Universidad tengan un lugar en alguno de nuestros bachilleratos\u201d.<\/p>\n\n\n\n<p class=\"wp-block-paragraph\">Por \u00faltimo, en este tema, record\u00f3 que desde hace unos a\u00f1os, la UdeC no interviene directamente en el resultado del estudiante: \u201cSolo deben acreditar la culminaci\u00f3n de su secundaria, tener un buen promedio y lograr el puntaje necesario en el examen de ingreso que aplica el CENEVAL\u201d.<\/p>\n\n\n\n<p class=\"wp-block-paragraph\">Para m\u00e1s informaci\u00f3n sobre la convocatoria para ingresar al bachillerato, puede escribir al correo de la Direcci\u00f3n General de Educaci\u00f3n Media Superior dgems@ucol.mx o llamar al tel\u00e9fono, 312-31-610-65.<\/p>\n\n\n\n<p class=\"wp-block-paragraph\"><strong>Protocolo para las llamadas de extorsi\u00f3n<\/strong><\/p>\n\n\n\n<p class=\"wp-block-paragraph\">Debido al aumento en las llamadas de extorsi\u00f3n, en particular a la comunidad universitaria, el rector solicit\u00f3 estar atentos y seguir las recomendaciones y pasos que tiene el protocolo de extorsi\u00f3n telef\u00f3nica de la UdeC, el cual se dio a conocer en d\u00edas recientes a trav\u00e9s de las redes sociales y medios institucionales.&nbsp;<\/p>\n\n\n\n<p class=\"wp-block-paragraph\">Al respecto se\u00f1al\u00f3: \u201cDesde el a\u00f1o pasado y especialmente desde que inici\u00f3 el 2026, el tema de las extorsiones telef\u00f3nicas ha sido muy recurrente en planteles y dependencias, por lo que es importante saber qu\u00e9 hacer en estos casos. Para ello, actualizamos nuestro protocolo de extorsi\u00f3n telef\u00f3nica\u201d.&nbsp;<\/p>\n\n\n\n<p class=\"wp-block-paragraph\">El protocolo, explic\u00f3 el rector, tiene seis pasos a seguir: \u201cEs una manera de proteger a nuestra comunidad. Seguramente parte de los contenidos del protocolo podr\u00e1n servir en otros ambientes y contextos para que la gente no sea presa de un intento de extorsi\u00f3n telef\u00f3nica\u201d.<\/p>\n\n\n\n<p class=\"wp-block-paragraph\">\u201cLo primero y m\u00e1s importante que dice es mantener la calma, no entrar en p\u00e1nico. Otra recomendaci\u00f3n es no darle continuidad a la llamada. Una vez que identifiques que la llamada tiene car\u00e1cter de extorsi\u00f3n o si caes en este delito, hay que acudir a la autoridad institucional y hablar al 312-1610-911 que es el n\u00famero telef\u00f3nico de la Direcci\u00f3n de Seguridad y Vigilancia\u201d, recomend\u00f3.<\/p>\n\n\n\n<p class=\"wp-block-paragraph\"><strong>Territorio Loro, Territorio de Paz<\/strong><\/p>\n\n\n\n<p class=\"wp-block-paragraph\">En noticias m\u00e1s agradables, Ortiz Zerme\u00f1o destac\u00f3 que, a pesar de los sucesos acontecidos en d\u00edas recientes en nuestro pa\u00eds y en el estado, \u201cnuestra comunidad no se va a detener; tenemos un compromiso muy grande con los estudiantes, con sus familias, y no nos podemos detener\u201d. En este sentido dijo: \u201cPara no detenernos y contribuir a una cultura de paz, el pr\u00f3ximo martes 10 de marzo, a las 5 de la tarde, en nuestro Estadio Ol\u00edmpico Universitario, vamos a llevar a cabo el segundo evento del proyecto Territorio Loro-Territorio de Paz\u201d.<\/p>\n\n\n\n<p class=\"wp-block-paragraph\">Este evento se llev\u00f3 a cabo el a\u00f1o pasado en el municipio de Manzanillo, en el Polideportivo de San Pedrito, por lo que se espera que, por ser Colima donde hay una mayor matr\u00edcula, asistan m\u00e1s estudiantes y sus familias. \u201cEntre otras cosas, daremos a conocer, sobre todo las familias, los servicios que ofrece la Universidad a sus hijos e hijas. Esto tienen que ver con el tema de construcci\u00f3n de paz\u201d, recalc\u00f3.&nbsp;<\/p>\n\n\n\n<p class=\"wp-block-paragraph\">Un evento al que invit\u00f3 con entusiasmo fue al de \u201cLa Petatera Vibra en Paso Doble\u201d, donde varios grupos art\u00edsticos de la Universidad de Colima, como el Mariachi, la orquesta, el coro y el tenor Felipe Castellanos ofrecer\u00e1n un espect\u00e1culo de primer nivel este viernes 6 de marzo, a las 6 de la tarde. El evento es totalmente gratuito.&nbsp;&nbsp;<\/p>\n\n\n\n<p class=\"wp-block-paragraph\">Antes de concluir la transmisi\u00f3n, invit\u00f3 a toda la comunidad universitaria a participar en el \u201cReto Loro Suma P\u00e1ginas\u201d, que consiste en leer uno o varios libros, con fecha l\u00edmite del 27 de abril, fecha en que dar\u00e1 inicio la Feria Universitaria Libro al Texto 2026. Tambi\u00e9n invit\u00f3 a seguir sumando kil\u00f3metros para seguir fomentando el deporte \u201cinsisto como universitarios y universitarias debemos poner el ejemplo\u201d.<\/p>\n\n\n\n<p class=\"wp-block-paragraph\"><strong>Puestos de vacunaci\u00f3n contra el sarampi\u00f3n en la UdeC<\/strong><\/p>\n\n\n\n<p class=\"wp-block-paragraph\">Antes de finalizar su intervenci\u00f3n, el rector coment\u00f3 que del 3 al 11 de marzo habr\u00e1 puestos de vacunaci\u00f3n en todos los espacios universitarios, por lo que solicit\u00f3 verificar fechas, lugares y horarios en los medios oficiales de la instituci\u00f3n.&nbsp;<\/p>\n\n\n\n<figure class=\"wp-block-image size-large\"><img loading=\"lazy\" decoding=\"async\" width=\"1024\" height=\"683\" src=\"https:\/\/diarioavanzada.com.mx\/wp-content\/uploads\/2026\/03\/Arranca-el-registro-en-linea-para-el-ingreso-a-bachillerato_a-1024x683.jpg\" alt=\"\" class=\"wp-image-115248\" srcset=\"https:\/\/diarioavanzada.com.mx\/wp-content\/uploads\/2026\/03\/Arranca-el-registro-en-linea-para-el-ingreso-a-bachillerato_a-1024x683.jpg 1024w, https:\/\/diarioavanzada.com.mx\/wp-content\/uploads\/2026\/03\/Arranca-el-registro-en-linea-para-el-ingreso-a-bachillerato_a-300x200.jpg 300w, https:\/\/diarioavanzada.com.mx\/wp-content\/uploads\/2026\/03\/Arranca-el-registro-en-linea-para-el-ingreso-a-bachillerato_a-768x512.jpg 768w, https:\/\/diarioavanzada.com.mx\/wp-content\/uploads\/2026\/03\/Arranca-el-registro-en-linea-para-el-ingreso-a-bachillerato_a.jpg 1048w\" sizes=\"auto, (max-width: 1024px) 100vw, 1024px\" \/><\/figure>\n\n\n\n<figure class=\"wp-block-image size-large\"><img loading=\"lazy\" decoding=\"async\" width=\"1024\" height=\"683\" src=\"https:\/\/diarioavanzada.com.mx\/wp-content\/uploads\/2026\/03\/Arranca-el-registro-en-linea-para-el-ingreso-a-bachillerato-1024x683.jpg\" alt=\"\" class=\"wp-image-115250\" srcset=\"https:\/\/diarioavanzada.com.mx\/wp-content\/uploads\/2026\/03\/Arranca-el-registro-en-linea-para-el-ingreso-a-bachillerato-1024x683.jpg 1024w, https:\/\/diarioavanzada.com.mx\/wp-content\/uploads\/2026\/03\/Arranca-el-registro-en-linea-para-el-ingreso-a-bachillerato-300x200.jpg 300w, https:\/\/diarioavanzada.com.mx\/wp-content\/uploads\/2026\/03\/Arranca-el-registro-en-linea-para-el-ingreso-a-bachillerato-768x512.jpg 768w, https:\/\/diarioavanzada.com.mx\/wp-content\/uploads\/2026\/03\/Arranca-el-registro-en-linea-para-el-ingreso-a-bachillerato.jpg 1048w\" sizes=\"auto, (max-width: 1024px) 100vw, 1024px\" \/><\/figure>\n\n\n\n<figure class=\"wp-block-image size-large\"><img loading=\"lazy\" decoding=\"async\" width=\"1024\" height=\"683\" src=\"https:\/\/diarioavanzada.com.mx\/wp-content\/uploads\/2026\/03\/Arranca-el-registro-en-linea-para-el-ingreso-a-bachillerato_c-1024x683.jpg\" alt=\"\" class=\"wp-image-115251\" srcset=\"https:\/\/diarioavanzada.com.mx\/wp-content\/uploads\/2026\/03\/Arranca-el-registro-en-linea-para-el-ingreso-a-bachillerato_c-1024x683.jpg 1024w, https:\/\/diarioavanzada.com.mx\/wp-content\/uploads\/2026\/03\/Arranca-el-registro-en-linea-para-el-ingreso-a-bachillerato_c-300x200.jpg 300w, https:\/\/diarioavanzada.com.mx\/wp-content\/uploads\/2026\/03\/Arranca-el-registro-en-linea-para-el-ingreso-a-bachillerato_c-768x512.jpg 768w, https:\/\/diarioavanzada.com.mx\/wp-content\/uploads\/2026\/03\/Arranca-el-registro-en-linea-para-el-ingreso-a-bachillerato_c.jpg 1048w\" sizes=\"auto, (max-width: 1024px) 100vw, 1024px\" \/><\/figure>\n\n\n\n<figure class=\"wp-block-image size-large\"><img loading=\"lazy\" decoding=\"async\" width=\"1024\" height=\"683\" src=\"https:\/\/diarioavanzada.com.mx\/wp-content\/uploads\/2026\/03\/Arranca-el-registro-en-linea-para-el-ingreso-a-bachillerato_b-1024x683.jpg\" alt=\"\" class=\"wp-image-115253\" srcset=\"https:\/\/diarioavanzada.com.mx\/wp-content\/uploads\/2026\/03\/Arranca-el-registro-en-linea-para-el-ingreso-a-bachillerato_b-1024x683.jpg 1024w, https:\/\/diarioavanzada.com.mx\/wp-content\/uploads\/2026\/03\/Arranca-el-registro-en-linea-para-el-ingreso-a-bachillerato_b-300x200.jpg 300w, https:\/\/diarioavanzada.com.mx\/wp-content\/uploads\/2026\/03\/Arranca-el-registro-en-linea-para-el-ingreso-a-bachillerato_b-768x512.jpg 768w, https:\/\/diarioavanzada.com.mx\/wp-content\/uploads\/2026\/03\/Arranca-el-registro-en-linea-para-el-ingreso-a-bachillerato_b.jpg 1048w\" sizes=\"auto, (max-width: 1024px) 100vw, 1024px\" \/><\/figure>\n\n\n\n<p class=\"wp-block-paragraph\"><\/p>\n<div class=\"fb-background-color\">\n\t\t\t  <div \n\t\t\t  \tclass = \"fb-comments\" \n\t\t\t  \tdata-href = \"https:\/\/diarioavanzada.com.mx\/?p=115246\"\n\t\t\t  \tdata-numposts = \"10\"\n\t\t\t  \tdata-lazy = \"true\"\n\t\t\t\tdata-colorscheme = \"light\"\n\t\t\t\tdata-order-by = \"social\"\n\t\t\t\tdata-mobile=true>\n\t\t\t  <\/div><\/div>\n\t\t  <style>\n\t\t    .fb-background-color {\n\t\t\t\tbackground:  !important;\n\t\t\t}\n\t\t\t.fb_iframe_widget_fluid_desktop iframe {\n\t\t\t    width: 100% !important;\n\t\t\t}\n\t\t  <\/style>\n\t\t  ","protected":false},"excerpt":{"rendered":"<p>\u201cEstamos garantizando 5,905 lugares para educaci\u00f3n media superior; eso nos hace la instituci\u00f3n en el estado que m\u00e1s contribuye a la cobertura de este nivel en nuestro estado\u201d: Christian Torres Ortiz, rector. Colima, M\u00e9xico, Comunicado (02\/03\/2026).- Este lunes, Christian Jorge Torres Ortiz Zerme\u00f1o, rector de la Universidad de Colima, anunci\u00f3 que a partir de este [&hellip;]<\/p>\n","protected":false},"author":7,"featured_media":115255,"comment_status":"closed","ping_status":"closed","sticky":false,"template":"","format":"standard","meta":{"_coblocks_attr":"","_coblocks_dimensions":"","_coblocks_responsive_height":"","_coblocks_accordion_ie_support":"","_crdt_document":"","advanced_seo_description":"","jetpack_seo_html_title":"","jetpack_seo_noindex":false,"_jetpack_memberships_contains_paid_content":false,"footnotes":""},"categories":[19,209,7],"tags":[210],"class_list":["post-115246","post","type-post","status-publish","format-standard","has-post-thumbnail","hentry","category-colima","category-importantes","category-noticias","tag-portada"],"jetpack_featured_media_url":"https:\/\/diarioavanzada.com.mx\/wp-content\/uploads\/2026\/03\/Arranca-el-registro-en-linea-para-el-ingreso-a-bachillerato_d-1.jpg","jetpack-related-posts":[],"jetpack_sharing_enabled":true,"amp_enabled":true,"_links":{"self":[{"href":"https:\/\/diarioavanzada.com.mx\/index.php?rest_route=\/wp\/v2\/posts\/115246","targetHints":{"allow":["GET"]}}],"collection":[{"href":"https:\/\/diarioavanzada.com.mx\/index.php?rest_route=\/wp\/v2\/posts"}],"about":[{"href":"https:\/\/diarioavanzada.com.mx\/index.php?rest_route=\/wp\/v2\/types\/post"}],"author":[{"embeddable":true,"href":"https:\/\/diarioavanzada.com.mx\/index.php?rest_route=\/wp\/v2\/users\/7"}],"replies":[{"embeddable":true,"href":"https:\/\/diarioavanzada.com.mx\/index.php?rest_route=%2Fwp%2Fv2%2Fcomments&post=115246"}],"version-history":[{"count":5,"href":"https:\/\/diarioavanzada.com.mx\/index.php?rest_route=\/wp\/v2\/posts\/115246\/revisions"}],"predecessor-version":[{"id":115257,"href":"https:\/\/diarioavanzada.com.mx\/index.php?rest_route=\/wp\/v2\/posts\/115246\/revisions\/115257"}],"wp:featuredmedia":[{"embeddable":true,"href":"https:\/\/diarioavanzada.com.mx\/index.php?rest_route=\/wp\/v2\/media\/115255"}],"wp:attachment":[{"href":"https:\/\/diarioavanzada.com.mx\/index.php?rest_route=%2Fwp%2Fv2%2Fmedia&parent=115246"}],"wp:term":[{"taxonomy":"category","embeddable":true,"href":"https:\/\/diarioavanzada.com.mx\/index.php?rest_route=%2Fwp%2Fv2%2Fcategories&post=115246"},{"taxonomy":"post_tag","embeddable":true,"href":"https:\/\/diarioavanzada.com.mx\/index.php?rest_route=%2Fwp%2Fv2%2Ftags&post=115246"}],"curies":[{"name":"wp","href":"https:\/\/api.w.org\/{rel}","templated":true}]}}