{"id":115239,"date":"2026-03-02T14:14:40","date_gmt":"2026-03-02T20:14:40","guid":{"rendered":"https:\/\/diarioavanzada.com.mx\/?p=115239"},"modified":"2026-03-02T14:18:30","modified_gmt":"2026-03-02T20:18:30","slug":"el-partido-del-trabajo-rechaza-el-regreso-del-viejo-partido-de-estado","status":"publish","type":"post","link":"https:\/\/diarioavanzada.com.mx\/?p=115239","title":{"rendered":"El Partido del Trabajo rechaza el \u201cregreso del viejo partido de Estado\u201d"},"content":{"rendered":"\n<p class=\"p1 wp-block-paragraph\">M\u00e9xico, Avanzada (02\/03\/2026).- La Comisi\u00f3n Ejecutiva Nacional del Partido del Trabajo (PT) se pronunci\u00f3 a favor de una \u201creforma electoral de avanzada\u201d y asegur\u00f3 que no permitir\u00e1 \u201cninguna regresi\u00f3n que atente contra la democracia en el pa\u00eds\u201d, al tiempo que rechaz\u00f3 que los Centros de Desarrollo Infantil (Cendis) sean utilizados como \u201cmoneda de cambio\u201d contra ese instituto pol\u00edtico.<\/p>\n\n\n\n<p class=\"p1 wp-block-paragraph\">En un posicionamiento fechado el 28 de febrero de 2026 en la Ciudad de M\u00e9xico, el PT sostuvo que los 81 Cendis impulsados por ese partido, ubicados en 15 estados, son instituciones p\u00fablicas cuyos recursos son administrados tanto por el gobierno federal como por los gobiernos estatales.<\/p>\n\n\n\n<p class=\"p1 wp-block-paragraph\">La dirigencia petista descalific\u00f3 lo que calific\u00f3 como una campa\u00f1a de desprestigio en su contra y record\u00f3 que, cuando decidi\u00f3 respaldar la candidatura de Andr\u00e9s Manuel L\u00f3pez Obrador en 2018, fue objeto \u2014afirm\u00f3\u2014 de una \u201cferoz campa\u00f1a medi\u00e1tica\u201d durante el gobierno de Enrique Pe\u00f1a Nieto, en la que se utiliz\u00f3 como argumento el manejo de recursos p\u00fablicos de los Cendis.<\/p>\n\n\n\n<p class=\"p1 wp-block-paragraph\">Seg\u00fan el documento, en su momento un juez determin\u00f3 que no exist\u00eda delito que perseguir y el asunto fue sobrese\u00eddo.<\/p>\n\n\n\n<p class=\"p1 wp-block-paragraph\">El PT tambi\u00e9n hizo referencia a las reformas electorales de 1977 y 1996, al se\u00f1alar que los espacios democr\u00e1ticos conquistados por las izquierdas fueron resultado de \u201cinnumerables luchas, represiones, encarcelamientos y desapariciones\u201d, por lo que \u2014indic\u00f3\u2014 mantendr\u00e1n una postura firme en defensa de la pluralidad pol\u00edtica.<\/p>\n\n\n\n<p class=\"p1 wp-block-paragraph\">En el mismo posicionamiento, el partido rechaz\u00f3 el eventual regreso del \u201cviejo partido de Estado que domin\u00f3 M\u00e9xico de 1929 a 2018\u201d y reiter\u00f3 su respaldo a la Cuarta Transformaci\u00f3n, as\u00ed como a la presidenta Claudia Sheinbaum Pardo.<\/p>\n\n\n\n<p class=\"p1 wp-block-paragraph\">Finalmente, la Comisi\u00f3n Ejecutiva Nacional afirm\u00f3 que su compromiso es \u201cinquebrantable\u201d y reiter\u00f3 que continuar\u00e1 en la defensa de la justicia social, la democracia y el bienestar del pueblo mexicano.<\/p>\n\n\n\n<p class=\"p1 wp-block-paragraph\"><\/p>\n\n\n\n<p class=\"p1 wp-block-paragraph\"><\/p>\n<div class=\"fb-background-color\">\n\t\t\t  <div \n\t\t\t  \tclass = \"fb-comments\" \n\t\t\t  \tdata-href = \"https:\/\/diarioavanzada.com.mx\/?p=115239\"\n\t\t\t  \tdata-numposts = \"10\"\n\t\t\t  \tdata-lazy = \"true\"\n\t\t\t\tdata-colorscheme = \"light\"\n\t\t\t\tdata-order-by = \"social\"\n\t\t\t\tdata-mobile=true>\n\t\t\t  <\/div><\/div>\n\t\t  <style>\n\t\t    .fb-background-color {\n\t\t\t\tbackground:  !important;\n\t\t\t}\n\t\t\t.fb_iframe_widget_fluid_desktop iframe {\n\t\t\t    width: 100% !important;\n\t\t\t}\n\t\t  <\/style>\n\t\t  ","protected":false},"excerpt":{"rendered":"<p>M\u00e9xico, Avanzada (02\/03\/2026).- La Comisi\u00f3n Ejecutiva Nacional del Partido del Trabajo (PT) se pronunci\u00f3 a favor de una \u201creforma electoral de avanzada\u201d y asegur\u00f3 que no permitir\u00e1 \u201cninguna regresi\u00f3n que atente contra la democracia en el pa\u00eds\u201d, al tiempo que rechaz\u00f3 que los Centros de Desarrollo Infantil (Cendis) sean utilizados como \u201cmoneda de cambio\u201d contra [&hellip;]<\/p>\n","protected":false},"author":7,"featured_media":115238,"comment_status":"closed","ping_status":"closed","sticky":false,"template":"","format":"standard","meta":{"_coblocks_attr":"","_coblocks_dimensions":"","_coblocks_responsive_height":"","_coblocks_accordion_ie_support":"","_crdt_document":"","advanced_seo_description":"","jetpack_seo_html_title":"","jetpack_seo_noindex":false,"_jetpack_memberships_contains_paid_content":false,"footnotes":""},"categories":[1,209,22,7,29],"tags":[210],"class_list":["post-115239","post","type-post","status-publish","format-standard","has-post-thumbnail","hentry","category-general","category-importantes","category-nacion","category-noticias","category-sociedad","tag-portada"],"jetpack_featured_media_url":"https:\/\/diarioavanzada.com.mx\/wp-content\/uploads\/2026\/03\/img_8582.jpg","jetpack-related-posts":[],"jetpack_sharing_enabled":true,"amp_enabled":true,"_links":{"self":[{"href":"https:\/\/diarioavanzada.com.mx\/index.php?rest_route=\/wp\/v2\/posts\/115239","targetHints":{"allow":["GET"]}}],"collection":[{"href":"https:\/\/diarioavanzada.com.mx\/index.php?rest_route=\/wp\/v2\/posts"}],"about":[{"href":"https:\/\/diarioavanzada.com.mx\/index.php?rest_route=\/wp\/v2\/types\/post"}],"author":[{"embeddable":true,"href":"https:\/\/diarioavanzada.com.mx\/index.php?rest_route=\/wp\/v2\/users\/7"}],"replies":[{"embeddable":true,"href":"https:\/\/diarioavanzada.com.mx\/index.php?rest_route=%2Fwp%2Fv2%2Fcomments&post=115239"}],"version-history":[{"count":1,"href":"https:\/\/diarioavanzada.com.mx\/index.php?rest_route=\/wp\/v2\/posts\/115239\/revisions"}],"predecessor-version":[{"id":115240,"href":"https:\/\/diarioavanzada.com.mx\/index.php?rest_route=\/wp\/v2\/posts\/115239\/revisions\/115240"}],"wp:featuredmedia":[{"embeddable":true,"href":"https:\/\/diarioavanzada.com.mx\/index.php?rest_route=\/wp\/v2\/media\/115238"}],"wp:attachment":[{"href":"https:\/\/diarioavanzada.com.mx\/index.php?rest_route=%2Fwp%2Fv2%2Fmedia&parent=115239"}],"wp:term":[{"taxonomy":"category","embeddable":true,"href":"https:\/\/diarioavanzada.com.mx\/index.php?rest_route=%2Fwp%2Fv2%2Fcategories&post=115239"},{"taxonomy":"post_tag","embeddable":true,"href":"https:\/\/diarioavanzada.com.mx\/index.php?rest_route=%2Fwp%2Fv2%2Ftags&post=115239"}],"curies":[{"name":"wp","href":"https:\/\/api.w.org\/{rel}","templated":true}]}}