{"id":115232,"date":"2026-03-02T12:20:07","date_gmt":"2026-03-02T18:20:07","guid":{"rendered":"https:\/\/diarioavanzada.com.mx\/?p=115232"},"modified":"2026-03-02T12:20:07","modified_gmt":"2026-03-02T18:20:07","slug":"cardenal-denuncia-que-municipios-de-jalisco-pagan-cuota-al-crimen-organizado","status":"publish","type":"post","link":"https:\/\/diarioavanzada.com.mx\/?p=115232","title":{"rendered":"Cardenal denuncia que municipios de Jalisco pagan cuota al crimen organizado"},"content":{"rendered":"\n<p class=\"wp-block-paragraph\">Jalisco, M\u00e9xico, Avanzada (02\/03\/2026).- El cardenal arzobispo de Guadalajara, Jos\u00e9 Francisco Robles Ortega, denunci\u00f3 que algunos municipios de Jalisco estar\u00edan pagando cuotas al crimen organizado, una situaci\u00f3n que, dijo, le ha sido compartida directamente por presidentes municipales y que ha hecho del conocimiento de autoridades federales.<\/p>\n\n\n\n<p class=\"p1 wp-block-paragraph\">Al referirse al caso del sacerdote Jos\u00e9 Dolores Aguayo Gonz\u00e1lez, conocido como padre Lolo, quien envi\u00f3 cartas a una jueza en Estados Unidos para interceder por Rub\u00e9n Oseguera Gonz\u00e1lez en su proceso judicial en ese pa\u00eds, el cardenal consider\u00f3 que el presb\u00edtero actu\u00f3 con imprudencia, pero descart\u00f3 que se encuentre suspendido de sus funciones.<\/p>\n\n\n\n<p class=\"p1 wp-block-paragraph\">\u201cQuiso actuar de buena voluntad, porque como decimos en el argot, la reg\u00f3\u201d, expres\u00f3 el jerarca cat\u00f3lico, al tiempo que llam\u00f3 a no reducir la discusi\u00f3n a la actuaci\u00f3n individual del sacerdote, sino a ampliar la mirada sobre la problem\u00e1tica de violencia e infiltraci\u00f3n criminal en el estado.<\/p>\n\n\n\n<p class=\"p1 wp-block-paragraph\">Robles Ortega sostuvo que el tema es \u201cmucho m\u00e1s complejo y mucho m\u00e1s amplio\u201d que la \u201cimprudencia o inexperiencia de un sacerdote\u201d y asegur\u00f3 que, sin necesidad de realizar investigaciones formales, ha recibido testimonios de alcaldes sobre el pago de cuotas. \u201cAhora se ve que ellos le daban algunos municipios, pero no se dice lo que recib\u00edan de otros municipios, de la cuota. Y eso lo he dicho en los medios y se lo he dicho a autoridades federales\u201d, afirm\u00f3.<\/p>\n\n\n\n<p class=\"p1 wp-block-paragraph\">El cardenal tambi\u00e9n pidi\u00f3 visibilizar otras expresiones de la violencia que afectan a la poblaci\u00f3n, como los retenes ilegales y las extorsiones a peque\u00f1os comercios y empresas. \u201cAbramos el horizonte, d\u00e9monos cuenta de que hay que dar respuesta a todas las madres buscadoras, hay que dar cuenta a las personas de todos los retenes que tiene mucha gente que pasar, a todas las cuotas que tienen que pagar en su peque\u00f1o comercio, en su peque\u00f1a empresa\u201d, enfatiz\u00f3.<\/p>\n\n\n\n<p class=\"p1 wp-block-paragraph\">Las declaraciones se dan en un contexto de creciente preocupaci\u00f3n por la presencia del crimen organizado en distintas regiones del pa\u00eds y por los v\u00ednculos o presiones que enfrentan autoridades locales frente a estos grupos.<\/p>\n<div class=\"fb-background-color\">\n\t\t\t  <div \n\t\t\t  \tclass = \"fb-comments\" \n\t\t\t  \tdata-href = \"https:\/\/diarioavanzada.com.mx\/?p=115232\"\n\t\t\t  \tdata-numposts = \"10\"\n\t\t\t  \tdata-lazy = \"true\"\n\t\t\t\tdata-colorscheme = \"light\"\n\t\t\t\tdata-order-by = \"social\"\n\t\t\t\tdata-mobile=true>\n\t\t\t  <\/div><\/div>\n\t\t  <style>\n\t\t    .fb-background-color {\n\t\t\t\tbackground:  !important;\n\t\t\t}\n\t\t\t.fb_iframe_widget_fluid_desktop iframe {\n\t\t\t    width: 100% !important;\n\t\t\t}\n\t\t  <\/style>\n\t\t  ","protected":false},"excerpt":{"rendered":"<p>Jalisco, M\u00e9xico, Avanzada (02\/03\/2026).- El cardenal arzobispo de Guadalajara, Jos\u00e9 Francisco Robles Ortega, denunci\u00f3 que algunos municipios de Jalisco estar\u00edan pagando cuotas al crimen organizado, una situaci\u00f3n que, dijo, le ha sido compartida directamente por presidentes municipales y que ha hecho del conocimiento de autoridades federales. Al referirse al caso del sacerdote Jos\u00e9 Dolores Aguayo [&hellip;]<\/p>\n","protected":false},"author":7,"featured_media":115231,"comment_status":"closed","ping_status":"closed","sticky":false,"template":"","format":"standard","meta":{"_coblocks_attr":"","_coblocks_dimensions":"","_coblocks_responsive_height":"","_coblocks_accordion_ie_support":"","_crdt_document":"","advanced_seo_description":"","jetpack_seo_html_title":"","jetpack_seo_noindex":false,"_jetpack_memberships_contains_paid_content":false,"footnotes":""},"categories":[1,209,353,22,7,231,29],"tags":[210],"class_list":["post-115232","post","type-post","status-publish","format-standard","has-post-thumbnail","hentry","category-general","category-importantes","category-jalisco","category-nacion","category-noticias","category-seguridad","category-sociedad","tag-portada"],"jetpack_featured_media_url":"https:\/\/diarioavanzada.com.mx\/wp-content\/uploads\/2026\/03\/img_1499.jpg","jetpack-related-posts":[],"jetpack_sharing_enabled":true,"amp_enabled":true,"_links":{"self":[{"href":"https:\/\/diarioavanzada.com.mx\/index.php?rest_route=\/wp\/v2\/posts\/115232","targetHints":{"allow":["GET"]}}],"collection":[{"href":"https:\/\/diarioavanzada.com.mx\/index.php?rest_route=\/wp\/v2\/posts"}],"about":[{"href":"https:\/\/diarioavanzada.com.mx\/index.php?rest_route=\/wp\/v2\/types\/post"}],"author":[{"embeddable":true,"href":"https:\/\/diarioavanzada.com.mx\/index.php?rest_route=\/wp\/v2\/users\/7"}],"replies":[{"embeddable":true,"href":"https:\/\/diarioavanzada.com.mx\/index.php?rest_route=%2Fwp%2Fv2%2Fcomments&post=115232"}],"version-history":[{"count":0,"href":"https:\/\/diarioavanzada.com.mx\/index.php?rest_route=\/wp\/v2\/posts\/115232\/revisions"}],"wp:featuredmedia":[{"embeddable":true,"href":"https:\/\/diarioavanzada.com.mx\/index.php?rest_route=\/wp\/v2\/media\/115231"}],"wp:attachment":[{"href":"https:\/\/diarioavanzada.com.mx\/index.php?rest_route=%2Fwp%2Fv2%2Fmedia&parent=115232"}],"wp:term":[{"taxonomy":"category","embeddable":true,"href":"https:\/\/diarioavanzada.com.mx\/index.php?rest_route=%2Fwp%2Fv2%2Fcategories&post=115232"},{"taxonomy":"post_tag","embeddable":true,"href":"https:\/\/diarioavanzada.com.mx\/index.php?rest_route=%2Fwp%2Fv2%2Ftags&post=115232"}],"curies":[{"name":"wp","href":"https:\/\/api.w.org\/{rel}","templated":true}]}}