{"id":115230,"date":"2026-03-02T11:33:01","date_gmt":"2026-03-02T17:33:01","guid":{"rendered":"https:\/\/diarioavanzada.com.mx\/?p=115230"},"modified":"2026-03-02T11:33:01","modified_gmt":"2026-03-02T17:33:01","slug":"anuncian-proximos-cierres-nocturnos-en-la-autopista-colima-manzanillo","status":"publish","type":"post","link":"https:\/\/diarioavanzada.com.mx\/?p=115230","title":{"rendered":"Anuncian pr\u00f3ximos cierres nocturnos en la autopista Colima\u2013Manzanillo"},"content":{"rendered":"\n<p class=\"p1 wp-block-paragraph\">Colima, M\u00e9xico, Avanzada (02\/03\/2026).- La Secretar\u00eda de Infraestructura, Desarrollo Urbano y Movilidad inform\u00f3 que realizar\u00e1 trabajos nocturnos de alta precisi\u00f3n en la autopista Colima\u2013Manzanillo, espec\u00edficamente en la zona conocida como La Salada, a la altura del kil\u00f3metro 20+400, donde se efectuar\u00e1n cortes controlados.<\/p>\n\n\n\n<p class=\"p1 wp-block-paragraph\">De acuerdo con la dependencia, habr\u00e1 cierre total a la circulaci\u00f3n en ambos sentidos del kil\u00f3metro 15 al 25 los d\u00edas 9, 16 y 23 de marzo, en un horario de 00:00 a 05:00 horas.<\/p>\n\n\n\n<p class=\"p1 wp-block-paragraph\">Durante el periodo de restricci\u00f3n no se permitir\u00e1 el tr\u00e1nsito de veh\u00edculos pesados. Asimismo, se exhort\u00f3 a los conductores a programar sus traslados fuera del horario establecido para evitar contratiempos.<\/p>\n\n\n\n<p class=\"p1 wp-block-paragraph\">Como v\u00eda alterna, los veh\u00edculos ligeros podr\u00e1n utilizar la carretera libre en el tramo entre Colima y Armer\u00eda.<\/p>\n\n\n\n<p class=\"p1 wp-block-paragraph\">La autoridad estatal pidi\u00f3 a la poblaci\u00f3n tomar previsiones y mantenerse atenta a la informaci\u00f3n oficial sobre el desarrollo de estos trabajos.<\/p>\n<div class=\"fb-background-color\">\n\t\t\t  <div \n\t\t\t  \tclass = \"fb-comments\" \n\t\t\t  \tdata-href = \"https:\/\/diarioavanzada.com.mx\/?p=115230\"\n\t\t\t  \tdata-numposts = \"10\"\n\t\t\t  \tdata-lazy = \"true\"\n\t\t\t\tdata-colorscheme = \"light\"\n\t\t\t\tdata-order-by = \"social\"\n\t\t\t\tdata-mobile=true>\n\t\t\t  <\/div><\/div>\n\t\t  <style>\n\t\t    .fb-background-color {\n\t\t\t\tbackground:  !important;\n\t\t\t}\n\t\t\t.fb_iframe_widget_fluid_desktop iframe {\n\t\t\t    width: 100% !important;\n\t\t\t}\n\t\t  <\/style>\n\t\t  ","protected":false},"excerpt":{"rendered":"<p>Colima, M\u00e9xico, Avanzada (02\/03\/2026).- La Secretar\u00eda de Infraestructura, Desarrollo Urbano y Movilidad inform\u00f3 que realizar\u00e1 trabajos nocturnos de alta precisi\u00f3n en la autopista Colima\u2013Manzanillo, espec\u00edficamente en la zona conocida como La Salada, a la altura del kil\u00f3metro 20+400, donde se efectuar\u00e1n cortes controlados. De acuerdo con la dependencia, habr\u00e1 cierre total a la circulaci\u00f3n en [&hellip;]<\/p>\n","protected":false},"author":7,"featured_media":115229,"comment_status":"closed","ping_status":"closed","sticky":false,"template":"","format":"standard","meta":{"_coblocks_attr":"","_coblocks_dimensions":"","_coblocks_responsive_height":"","_coblocks_accordion_ie_support":"","_crdt_document":"","advanced_seo_description":"","jetpack_seo_html_title":"","jetpack_seo_noindex":false,"_jetpack_memberships_contains_paid_content":false,"footnotes":""},"categories":[19,1,209,7,29],"tags":[210],"class_list":["post-115230","post","type-post","status-publish","format-standard","has-post-thumbnail","hentry","category-colima","category-general","category-importantes","category-noticias","category-sociedad","tag-portada"],"jetpack_featured_media_url":"https:\/\/diarioavanzada.com.mx\/wp-content\/uploads\/2026\/03\/img_8574.jpg","jetpack-related-posts":[],"jetpack_sharing_enabled":true,"amp_enabled":true,"_links":{"self":[{"href":"https:\/\/diarioavanzada.com.mx\/index.php?rest_route=\/wp\/v2\/posts\/115230","targetHints":{"allow":["GET"]}}],"collection":[{"href":"https:\/\/diarioavanzada.com.mx\/index.php?rest_route=\/wp\/v2\/posts"}],"about":[{"href":"https:\/\/diarioavanzada.com.mx\/index.php?rest_route=\/wp\/v2\/types\/post"}],"author":[{"embeddable":true,"href":"https:\/\/diarioavanzada.com.mx\/index.php?rest_route=\/wp\/v2\/users\/7"}],"replies":[{"embeddable":true,"href":"https:\/\/diarioavanzada.com.mx\/index.php?rest_route=%2Fwp%2Fv2%2Fcomments&post=115230"}],"version-history":[{"count":0,"href":"https:\/\/diarioavanzada.com.mx\/index.php?rest_route=\/wp\/v2\/posts\/115230\/revisions"}],"wp:featuredmedia":[{"embeddable":true,"href":"https:\/\/diarioavanzada.com.mx\/index.php?rest_route=\/wp\/v2\/media\/115229"}],"wp:attachment":[{"href":"https:\/\/diarioavanzada.com.mx\/index.php?rest_route=%2Fwp%2Fv2%2Fmedia&parent=115230"}],"wp:term":[{"taxonomy":"category","embeddable":true,"href":"https:\/\/diarioavanzada.com.mx\/index.php?rest_route=%2Fwp%2Fv2%2Fcategories&post=115230"},{"taxonomy":"post_tag","embeddable":true,"href":"https:\/\/diarioavanzada.com.mx\/index.php?rest_route=%2Fwp%2Fv2%2Ftags&post=115230"}],"curies":[{"name":"wp","href":"https:\/\/api.w.org\/{rel}","templated":true}]}}