{"id":115210,"date":"2026-03-02T08:49:36","date_gmt":"2026-03-02T14:49:36","guid":{"rendered":"https:\/\/diarioavanzada.com.mx\/?p=115210"},"modified":"2026-03-02T08:53:12","modified_gmt":"2026-03-02T14:53:12","slug":"detienen-en-michoacan-a-presunto-implicado-en-atentado-contra-alcalde-de-uruapan","status":"publish","type":"post","link":"https:\/\/diarioavanzada.com.mx\/?p=115210","title":{"rendered":"Detienen en Michoac\u00e1n a presunto implicado en atentado contra alcalde de Uruapan"},"content":{"rendered":"\n<p class=\"p1 wp-block-paragraph\">M\u00e9xico, Avanzada (02\/03\/2026).- El secretario de Seguridad y Protecci\u00f3n Ciudadana, Omar Garc\u00eda Harfuch, inform\u00f3 que durante la madrugada de este d\u00eda fue detenido en Michoac\u00e1n Gerardo \u201cN\u201d, alias \u201cEl Congo\u201d, se\u00f1alado como integrante de la c\u00e9lula delictiva que atent\u00f3 contra el presidente municipal de Uruapan, Carlos Manzo.<\/p>\n\n\n\n<p class=\"p3 wp-block-paragraph\">De acuerdo con el funcionario federal, la captura se realiz\u00f3 en una operaci\u00f3n encabezada por la Fiscal\u00eda General del Estado de Michoac\u00e1n, en coordinaci\u00f3n con la Secretar\u00eda de la Defensa Nacional, la Secretar\u00eda de Marina, la Secretar\u00eda de Seguridad y Protecci\u00f3n Ciudadana, la Guardia Nacional y la Secretar\u00eda de Seguridad P\u00fablica de Michoac\u00e1n.<\/p>\n\n\n\n<p class=\"p1 wp-block-paragraph\">Seg\u00fan las autoridades, Gerardo \u201cN\u201d es identificado como integrante de un grupo criminal con presencia en Uruapan, donde presuntamente particip\u00f3 en el atentado contra el alcalde. Adem\u00e1s, se le vincula con la extorsi\u00f3n a productores de aguacate y lim\u00f3n, as\u00ed como con agresiones a grupos rivales y diversos homicidios en la regi\u00f3n.<\/p>\n\n\n\n<p class=\"p1 wp-block-paragraph\">Las investigaciones se\u00f1alan que \u201cEl Congo\u201d operaba bajo las \u00f3rdenes de Jorge Armando \u201cN\u201d, alias \u201cEl Licenciado\u201d, quien fue detenido en noviembre de 2025.<\/p>\n\n\n\n<p class=\"p1 wp-block-paragraph\">El secretario Garc\u00eda Harfuch indic\u00f3 que las indagatorias contin\u00faan con el objetivo de capturar a todos los responsables relacionados con estos hechos y desarticular por completo la c\u00e9lula delictiva que opera en esa zona del estado.<\/p>\n<div class=\"fb-background-color\">\n\t\t\t  <div \n\t\t\t  \tclass = \"fb-comments\" \n\t\t\t  \tdata-href = \"https:\/\/diarioavanzada.com.mx\/?p=115210\"\n\t\t\t  \tdata-numposts = \"10\"\n\t\t\t  \tdata-lazy = \"true\"\n\t\t\t\tdata-colorscheme = \"light\"\n\t\t\t\tdata-order-by = \"social\"\n\t\t\t\tdata-mobile=true>\n\t\t\t  <\/div><\/div>\n\t\t  <style>\n\t\t    .fb-background-color {\n\t\t\t\tbackground:  !important;\n\t\t\t}\n\t\t\t.fb_iframe_widget_fluid_desktop iframe {\n\t\t\t    width: 100% !important;\n\t\t\t}\n\t\t  <\/style>\n\t\t  ","protected":false},"excerpt":{"rendered":"<p>M\u00e9xico, Avanzada (02\/03\/2026).- El secretario de Seguridad y Protecci\u00f3n Ciudadana, Omar Garc\u00eda Harfuch, inform\u00f3 que durante la madrugada de este d\u00eda fue detenido en Michoac\u00e1n Gerardo \u201cN\u201d, alias \u201cEl Congo\u201d, se\u00f1alado como integrante de la c\u00e9lula delictiva que atent\u00f3 contra el presidente municipal de Uruapan, Carlos Manzo. De acuerdo con el funcionario federal, la captura [&hellip;]<\/p>\n","protected":false},"author":7,"featured_media":115211,"comment_status":"closed","ping_status":"closed","sticky":false,"template":"","format":"standard","meta":{"_coblocks_attr":"","_coblocks_dimensions":"","_coblocks_responsive_height":"","_coblocks_accordion_ie_support":"","_crdt_document":"","advanced_seo_description":"","jetpack_seo_html_title":"","jetpack_seo_noindex":false,"_jetpack_memberships_contains_paid_content":false,"footnotes":""},"categories":[1,209,7,231,29],"tags":[],"class_list":["post-115210","post","type-post","status-publish","format-standard","has-post-thumbnail","hentry","category-general","category-importantes","category-noticias","category-seguridad","category-sociedad"],"jetpack_featured_media_url":"https:\/\/diarioavanzada.com.mx\/wp-content\/uploads\/2026\/03\/img_8684.jpg","jetpack-related-posts":[],"jetpack_sharing_enabled":true,"amp_enabled":true,"_links":{"self":[{"href":"https:\/\/diarioavanzada.com.mx\/index.php?rest_route=\/wp\/v2\/posts\/115210","targetHints":{"allow":["GET"]}}],"collection":[{"href":"https:\/\/diarioavanzada.com.mx\/index.php?rest_route=\/wp\/v2\/posts"}],"about":[{"href":"https:\/\/diarioavanzada.com.mx\/index.php?rest_route=\/wp\/v2\/types\/post"}],"author":[{"embeddable":true,"href":"https:\/\/diarioavanzada.com.mx\/index.php?rest_route=\/wp\/v2\/users\/7"}],"replies":[{"embeddable":true,"href":"https:\/\/diarioavanzada.com.mx\/index.php?rest_route=%2Fwp%2Fv2%2Fcomments&post=115210"}],"version-history":[{"count":1,"href":"https:\/\/diarioavanzada.com.mx\/index.php?rest_route=\/wp\/v2\/posts\/115210\/revisions"}],"predecessor-version":[{"id":115212,"href":"https:\/\/diarioavanzada.com.mx\/index.php?rest_route=\/wp\/v2\/posts\/115210\/revisions\/115212"}],"wp:featuredmedia":[{"embeddable":true,"href":"https:\/\/diarioavanzada.com.mx\/index.php?rest_route=\/wp\/v2\/media\/115211"}],"wp:attachment":[{"href":"https:\/\/diarioavanzada.com.mx\/index.php?rest_route=%2Fwp%2Fv2%2Fmedia&parent=115210"}],"wp:term":[{"taxonomy":"category","embeddable":true,"href":"https:\/\/diarioavanzada.com.mx\/index.php?rest_route=%2Fwp%2Fv2%2Fcategories&post=115210"},{"taxonomy":"post_tag","embeddable":true,"href":"https:\/\/diarioavanzada.com.mx\/index.php?rest_route=%2Fwp%2Fv2%2Ftags&post=115210"}],"curies":[{"name":"wp","href":"https:\/\/api.w.org\/{rel}","templated":true}]}}