{"id":11514,"date":"2020-03-26T11:19:11","date_gmt":"2020-03-26T16:19:11","guid":{"rendered":"https:\/\/diarioavanzada.com.mx\/?p=11514"},"modified":"2020-03-26T11:19:12","modified_gmt":"2020-03-26T16:19:12","slug":"el-172-mil-trabajadores-en-colima-sufren-pobreza-laboral","status":"publish","type":"post","link":"https:\/\/diarioavanzada.com.mx\/?p=11514","title":{"rendered":"El 172 mil trabajadores en Colima sufren pobreza laboral"},"content":{"rendered":"\n<p class=\"wp-block-paragraph\">Colima, M\u00e9xico, Avanzada (26\/03\/2020).- En Colima, el 23 por ciento de la poblaci\u00f3n registra un ingreso laboral inferior al costo de la canasta b\u00e1sica, seg\u00fan la medici\u00f3n realizada por el Consejo Nacional de Evaluaci\u00f3n (Coneval), durante el cuarto trimestre de 2019.<\/p>\n\n\n\n<p class=\"wp-block-paragraph\">Lo anterior significa que ese porcentaje de trabajadores reciben un salario insuficiente para satisfacer sus demandas de alimentaci\u00f3n,&nbsp;es decir, que el pago de su jornada es inferior al salario m\u00ednimo.<\/p>\n\n\n\n<p class=\"wp-block-paragraph\">El Coneval report\u00f3&nbsp;que en el cuarto trimestre de 2019, el ingreso laboral promedio de la poblaci\u00f3n ocupada a nivel nacional fue de 4 mil 176 pesos con 25 centavos al mes.<\/p>\n\n\n\n<p class=\"wp-block-paragraph\">Incluso, el mismo Consejo muestra la desigualdad salarial que existe entre los hombres y mujeres, pues los varones ocupados reportaron un ingreso laboral mensual de 4 mil 590 pesos con 17 centavos y las mujeres, 3 mil 548 pesos con 63 centavos<\/p>\n\n\n\n<p class=\"wp-block-paragraph\">En tanto, el ingreso mensual promedio en los municipios con poblaci\u00f3n ind\u00edgena fue de mil 966 pesos al mes, menos de 400 pesos semanales. En el cuarto trimestre de este a\u00f1o, el ingreso para este sector de la poblaci\u00f3n increment\u00f3 40 pesos en comparaci\u00f3n con el trimestre anterior.<\/p>\n\n\n\n<p class=\"wp-block-paragraph\">Otro de los datos que destacan en el informe es que el ingreso laboral real aument\u00f3 1.4 por ciento entre el tercer y cuarto trimestre de 2019. Lo anterior disminuy\u00f3 la pobreza laboral, de 38.5 por ciento a 37.3 por ciento. Para el Coneval, la pobreza laboral se presentan cuando la poblaci\u00f3n tiene una actividad econ\u00f3mica pero la remuneraci\u00f3n que recibe por ella es insuficiente para adquirir la canasta b\u00e1sica.<\/p>\n<div class=\"fb-background-color\">\n\t\t\t  <div \n\t\t\t  \tclass = \"fb-comments\" \n\t\t\t  \tdata-href = \"https:\/\/diarioavanzada.com.mx\/?p=11514\"\n\t\t\t  \tdata-numposts = \"10\"\n\t\t\t  \tdata-lazy = \"true\"\n\t\t\t\tdata-colorscheme = \"light\"\n\t\t\t\tdata-order-by = \"social\"\n\t\t\t\tdata-mobile=true>\n\t\t\t  <\/div><\/div>\n\t\t  <style>\n\t\t    .fb-background-color {\n\t\t\t\tbackground:  !important;\n\t\t\t}\n\t\t\t.fb_iframe_widget_fluid_desktop iframe {\n\t\t\t    width: 100% !important;\n\t\t\t}\n\t\t  <\/style>\n\t\t  ","protected":false},"excerpt":{"rendered":"<p>Colima, M\u00e9xico, Avanzada (26\/03\/2020).- En Colima, el 23 por ciento de la poblaci\u00f3n registra un ingreso laboral inferior al costo de la canasta b\u00e1sica, seg\u00fan la medici\u00f3n realizada por el Consejo Nacional de Evaluaci\u00f3n (Coneval), durante el cuarto trimestre de 2019. Lo anterior significa que ese porcentaje de trabajadores reciben un salario insuficiente para satisfacer [&hellip;]<\/p>\n","protected":false},"author":5,"featured_media":11258,"comment_status":"closed","ping_status":"closed","sticky":false,"template":"","format":"standard","meta":{"_coblocks_attr":"","_coblocks_dimensions":"","_coblocks_responsive_height":"","_coblocks_accordion_ie_support":"","_crdt_document":"","advanced_seo_description":"","jetpack_seo_html_title":"","jetpack_seo_noindex":false,"_jetpack_memberships_contains_paid_content":false,"footnotes":""},"categories":[19],"tags":[210],"class_list":["post-11514","post","type-post","status-publish","format-standard","has-post-thumbnail","hentry","category-colima","tag-portada"],"jetpack_featured_media_url":"https:\/\/diarioavanzada.com.mx\/wp-content\/uploads\/2020\/03\/Colima-tierra-de-pobres.png","jetpack-related-posts":[],"jetpack_sharing_enabled":true,"amp_enabled":true,"_links":{"self":[{"href":"https:\/\/diarioavanzada.com.mx\/index.php?rest_route=\/wp\/v2\/posts\/11514","targetHints":{"allow":["GET"]}}],"collection":[{"href":"https:\/\/diarioavanzada.com.mx\/index.php?rest_route=\/wp\/v2\/posts"}],"about":[{"href":"https:\/\/diarioavanzada.com.mx\/index.php?rest_route=\/wp\/v2\/types\/post"}],"author":[{"embeddable":true,"href":"https:\/\/diarioavanzada.com.mx\/index.php?rest_route=\/wp\/v2\/users\/5"}],"replies":[{"embeddable":true,"href":"https:\/\/diarioavanzada.com.mx\/index.php?rest_route=%2Fwp%2Fv2%2Fcomments&post=11514"}],"version-history":[{"count":0,"href":"https:\/\/diarioavanzada.com.mx\/index.php?rest_route=\/wp\/v2\/posts\/11514\/revisions"}],"wp:featuredmedia":[{"embeddable":true,"href":"https:\/\/diarioavanzada.com.mx\/index.php?rest_route=\/wp\/v2\/media\/11258"}],"wp:attachment":[{"href":"https:\/\/diarioavanzada.com.mx\/index.php?rest_route=%2Fwp%2Fv2%2Fmedia&parent=11514"}],"wp:term":[{"taxonomy":"category","embeddable":true,"href":"https:\/\/diarioavanzada.com.mx\/index.php?rest_route=%2Fwp%2Fv2%2Fcategories&post=11514"},{"taxonomy":"post_tag","embeddable":true,"href":"https:\/\/diarioavanzada.com.mx\/index.php?rest_route=%2Fwp%2Fv2%2Ftags&post=11514"}],"curies":[{"name":"wp","href":"https:\/\/api.w.org\/{rel}","templated":true}]}}