{"id":11493,"date":"2020-03-25T11:39:30","date_gmt":"2020-03-25T16:39:30","guid":{"rendered":"https:\/\/diarioavanzada.com.mx\/?p=11493"},"modified":"2020-03-25T11:39:31","modified_gmt":"2020-03-25T16:39:31","slug":"tortilleros-de-colima-se-solidarizan-y-no-incrementaran-su-costo","status":"publish","type":"post","link":"https:\/\/diarioavanzada.com.mx\/?p=11493","title":{"rendered":"Tortilleros de Colima se solidarizan y no incrementar\u00e1n su costo"},"content":{"rendered":"\n<p class=\"wp-block-paragraph\">Colima, M\u00e9xico, Avanzada (25\/03\/2020).- Los Industriales de la Masa y la Tortilla en Colima descartaron un aumento de dos pesos al kilo de este producto como se anunci\u00f3 a nivel nacional.<\/p>\n\n\n\n<p class=\"wp-block-paragraph\">Indicaron que en Colima no se sumar\u00e1n al incremento propuesto por otros industriales, como una forma de solidarizarse con la econom\u00eda de las personas que est\u00e1n afectadas por la disminuci\u00f3n de sus ingresos econ\u00f3micos a partir de la declaratoria de emergencia por el Coronavirus.<\/p>\n\n\n\n<p class=\"wp-block-paragraph\">El presidente de la Asociaci\u00f3n de Industriales de la Masa y la Tortilla, Jos\u00e9 Manuel Toscano Mar\u00edn, dijo que el precio de ma\u00edz se ha incrementado dr\u00e1sticamente, pues de una semana a otra aument\u00f3 500 pesos, \u201cpese a ello, no tenemos contemplado aumentar el kilo de tortilla por el momento y vamos a soportar la contingencia con el precio actual\u201d.<\/p>\n\n\n\n<p class=\"wp-block-paragraph\">De igual forma, refiri\u00f3 que las tortiller\u00edas no cerrar\u00e1n pues este producto es uno de los insumos b\u00e1sicos dentro de la gastronom\u00eda mexicana, sin embargo, se sujetar\u00e1n a todas la medidas sanitarias establecidas por la Secretar\u00eda de Salud, entre ellas, la sana distancia y la mayor\u00eda de ocasiones estar\u00e1n trabajando s\u00f3lo a trav\u00e9s de pedidos.<\/p>\n\n\n\n<p class=\"wp-block-paragraph\">El presidente de los tortilleros refiri\u00f3 que as\u00ed como su gremio estar\u00e1 solidariz\u00e1ndose con la poblaci\u00f3n, esperan que los gobiernos: estatal y federal, hagan lo propio y les condonen o aplacen los pagos de ciertos impuestos y permisos.<\/p>\n\n\n\n<p class=\"wp-block-paragraph\">\u201cNo hemos cerrado, pero s\u00f3lo estamos trabajando al 50 por ciento de nuestra capacidad y eso traer afectaciones econ\u00f3micas. Estamos preservando los sueldos de nuestros empleados, pero necesitamos el apoyo del gobierno para aplazar o condonar los pagos que tenemos que hacer\u201d, concluy\u00f3.&nbsp;<\/p>\n<div class=\"fb-background-color\">\n\t\t\t  <div \n\t\t\t  \tclass = \"fb-comments\" \n\t\t\t  \tdata-href = \"https:\/\/diarioavanzada.com.mx\/?p=11493\"\n\t\t\t  \tdata-numposts = \"10\"\n\t\t\t  \tdata-lazy = \"true\"\n\t\t\t\tdata-colorscheme = \"light\"\n\t\t\t\tdata-order-by = \"social\"\n\t\t\t\tdata-mobile=true>\n\t\t\t  <\/div><\/div>\n\t\t  <style>\n\t\t    .fb-background-color {\n\t\t\t\tbackground:  !important;\n\t\t\t}\n\t\t\t.fb_iframe_widget_fluid_desktop iframe {\n\t\t\t    width: 100% !important;\n\t\t\t}\n\t\t  <\/style>\n\t\t  ","protected":false},"excerpt":{"rendered":"<p>Colima, M\u00e9xico, Avanzada (25\/03\/2020).- Los Industriales de la Masa y la Tortilla en Colima descartaron un aumento de dos pesos al kilo de este producto como se anunci\u00f3 a nivel nacional. Indicaron que en Colima no se sumar\u00e1n al incremento propuesto por otros industriales, como una forma de solidarizarse con la econom\u00eda de las personas [&hellip;]<\/p>\n","protected":false},"author":5,"featured_media":11495,"comment_status":"closed","ping_status":"closed","sticky":false,"template":"","format":"standard","meta":{"_coblocks_attr":"","_coblocks_dimensions":"","_coblocks_responsive_height":"","_coblocks_accordion_ie_support":"","advanced_seo_description":"","jetpack_seo_html_title":"","jetpack_seo_noindex":false,"jetpack_seo_schema_type":"","_jetpack_newsletter_access":"","_jetpack_dont_email_post_to_subs":false,"_jetpack_newsletter_tier_id":0,"_jetpack_memberships_contains_paywalled_content":false,"_wpcom_ai_launchpad_first_post":false,"_jetpack_feature_clip_id":0,"_jetpack_memberships_contains_paid_content":false,"footnotes":"","jetpack_post_was_ever_published":false},"categories":[19],"tags":[227,210],"class_list":["post-11493","post","type-post","status-publish","format-standard","has-post-thumbnail","hentry","category-colima","tag-economia","tag-portada"],"jetpack-related-posts":[],"jetpack_sharing_enabled":true,"amp_enabled":true,"jetpack_featured_media_url":"https:\/\/diarioavanzada.com.mx\/wp-content\/uploads\/2020\/03\/Tortillas.jpg","_links":{"self":[{"href":"https:\/\/diarioavanzada.com.mx\/index.php?rest_route=\/wp\/v2\/posts\/11493","targetHints":{"allow":["GET"]}}],"collection":[{"href":"https:\/\/diarioavanzada.com.mx\/index.php?rest_route=\/wp\/v2\/posts"}],"about":[{"href":"https:\/\/diarioavanzada.com.mx\/index.php?rest_route=\/wp\/v2\/types\/post"}],"author":[{"embeddable":true,"href":"https:\/\/diarioavanzada.com.mx\/index.php?rest_route=\/wp\/v2\/users\/5"}],"replies":[{"embeddable":true,"href":"https:\/\/diarioavanzada.com.mx\/index.php?rest_route=%2Fwp%2Fv2%2Fcomments&post=11493"}],"version-history":[{"count":0,"href":"https:\/\/diarioavanzada.com.mx\/index.php?rest_route=\/wp\/v2\/posts\/11493\/revisions"}],"wp:featuredmedia":[{"embeddable":true,"href":"https:\/\/diarioavanzada.com.mx\/index.php?rest_route=\/wp\/v2\/media\/11495"}],"wp:attachment":[{"href":"https:\/\/diarioavanzada.com.mx\/index.php?rest_route=%2Fwp%2Fv2%2Fmedia&parent=11493"}],"wp:term":[{"taxonomy":"category","embeddable":true,"href":"https:\/\/diarioavanzada.com.mx\/index.php?rest_route=%2Fwp%2Fv2%2Fcategories&post=11493"},{"taxonomy":"post_tag","embeddable":true,"href":"https:\/\/diarioavanzada.com.mx\/index.php?rest_route=%2Fwp%2Fv2%2Ftags&post=11493"}],"curies":[{"name":"wp","href":"https:\/\/api.w.org\/{rel}","templated":true}]}}