{"id":114913,"date":"2026-02-27T09:37:53","date_gmt":"2026-02-27T15:37:53","guid":{"rendered":"https:\/\/diarioavanzada.com.mx\/?p=114913"},"modified":"2026-02-27T09:37:53","modified_gmt":"2026-02-27T15:37:53","slug":"pan-denuncia-persecucion-politica-contra-cabeza-de-vaca","status":"publish","type":"post","link":"https:\/\/diarioavanzada.com.mx\/?p=114913","title":{"rendered":"PAN denuncia persecuci\u00f3n pol\u00edtica contra Cabeza de Vaca"},"content":{"rendered":"\n<p class=\"wp-block-paragraph\">M\u00e9xico, Avanzada (27\/02\/2026).- El Partido Acci\u00f3n Nacional (PAN) afirm\u00f3 que la reapertura del caso contra el exgobernador de Tamaulipas, Francisco Javier Garc\u00eda Cabeza de Vaca, carece de sustento jur\u00eddico y representa un acto de persecuci\u00f3n pol\u00edtica derivado de denuncias que el exmandatario realiz\u00f3 en el pasado.<\/p>\n\n\n\n<p class=\"wp-block-paragraph\">De acuerdo con el posicionamiento, el asunto por el que se acusa a Cabeza de Vaca ya hab\u00eda sido resuelto en su totalidad, y las otras dos personas se\u00f1aladas inicialmente fueron absueltas, lo que \u2014seg\u00fan el PAN\u2014 confirma que no exist\u00edan elementos legales suficientes para sostener las imputaciones. Por ello, consideraron que la reactivaci\u00f3n del expediente no tiene fundamento jur\u00eddico.<\/p>\n\n\n\n<p class=\"wp-block-paragraph\">El partido se\u00f1al\u00f3 que esta situaci\u00f3n constituye una represalia directa por haber denunciado el llamado \u201chuachicol fiscal\u201d y por presentar informaci\u00f3n ante el entonces presidente Andr\u00e9s Manuel L\u00f3pez Obrador. A su juicio, esto evidencia un presunto uso de las instituciones con fines pol\u00edticos para sancionar a quienes resultan inc\u00f3modos al poder.<\/p>\n\n\n\n<p class=\"wp-block-paragraph\">Asimismo, el PAN cuestion\u00f3 una reciente sesi\u00f3n de la Suprema Corte de Justicia de la Naci\u00f3n (SCJN), la cual calific\u00f3 como \u201csin precedentes\u201d, al se\u00f1alar que, aunque la votaci\u00f3n fue un\u00e1nime, ninguno de los ministros respald\u00f3 los argumentos expuestos en el caso, lo que \u2014seg\u00fan el instituto pol\u00edtico\u2014 refleja debilidad t\u00e9cnica en el planteamiento.<\/p>\n\n\n\n<p class=\"wp-block-paragraph\">En su pronunciamiento, Acci\u00f3n Nacional advirti\u00f3 que la utilizaci\u00f3n de las instituciones del Estado para intimidar o perseguir a opositores representa una amenaza para la democracia, al considerar que este tipo de acciones podr\u00edan vulnerar derechos fundamentales no solo de actores pol\u00edticos, sino de cualquier ciudadano.<\/p>\n\n\n\n<p class=\"wp-block-paragraph\">Finalmente, el partido reiter\u00f3 que continuar\u00e1 denunciando lo que considera injusticias cometidas contra personas por expresar posturas distintas al oficialismo o por presentar denuncias sobre presuntas irregularidades, e insisti\u00f3 en que las autoridades deben atender los se\u00f1alamientos relacionados con el denominado \u201chuachicol fiscal\u201d.<\/p>\n<div class=\"fb-background-color\">\n\t\t\t  <div \n\t\t\t  \tclass = \"fb-comments\" \n\t\t\t  \tdata-href = \"https:\/\/diarioavanzada.com.mx\/?p=114913\"\n\t\t\t  \tdata-numposts = \"10\"\n\t\t\t  \tdata-lazy = \"true\"\n\t\t\t\tdata-colorscheme = \"light\"\n\t\t\t\tdata-order-by = \"social\"\n\t\t\t\tdata-mobile=true>\n\t\t\t  <\/div><\/div>\n\t\t  <style>\n\t\t    .fb-background-color {\n\t\t\t\tbackground:  !important;\n\t\t\t}\n\t\t\t.fb_iframe_widget_fluid_desktop iframe {\n\t\t\t    width: 100% !important;\n\t\t\t}\n\t\t  <\/style>\n\t\t  ","protected":false},"excerpt":{"rendered":"<p>M\u00e9xico, Avanzada (27\/02\/2026).- El Partido Acci\u00f3n Nacional (PAN) afirm\u00f3 que la reapertura del caso contra el exgobernador de Tamaulipas, Francisco Javier Garc\u00eda Cabeza de Vaca, carece de sustento jur\u00eddico y representa un acto de persecuci\u00f3n pol\u00edtica derivado de denuncias que el exmandatario realiz\u00f3 en el pasado. De acuerdo con el posicionamiento, el asunto por el [&hellip;]<\/p>\n","protected":false},"author":7,"featured_media":114916,"comment_status":"closed","ping_status":"closed","sticky":false,"template":"","format":"standard","meta":{"_coblocks_attr":"","_coblocks_dimensions":"","_coblocks_responsive_height":"","_coblocks_accordion_ie_support":"","_crdt_document":"","advanced_seo_description":"","jetpack_seo_html_title":"","jetpack_seo_noindex":false,"_jetpack_memberships_contains_paid_content":false,"footnotes":""},"categories":[1,209,22,7,231,29],"tags":[210],"class_list":["post-114913","post","type-post","status-publish","format-standard","has-post-thumbnail","hentry","category-general","category-importantes","category-nacion","category-noticias","category-seguridad","category-sociedad","tag-portada"],"jetpack_featured_media_url":"https:\/\/diarioavanzada.com.mx\/wp-content\/uploads\/2026\/02\/img_8635.png","jetpack-related-posts":[],"jetpack_sharing_enabled":true,"amp_enabled":true,"_links":{"self":[{"href":"https:\/\/diarioavanzada.com.mx\/index.php?rest_route=\/wp\/v2\/posts\/114913","targetHints":{"allow":["GET"]}}],"collection":[{"href":"https:\/\/diarioavanzada.com.mx\/index.php?rest_route=\/wp\/v2\/posts"}],"about":[{"href":"https:\/\/diarioavanzada.com.mx\/index.php?rest_route=\/wp\/v2\/types\/post"}],"author":[{"embeddable":true,"href":"https:\/\/diarioavanzada.com.mx\/index.php?rest_route=\/wp\/v2\/users\/7"}],"replies":[{"embeddable":true,"href":"https:\/\/diarioavanzada.com.mx\/index.php?rest_route=%2Fwp%2Fv2%2Fcomments&post=114913"}],"version-history":[{"count":2,"href":"https:\/\/diarioavanzada.com.mx\/index.php?rest_route=\/wp\/v2\/posts\/114913\/revisions"}],"predecessor-version":[{"id":114915,"href":"https:\/\/diarioavanzada.com.mx\/index.php?rest_route=\/wp\/v2\/posts\/114913\/revisions\/114915"}],"wp:featuredmedia":[{"embeddable":true,"href":"https:\/\/diarioavanzada.com.mx\/index.php?rest_route=\/wp\/v2\/media\/114916"}],"wp:attachment":[{"href":"https:\/\/diarioavanzada.com.mx\/index.php?rest_route=%2Fwp%2Fv2%2Fmedia&parent=114913"}],"wp:term":[{"taxonomy":"category","embeddable":true,"href":"https:\/\/diarioavanzada.com.mx\/index.php?rest_route=%2Fwp%2Fv2%2Fcategories&post=114913"},{"taxonomy":"post_tag","embeddable":true,"href":"https:\/\/diarioavanzada.com.mx\/index.php?rest_route=%2Fwp%2Fv2%2Ftags&post=114913"}],"curies":[{"name":"wp","href":"https:\/\/api.w.org\/{rel}","templated":true}]}}