{"id":114748,"date":"2026-02-25T22:22:42","date_gmt":"2026-02-26T04:22:42","guid":{"rendered":"https:\/\/diarioavanzada.com.mx\/?p=114748"},"modified":"2026-02-25T22:24:15","modified_gmt":"2026-02-26T04:24:15","slug":"se-busca-artemio-tiene-35-anos-de-edad-desaparecio-el-19-de-febrero-en-el-municipio-de-colima","status":"publish","type":"post","link":"https:\/\/diarioavanzada.com.mx\/?p=114748","title":{"rendered":"Se busca: Artemio tiene 35 a\u00f1os de edad, desapareci\u00f3 el 19 de febrero en el municipio de Colima"},"content":{"rendered":"\n<p class=\"p1 wp-block-paragraph\">Colima, M\u00e9xico, Avanzada (25\/02\/2026).- La Comisi\u00f3n de B\u00fasqueda de Personas del Estado de Colima activ\u00f3 una ficha para localizar a Artemio Orozco Rodr\u00edguez, de 35 a\u00f1os de edad, quien fue reportado como desaparecido en el municipio de Colima.<\/p>\n\n\n\n<p class=\"p1 wp-block-paragraph\">De acuerdo con la informaci\u00f3n oficial, el hombre fue visto por \u00faltima vez el 19 de febrero de 2026 en la ciudad de Colima, mientras que el reporte formal de su ausencia se realiz\u00f3 el 25 de febrero del presente a\u00f1o.<\/p>\n\n\n\n<p class=\"p1 wp-block-paragraph\">Artemio es de sexo masculino, mide aproximadamente 1.60 metros de estatura y tiene rostro ovalado. Como se\u00f1as f\u00edsicas, presenta nariz mediana y abatida, ojos chicos color caf\u00e9 oscuro, tez morena y cabello lacio, corto y de color negro.<\/p>\n\n\n\n<p class=\"p1 wp-block-paragraph\">Entre sus se\u00f1as particulares destacan tatuajes con forma de estrella en ambos hombros.<\/p>\n\n\n\n<p class=\"p1 wp-block-paragraph\">Al momento de su desaparici\u00f3n vest\u00eda camisa de manga corta color gris con detalles en verde, bermuda color beige y sandalias.<\/p>\n\n\n\n<p class=\"p1 wp-block-paragraph\">La Comisi\u00f3n de B\u00fasqueda puso a disposici\u00f3n de la ciudadan\u00eda el n\u00famero telef\u00f3nico 312 131 3809 para aportar cualquier informaci\u00f3n que contribuya a su localizaci\u00f3n.<\/p>\n\n\n\n<p class=\"p1 wp-block-paragraph\">Las autoridades exhortaron a la poblaci\u00f3n a compartir la ficha y comunicarse de inmediato si cuentan con datos que ayuden a dar con su paradero.<\/p>\n\n\n\n<figure class=\"wp-block-image size-large\"><img loading=\"lazy\" decoding=\"async\" width=\"940\" height=\"788\" src=\"https:\/\/diarioavanzada.com.mx\/wp-content\/uploads\/2026\/02\/img_8580.jpg\" alt=\"\" class=\"wp-image-114746\" srcset=\"https:\/\/diarioavanzada.com.mx\/wp-content\/uploads\/2026\/02\/img_8580.jpg 940w, https:\/\/diarioavanzada.com.mx\/wp-content\/uploads\/2026\/02\/img_8580-300x251.jpg 300w, https:\/\/diarioavanzada.com.mx\/wp-content\/uploads\/2026\/02\/img_8580-768x644.jpg 768w\" sizes=\"auto, (max-width: 940px) 100vw, 940px\" \/><\/figure>\n<div class=\"fb-background-color\">\n\t\t\t  <div \n\t\t\t  \tclass = \"fb-comments\" \n\t\t\t  \tdata-href = \"https:\/\/diarioavanzada.com.mx\/?p=114748\"\n\t\t\t  \tdata-numposts = \"10\"\n\t\t\t  \tdata-lazy = \"true\"\n\t\t\t\tdata-colorscheme = \"light\"\n\t\t\t\tdata-order-by = \"social\"\n\t\t\t\tdata-mobile=true>\n\t\t\t  <\/div><\/div>\n\t\t  <style>\n\t\t    .fb-background-color {\n\t\t\t\tbackground:  !important;\n\t\t\t}\n\t\t\t.fb_iframe_widget_fluid_desktop iframe {\n\t\t\t    width: 100% !important;\n\t\t\t}\n\t\t  <\/style>\n\t\t  ","protected":false},"excerpt":{"rendered":"<p>Colima, M\u00e9xico, Avanzada (25\/02\/2026).- La Comisi\u00f3n de B\u00fasqueda de Personas del Estado de Colima activ\u00f3 una ficha para localizar a Artemio Orozco Rodr\u00edguez, de 35 a\u00f1os de edad, quien fue reportado como desaparecido en el municipio de Colima. De acuerdo con la informaci\u00f3n oficial, el hombre fue visto por \u00faltima vez el 19 de febrero [&hellip;]<\/p>\n","protected":false},"author":7,"featured_media":114747,"comment_status":"closed","ping_status":"closed","sticky":false,"template":"","format":"standard","meta":{"_coblocks_attr":"","_coblocks_dimensions":"","_coblocks_responsive_height":"","_coblocks_accordion_ie_support":"","_crdt_document":"","advanced_seo_description":"","jetpack_seo_html_title":"","jetpack_seo_noindex":false,"_jetpack_memberships_contains_paid_content":false,"footnotes":""},"categories":[19,1,209,7,231,29],"tags":[210],"class_list":["post-114748","post","type-post","status-publish","format-standard","has-post-thumbnail","hentry","category-colima","category-general","category-importantes","category-noticias","category-seguridad","category-sociedad","tag-portada"],"jetpack_featured_media_url":"https:\/\/diarioavanzada.com.mx\/wp-content\/uploads\/2026\/02\/img_8582.png","jetpack-related-posts":[],"jetpack_sharing_enabled":true,"amp_enabled":true,"_links":{"self":[{"href":"https:\/\/diarioavanzada.com.mx\/index.php?rest_route=\/wp\/v2\/posts\/114748","targetHints":{"allow":["GET"]}}],"collection":[{"href":"https:\/\/diarioavanzada.com.mx\/index.php?rest_route=\/wp\/v2\/posts"}],"about":[{"href":"https:\/\/diarioavanzada.com.mx\/index.php?rest_route=\/wp\/v2\/types\/post"}],"author":[{"embeddable":true,"href":"https:\/\/diarioavanzada.com.mx\/index.php?rest_route=\/wp\/v2\/users\/7"}],"replies":[{"embeddable":true,"href":"https:\/\/diarioavanzada.com.mx\/index.php?rest_route=%2Fwp%2Fv2%2Fcomments&post=114748"}],"version-history":[{"count":1,"href":"https:\/\/diarioavanzada.com.mx\/index.php?rest_route=\/wp\/v2\/posts\/114748\/revisions"}],"predecessor-version":[{"id":114749,"href":"https:\/\/diarioavanzada.com.mx\/index.php?rest_route=\/wp\/v2\/posts\/114748\/revisions\/114749"}],"wp:featuredmedia":[{"embeddable":true,"href":"https:\/\/diarioavanzada.com.mx\/index.php?rest_route=\/wp\/v2\/media\/114747"}],"wp:attachment":[{"href":"https:\/\/diarioavanzada.com.mx\/index.php?rest_route=%2Fwp%2Fv2%2Fmedia&parent=114748"}],"wp:term":[{"taxonomy":"category","embeddable":true,"href":"https:\/\/diarioavanzada.com.mx\/index.php?rest_route=%2Fwp%2Fv2%2Fcategories&post=114748"},{"taxonomy":"post_tag","embeddable":true,"href":"https:\/\/diarioavanzada.com.mx\/index.php?rest_route=%2Fwp%2Fv2%2Ftags&post=114748"}],"curies":[{"name":"wp","href":"https:\/\/api.w.org\/{rel}","templated":true}]}}