{"id":114730,"date":"2026-02-25T19:11:56","date_gmt":"2026-02-26T01:11:56","guid":{"rendered":"https:\/\/diarioavanzada.com.mx\/?p=114730"},"modified":"2026-02-25T19:17:08","modified_gmt":"2026-02-26T01:17:08","slug":"incendian-cinco-motocicletas-de-trabajadores-portuarios-en-manzanillo","status":"publish","type":"post","link":"https:\/\/diarioavanzada.com.mx\/?p=114730","title":{"rendered":"Incendian cinco motocicletas de trabajadores portuarios en Manzanillo"},"content":{"rendered":"\n<p class=\"p1 wp-block-paragraph\">Manzanillo, Colima, Avanzada (25\/02\/2026).- La madrugada de este mi\u00e9rcoles, alrededor de las 02:00 horas, cinco motocicletas propiedad de trabajadores del puerto fueron incendiadas en el estacionamiento de La Negrita, en el municipio de Manzanillo.<\/p>\n\n\n\n<p class=\"p1 wp-block-paragraph\">Los hechos ocurrieron sobre el boulevard Miguel de la Madrid, donde vecinos reportaron el fuego en las unidades. Elementos del cuerpo de bomberos acudieron al lugar para sofocar las llamas y evitar que el incendio se propagara a otros veh\u00edculos.<\/p>\n\n\n\n<p class=\"p1 wp-block-paragraph\">Al ser cuestionada sobre el suceso, la gobernadora de Colima, Indira Vizca\u00edno Silva, se\u00f1al\u00f3 que por la similitud de los hechos existen elementos que podr\u00edan indicar que est\u00e1n relacionados con los eventos violentos registrados el pasado domingo, aunque precis\u00f3 que ser\u00e1 la autoridad competente la que determine esa posible vinculaci\u00f3n.<\/p>\n\n\n\n<p class=\"p1 wp-block-paragraph\">Por su parte, la Fiscal\u00eda abri\u00f3 una carpeta de investigaci\u00f3n para dar con los responsables. Hasta el momento no se reportan personas lesionadas ni detenidas.<\/p>\n<div class=\"fb-background-color\">\n\t\t\t  <div \n\t\t\t  \tclass = \"fb-comments\" \n\t\t\t  \tdata-href = \"https:\/\/diarioavanzada.com.mx\/?p=114730\"\n\t\t\t  \tdata-numposts = \"10\"\n\t\t\t  \tdata-lazy = \"true\"\n\t\t\t\tdata-colorscheme = \"light\"\n\t\t\t\tdata-order-by = \"social\"\n\t\t\t\tdata-mobile=true>\n\t\t\t  <\/div><\/div>\n\t\t  <style>\n\t\t    .fb-background-color {\n\t\t\t\tbackground:  !important;\n\t\t\t}\n\t\t\t.fb_iframe_widget_fluid_desktop iframe {\n\t\t\t    width: 100% !important;\n\t\t\t}\n\t\t  <\/style>\n\t\t  ","protected":false},"excerpt":{"rendered":"<p>Manzanillo, Colima, Avanzada (25\/02\/2026).- La madrugada de este mi\u00e9rcoles, alrededor de las 02:00 horas, cinco motocicletas propiedad de trabajadores del puerto fueron incendiadas en el estacionamiento de La Negrita, en el municipio de Manzanillo. Los hechos ocurrieron sobre el boulevard Miguel de la Madrid, donde vecinos reportaron el fuego en las unidades. Elementos del cuerpo [&hellip;]<\/p>\n","protected":false},"author":7,"featured_media":114729,"comment_status":"closed","ping_status":"closed","sticky":false,"template":"","format":"standard","meta":{"_coblocks_attr":"","_coblocks_dimensions":"","_coblocks_responsive_height":"","_coblocks_accordion_ie_support":"","_crdt_document":"","advanced_seo_description":"","jetpack_seo_html_title":"","jetpack_seo_noindex":false,"_jetpack_memberships_contains_paid_content":false,"footnotes":""},"categories":[19,1,209,20,7,231,29],"tags":[210],"class_list":["post-114730","post","type-post","status-publish","format-standard","has-post-thumbnail","hentry","category-colima","category-general","category-importantes","category-manzanillo","category-noticias","category-seguridad","category-sociedad","tag-portada"],"jetpack_featured_media_url":"https:\/\/diarioavanzada.com.mx\/wp-content\/uploads\/2026\/02\/img_8349.jpg","jetpack-related-posts":[],"jetpack_sharing_enabled":true,"amp_enabled":true,"_links":{"self":[{"href":"https:\/\/diarioavanzada.com.mx\/index.php?rest_route=\/wp\/v2\/posts\/114730","targetHints":{"allow":["GET"]}}],"collection":[{"href":"https:\/\/diarioavanzada.com.mx\/index.php?rest_route=\/wp\/v2\/posts"}],"about":[{"href":"https:\/\/diarioavanzada.com.mx\/index.php?rest_route=\/wp\/v2\/types\/post"}],"author":[{"embeddable":true,"href":"https:\/\/diarioavanzada.com.mx\/index.php?rest_route=\/wp\/v2\/users\/7"}],"replies":[{"embeddable":true,"href":"https:\/\/diarioavanzada.com.mx\/index.php?rest_route=%2Fwp%2Fv2%2Fcomments&post=114730"}],"version-history":[{"count":1,"href":"https:\/\/diarioavanzada.com.mx\/index.php?rest_route=\/wp\/v2\/posts\/114730\/revisions"}],"predecessor-version":[{"id":114731,"href":"https:\/\/diarioavanzada.com.mx\/index.php?rest_route=\/wp\/v2\/posts\/114730\/revisions\/114731"}],"wp:featuredmedia":[{"embeddable":true,"href":"https:\/\/diarioavanzada.com.mx\/index.php?rest_route=\/wp\/v2\/media\/114729"}],"wp:attachment":[{"href":"https:\/\/diarioavanzada.com.mx\/index.php?rest_route=%2Fwp%2Fv2%2Fmedia&parent=114730"}],"wp:term":[{"taxonomy":"category","embeddable":true,"href":"https:\/\/diarioavanzada.com.mx\/index.php?rest_route=%2Fwp%2Fv2%2Fcategories&post=114730"},{"taxonomy":"post_tag","embeddable":true,"href":"https:\/\/diarioavanzada.com.mx\/index.php?rest_route=%2Fwp%2Fv2%2Ftags&post=114730"}],"curies":[{"name":"wp","href":"https:\/\/api.w.org\/{rel}","templated":true}]}}