{"id":11464,"date":"2020-03-24T13:01:22","date_gmt":"2020-03-24T18:01:22","guid":{"rendered":"https:\/\/diarioavanzada.com.mx\/?p=11464"},"modified":"2020-03-24T13:01:23","modified_gmt":"2020-03-24T18:01:23","slug":"gobierno-del-estado-cabildea-con-diputados-otro-credito-bancario-por-800-mdp","status":"publish","type":"post","link":"https:\/\/diarioavanzada.com.mx\/?p=11464","title":{"rendered":"Gobierno del Estado cabildea con diputados otro cr\u00e9dito bancario por 800 MDP"},"content":{"rendered":"\n<p class=\"wp-block-paragraph\">Colima, M\u00e9xico, Avanzada (24\/03\/2020).-\u00a0El diputado local, Francisco Rodr\u00edguez Garc\u00eda afirm\u00f3 que en el Congreso del Estado se habla de que el Gobierno de Colima\u00a0podr\u00eda enviar una propuesta para solicitar un cr\u00e9dito bancario por hasta 800 millones de pesos.<\/p>\n\n\n\n<p class=\"wp-block-paragraph\">El legislador local indic\u00f3 que la solicitud formal de un endeudamiento a\u00fan no ha llegado a la legislatura,\u00a0\u201chasta ahorita podr\u00edamos decir que son rumores, pero sabemos que ya existen reuniones por parte de funcionarios del gobierno del estado con algunos diputados locales a quienes les han planteado esa posibilidad\u201d, dijo.<\/p>\n\n\n\n<p class=\"wp-block-paragraph\">El diputado panista indic\u00f3 que desde hace semanas, en el Poder Legislativo se habla de que la administraci\u00f3n estatal requiere la contrataci\u00f3n de un nuevo cr\u00e9dito que se contemplar\u00eda como deuda p\u00fablica, es decir, que tendr\u00edan que pagar los colimenses durante el tiempo que resta al actual gobierno del estado y varios a\u00f1os despu\u00e9s de que \u00e9ste concluya.<\/p>\n\n\n\n<p class=\"wp-block-paragraph\">Rodr\u00edguez Garc\u00eda insisti\u00f3 que hasta el momento no existe ninguna solicitud formal, pero dentro del Congreso del Estado hay legisladores que han planteado la intenci\u00f3n de la administraci\u00f3n estatal.<\/p>\n\n\n\n<p class=\"wp-block-paragraph\">El diputado local refiri\u00f3 que la administraci\u00f3n de Ignacio&nbsp; Peralta S\u00e1nchez ha actuado con poca trasparencia financiera, no ha implementado un verdadero plan de austeridad y por el contrario, &nbsp;reporta un endeudamiento a corto plazo a la alza.<\/p>\n\n\n\n<p class=\"wp-block-paragraph\">\u201cEn lo personal creo que no hay condiciones para aprobar un nuevo endeudamiento, pero tendremos que analizar todo el panorama cuando se presente, y si es que se presenta la solicitud para poder analizarla\u201d, concluy\u00f3<\/p>\n<div class=\"fb-background-color\">\n\t\t\t  <div \n\t\t\t  \tclass = \"fb-comments\" \n\t\t\t  \tdata-href = \"https:\/\/diarioavanzada.com.mx\/?p=11464\"\n\t\t\t  \tdata-numposts = \"10\"\n\t\t\t  \tdata-lazy = \"true\"\n\t\t\t\tdata-colorscheme = \"light\"\n\t\t\t\tdata-order-by = \"social\"\n\t\t\t\tdata-mobile=true>\n\t\t\t  <\/div><\/div>\n\t\t  <style>\n\t\t    .fb-background-color {\n\t\t\t\tbackground:  !important;\n\t\t\t}\n\t\t\t.fb_iframe_widget_fluid_desktop iframe {\n\t\t\t    width: 100% !important;\n\t\t\t}\n\t\t  <\/style>\n\t\t  ","protected":false},"excerpt":{"rendered":"<p>Colima, M\u00e9xico, Avanzada (24\/03\/2020).-\u00a0El diputado local, Francisco Rodr\u00edguez Garc\u00eda afirm\u00f3 que en el Congreso del Estado se habla de que el Gobierno de Colima\u00a0podr\u00eda enviar una propuesta para solicitar un cr\u00e9dito bancario por hasta 800 millones de pesos. El legislador local indic\u00f3 que la solicitud formal de un endeudamiento a\u00fan no ha llegado a la [&hellip;]<\/p>\n","protected":false},"author":5,"featured_media":10785,"comment_status":"closed","ping_status":"closed","sticky":false,"template":"","format":"standard","meta":{"_coblocks_attr":"","_coblocks_dimensions":"","_coblocks_responsive_height":"","_coblocks_accordion_ie_support":"","_crdt_document":"","advanced_seo_description":"","jetpack_seo_html_title":"","jetpack_seo_noindex":false,"_jetpack_memberships_contains_paid_content":false,"footnotes":""},"categories":[19],"tags":[210],"class_list":["post-11464","post","type-post","status-publish","format-standard","has-post-thumbnail","hentry","category-colima","tag-portada"],"jetpack_featured_media_url":"https:\/\/diarioavanzada.com.mx\/wp-content\/uploads\/2020\/02\/Gobernador-de-Colima-saludando.jpg","jetpack-related-posts":[],"jetpack_sharing_enabled":true,"amp_enabled":true,"_links":{"self":[{"href":"https:\/\/diarioavanzada.com.mx\/index.php?rest_route=\/wp\/v2\/posts\/11464","targetHints":{"allow":["GET"]}}],"collection":[{"href":"https:\/\/diarioavanzada.com.mx\/index.php?rest_route=\/wp\/v2\/posts"}],"about":[{"href":"https:\/\/diarioavanzada.com.mx\/index.php?rest_route=\/wp\/v2\/types\/post"}],"author":[{"embeddable":true,"href":"https:\/\/diarioavanzada.com.mx\/index.php?rest_route=\/wp\/v2\/users\/5"}],"replies":[{"embeddable":true,"href":"https:\/\/diarioavanzada.com.mx\/index.php?rest_route=%2Fwp%2Fv2%2Fcomments&post=11464"}],"version-history":[{"count":0,"href":"https:\/\/diarioavanzada.com.mx\/index.php?rest_route=\/wp\/v2\/posts\/11464\/revisions"}],"wp:featuredmedia":[{"embeddable":true,"href":"https:\/\/diarioavanzada.com.mx\/index.php?rest_route=\/wp\/v2\/media\/10785"}],"wp:attachment":[{"href":"https:\/\/diarioavanzada.com.mx\/index.php?rest_route=%2Fwp%2Fv2%2Fmedia&parent=11464"}],"wp:term":[{"taxonomy":"category","embeddable":true,"href":"https:\/\/diarioavanzada.com.mx\/index.php?rest_route=%2Fwp%2Fv2%2Fcategories&post=11464"},{"taxonomy":"post_tag","embeddable":true,"href":"https:\/\/diarioavanzada.com.mx\/index.php?rest_route=%2Fwp%2Fv2%2Ftags&post=11464"}],"curies":[{"name":"wp","href":"https:\/\/api.w.org\/{rel}","templated":true}]}}