{"id":11460,"date":"2020-03-24T12:53:47","date_gmt":"2020-03-24T17:53:47","guid":{"rendered":"https:\/\/diarioavanzada.com.mx\/?p=11460"},"modified":"2020-03-24T12:55:59","modified_gmt":"2020-03-24T17:55:59","slug":"locho-se-lava-las-manos-por-la-ciris-economica-del-coronavirus","status":"publish","type":"post","link":"https:\/\/diarioavanzada.com.mx\/?p=11460","title":{"rendered":"Locho &#8220;se lava las manos&#8221; por la crisis econ\u00f3mica del Coronavirus"},"content":{"rendered":"\n<p class=\"wp-block-paragraph\">Colima, M\u00e9xico, Avanzada (24\/03\/2020).- El presidente municipal de Colima, Leoncio Mor\u00e1n S\u00e1nchez exigi\u00f3 al gobierno federal la implementaci\u00f3n de un plan econ\u00f3mico durante la emergencia por el COVID-19, sin embargo,\u00a0 dicha petici\u00f3n no se la ha hecho formalmente, al gobierno estatal, quien fue el que decret\u00f3 el estado de emergencia para la entidad desde hace una semana, cuando s\u00f3lo se ten\u00eda un caso confirmado de coronavirus.<\/p>\n\n\n\n<p class=\"wp-block-paragraph\">Desde el pasado 15 de marzo, a nivel federal, el subsecretario de Salud, Hugo L\u00f3pez- Gatell se\u00f1al\u00f3 que la jornada de sana distancia y el aislamiento social para persona que pueden resguardarse en sus hogares, tendr\u00eda que ser a partir del lunes 23 de marzo, sin embargo, el Gobierno del Estado tom\u00f3 la decisi\u00f3n de decretar el estado de emergencia&nbsp; desde el pasado 18 de marzo, pese a no contar con ning\u00fan plan econ\u00f3mico local para proteger a los trabajadores, sectores vulnerables y el sector empresarial.<\/p>\n\n\n\n<p class=\"wp-block-paragraph\">El 18 de marzo, el alcalde Leoncio Mor\u00e1n S\u00e1nchez fue uno de los asistentes a la reuni\u00f3n del Consejo Estatal de Protecci\u00f3n Civil, y fue el primero de los alcaldes en avalar las medidas decretadas por el gobernador, Ignacio Peralta S\u00e1nchez, entre ellas el aislamiento social&nbsp; y el cierre de negocios o el retiro de vendedores ambulantes del centro capitalino, aunque un d\u00eda despu\u00e9s se retract\u00f3 e inform\u00f3 que los comercios seguir\u00e1n abiertos.<\/p>\n\n\n\n<p class=\"wp-block-paragraph\">A trav\u00e9s de un video que subi\u00f3 a sus redes sociales, el edil capitalino dijo que era urgente que el Gobierno federal presentara un plan econ\u00f3mico de apoyo fiscal, y de contenci\u00f3n durante la emergencia por el COVID-19.<\/p>\n\n\n\n<p class=\"wp-block-paragraph\">Dijo que el Ayuntamiento de Colima ha tomado medidas para acatar las recomendaciones de la Organizaci\u00f3n Mundial de la Salud (OMS) y que el propio gobierno federal \u201cde manera incipiente\u201d empieza a realizar, sin embargo, no hizo ninguna referencia a cu\u00e1les ser\u00e1n los compromisos econ\u00f3micos que le pedir\u00e1 a la administraci\u00f3n estatal.<\/p>\n\n\n\n<p class=\"wp-block-paragraph\">\u201cHoy, la crisis econ\u00f3mica est\u00e1 empezando a golpear a muchas familias en nuestro municipios. Muchas familias que viven al d\u00eda al d\u00eda. Aquellos peque\u00f1os comerciantes, restaurantes, que hoy nos dicen \u00bfqu\u00e9 vamos a hacer?, nos dicen que pueden aguantar dos d\u00edas o tres d\u00edas, \u00bfpero qu\u00e9 voy a hacer para cumplir con nuestros compromisos con Hacienda, el agua?\u201d refiri\u00f3.<\/p>\n\n\n\n<p class=\"wp-block-paragraph\">Se\u00f1al\u00f3 que est\u00e1n en la incertidumbre de los trabajadores debido a que los negocios deber\u00e1n tomar decisiones en determinado momento, \u201cesta es una reflexi\u00f3n que hago. Veo a un sector empresarial que se siente herido, un sector social que sin saber qu\u00e9 hacer, y liderazgos sindicales que no se ve esa determinaci\u00f3n. Pero tambi\u00e9n veo muchos liderazgos pol\u00edticos en nuestro estado, pasmados. Sobre todo a los que representan al gobierno federal\u201d.<\/p>\n\n\n\n<p class=\"wp-block-paragraph\">El alcalde de Colima, Leoncio Mor\u00e1n S\u00e1nchez hizo una cr\u00edtica del presidente, Andr\u00e9s Manuel L\u00f3pez Obrador por el mensaje contradictorio ante las medidas por el COVID-19.<\/p>\n\n\n\n<p class=\"wp-block-paragraph\">Luego solicit\u00f3 a los legisladores federales por Colima que de manera inmediata convoquen a que el gobierno Federal lance un programa emergente y de atenci\u00f3n a la ciudadan\u00eda.<\/p>\n\n\n\n<p class=\"wp-block-paragraph\">Refiri\u00f3 que el Ayuntamiento de Colima ya tom\u00f3 una serie de medidas que tiene que ver con el aplazamiento del pago predial, los derechos, y &nbsp;las licencias comerciales, \u201cocupamos que lo apruebe el Congreso local, pero esto es insuficiente\u201d.<\/p>\n\n\n\n<p class=\"wp-block-paragraph\">Insisti\u00f3 que el Gobierno federal tendr\u00eda que implementar medidas econ\u00f3micas,, \u201cporque la gente no va a tener para pagar las tarjetas,&nbsp; lo que le debe a las tiendas departamentales,&nbsp; y las deudas que todo el mundo tiene hist\u00f3ricamente\u201d.&nbsp;<\/p>\n<div class=\"fb-background-color\">\n\t\t\t  <div \n\t\t\t  \tclass = \"fb-comments\" \n\t\t\t  \tdata-href = \"https:\/\/diarioavanzada.com.mx\/?p=11460\"\n\t\t\t  \tdata-numposts = \"10\"\n\t\t\t  \tdata-lazy = \"true\"\n\t\t\t\tdata-colorscheme = \"light\"\n\t\t\t\tdata-order-by = \"social\"\n\t\t\t\tdata-mobile=true>\n\t\t\t  <\/div><\/div>\n\t\t  <style>\n\t\t    .fb-background-color {\n\t\t\t\tbackground:  !important;\n\t\t\t}\n\t\t\t.fb_iframe_widget_fluid_desktop iframe {\n\t\t\t    width: 100% !important;\n\t\t\t}\n\t\t  <\/style>\n\t\t  ","protected":false},"excerpt":{"rendered":"<p>Colima, M\u00e9xico, Avanzada (24\/03\/2020).- El presidente municipal de Colima, Leoncio Mor\u00e1n S\u00e1nchez exigi\u00f3 al gobierno federal la implementaci\u00f3n de un plan econ\u00f3mico durante la emergencia por el COVID-19, sin embargo,\u00a0 dicha petici\u00f3n no se la ha hecho formalmente, al gobierno estatal, quien fue el que decret\u00f3 el estado de emergencia para la entidad desde hace [&hellip;]<\/p>\n","protected":false},"author":7,"featured_media":11461,"comment_status":"closed","ping_status":"closed","sticky":false,"template":"","format":"standard","meta":{"_coblocks_attr":"","_coblocks_dimensions":"","_coblocks_responsive_height":"","_coblocks_accordion_ie_support":"","advanced_seo_description":"","jetpack_seo_html_title":"","jetpack_seo_noindex":false,"jetpack_seo_schema_type":"","_jetpack_newsletter_access":"","_jetpack_dont_email_post_to_subs":false,"_jetpack_newsletter_tier_id":0,"_jetpack_memberships_contains_paywalled_content":false,"_wpcom_ai_launchpad_first_post":false,"_jetpack_feature_clip_id":0,"_jetpack_memberships_contains_paid_content":false,"footnotes":"","jetpack_post_was_ever_published":false},"categories":[19],"tags":[300,210],"class_list":["post-11460","post","type-post","status-publish","format-standard","has-post-thumbnail","hentry","category-colima","tag-covid-19","tag-portada"],"jetpack-related-posts":[],"jetpack_sharing_enabled":true,"amp_enabled":true,"jetpack_featured_media_url":"https:\/\/diarioavanzada.com.mx\/wp-content\/uploads\/2020\/03\/LOCHO.jpg","_links":{"self":[{"href":"https:\/\/diarioavanzada.com.mx\/index.php?rest_route=\/wp\/v2\/posts\/11460","targetHints":{"allow":["GET"]}}],"collection":[{"href":"https:\/\/diarioavanzada.com.mx\/index.php?rest_route=\/wp\/v2\/posts"}],"about":[{"href":"https:\/\/diarioavanzada.com.mx\/index.php?rest_route=\/wp\/v2\/types\/post"}],"author":[{"embeddable":true,"href":"https:\/\/diarioavanzada.com.mx\/index.php?rest_route=\/wp\/v2\/users\/7"}],"replies":[{"embeddable":true,"href":"https:\/\/diarioavanzada.com.mx\/index.php?rest_route=%2Fwp%2Fv2%2Fcomments&post=11460"}],"version-history":[{"count":0,"href":"https:\/\/diarioavanzada.com.mx\/index.php?rest_route=\/wp\/v2\/posts\/11460\/revisions"}],"wp:featuredmedia":[{"embeddable":true,"href":"https:\/\/diarioavanzada.com.mx\/index.php?rest_route=\/wp\/v2\/media\/11461"}],"wp:attachment":[{"href":"https:\/\/diarioavanzada.com.mx\/index.php?rest_route=%2Fwp%2Fv2%2Fmedia&parent=11460"}],"wp:term":[{"taxonomy":"category","embeddable":true,"href":"https:\/\/diarioavanzada.com.mx\/index.php?rest_route=%2Fwp%2Fv2%2Fcategories&post=11460"},{"taxonomy":"post_tag","embeddable":true,"href":"https:\/\/diarioavanzada.com.mx\/index.php?rest_route=%2Fwp%2Fv2%2Ftags&post=11460"}],"curies":[{"name":"wp","href":"https:\/\/api.w.org\/{rel}","templated":true}]}}