{"id":114523,"date":"2026-02-24T13:34:19","date_gmt":"2026-02-24T19:34:19","guid":{"rendered":"https:\/\/diarioavanzada.com.mx\/?p=114523"},"modified":"2026-02-24T13:34:19","modified_gmt":"2026-02-24T19:34:19","slug":"e-u-presiona-a-mexico-para-intensificar-combate-al-narco-secretaria-de-prensa","status":"publish","type":"post","link":"https:\/\/diarioavanzada.com.mx\/?p=114523","title":{"rendered":"E.U. presiona a M\u00e9xico para intensificar combate al narco: secretaria de Prensa"},"content":{"rendered":"\n<p class=\"p1 wp-block-paragraph\">Avanzada (24\/02\/2026).- La secretaria de Prensa de la Casa Blanca, Karoline Leavitt, afirm\u00f3 que el gobierno de Estados Unidos est\u00e1 presionando al gobierno de M\u00e9xico para que intensifique sus acciones contra el crimen organizado y el tr\u00e1fico de drogas.<\/p>\n\n\n\n<p class=\"p1 wp-block-paragraph\">Durante una conferencia, Leavitt se\u00f1al\u00f3 que el secretario de Estado, Marco Rubio, y el Departamento de Estado \u201cest\u00e1n completamente enfocados\u201d en la situaci\u00f3n, particularmente en lo que respecta a la seguridad de ciudadanos estadounidenses en territorio mexicano.<\/p>\n\n\n\n<p class=\"p1 wp-block-paragraph\">Indic\u00f3 que el Departamento de Estado habilit\u00f3 l\u00edneas de atenci\u00f3n disponibles las 24 horas del d\u00eda y que este lunes recibi\u00f3 cientos de llamadas de estadounidenses que se encuentran en M\u00e9xico, a quienes se les brinda apoyo y asesor\u00eda en materia de viajes. Asimismo, inform\u00f3 que se han emitido nuevas alertas de viaje y que estas continuar\u00e1n actualiz\u00e1ndose conforme evolucione la situaci\u00f3n, al tiempo que exhort\u00f3 a los ciudadanos a seguir las recomendaciones oficiales.<\/p>\n\n\n\n<p class=\"p1 wp-block-paragraph\">Leavitt asegur\u00f3 que, hasta el momento, no se tiene conocimiento de reportes sobre ciudadanos estadounidenses secuestrados en M\u00e9xico, pero advirti\u00f3 que \u201cnadie debe poner un dedo sobre un solo estadounidense o enfrentar\u00e1 consecuencias\u201d bajo la administraci\u00f3n del presidente de Estados Unidos, Donald Trump.<\/p>\n\n\n\n<p class=\"p1 wp-block-paragraph\">La funcionaria tambi\u00e9n sostuvo que el reciente operativo llevado a cabo por autoridades mexicanas \u2014que calific\u00f3 como exitoso\u2014 cont\u00f3 con el respaldo de Estados Unidos y no habr\u00eda sido posible sin el liderazgo del mandatario estadounidense. Subray\u00f3 que, desde el primer d\u00eda de su administraci\u00f3n, el presidente ha hecho una prioridad el combate a los c\u00e1rteles de la droga, a los que responsabiliz\u00f3 de introducir sustancias mortales en territorio estadounidense.<\/p>\n\n\n\n<p class=\"p1 wp-block-paragraph\">En ese sentido, record\u00f3 que el presidente firm\u00f3 \u00f3rdenes ejecutivas para designar a ciertos grupos criminales como organizaciones terroristas y destac\u00f3 acciones adicionales contra embarcaciones vinculadas al tr\u00e1fico de drogas. Finalmente, afirm\u00f3 que Washington mantiene coordinaci\u00f3n con el gobierno mexicano y contin\u00faa presionando para que se refuercen las medidas contra el flujo de drogas a trav\u00e9s de la frontera sur de Estados Unidos.<\/p>\n<div class=\"fb-background-color\">\n\t\t\t  <div \n\t\t\t  \tclass = \"fb-comments\" \n\t\t\t  \tdata-href = \"https:\/\/diarioavanzada.com.mx\/?p=114523\"\n\t\t\t  \tdata-numposts = \"10\"\n\t\t\t  \tdata-lazy = \"true\"\n\t\t\t\tdata-colorscheme = \"light\"\n\t\t\t\tdata-order-by = \"social\"\n\t\t\t\tdata-mobile=true>\n\t\t\t  <\/div><\/div>\n\t\t  <style>\n\t\t    .fb-background-color {\n\t\t\t\tbackground:  !important;\n\t\t\t}\n\t\t\t.fb_iframe_widget_fluid_desktop iframe {\n\t\t\t    width: 100% !important;\n\t\t\t}\n\t\t  <\/style>\n\t\t  ","protected":false},"excerpt":{"rendered":"<p>Avanzada (24\/02\/2026).- La secretaria de Prensa de la Casa Blanca, Karoline Leavitt, afirm\u00f3 que el gobierno de Estados Unidos est\u00e1 presionando al gobierno de M\u00e9xico para que intensifique sus acciones contra el crimen organizado y el tr\u00e1fico de drogas. Durante una conferencia, Leavitt se\u00f1al\u00f3 que el secretario de Estado, Marco Rubio, y el Departamento de [&hellip;]<\/p>\n","protected":false},"author":7,"featured_media":114522,"comment_status":"closed","ping_status":"closed","sticky":false,"template":"","format":"standard","meta":{"_coblocks_attr":"","_coblocks_dimensions":"","_coblocks_responsive_height":"","_coblocks_accordion_ie_support":"","_crdt_document":"","advanced_seo_description":"","jetpack_seo_html_title":"","jetpack_seo_noindex":false,"_jetpack_memberships_contains_paid_content":false,"footnotes":""},"categories":[1,209,23,7,231,29],"tags":[210],"class_list":["post-114523","post","type-post","status-publish","format-standard","has-post-thumbnail","hentry","category-general","category-importantes","category-mundo","category-noticias","category-seguridad","category-sociedad","tag-portada"],"jetpack_featured_media_url":"https:\/\/diarioavanzada.com.mx\/wp-content\/uploads\/2026\/02\/img_8296-2.jpg","jetpack-related-posts":[],"jetpack_sharing_enabled":true,"amp_enabled":true,"_links":{"self":[{"href":"https:\/\/diarioavanzada.com.mx\/index.php?rest_route=\/wp\/v2\/posts\/114523","targetHints":{"allow":["GET"]}}],"collection":[{"href":"https:\/\/diarioavanzada.com.mx\/index.php?rest_route=\/wp\/v2\/posts"}],"about":[{"href":"https:\/\/diarioavanzada.com.mx\/index.php?rest_route=\/wp\/v2\/types\/post"}],"author":[{"embeddable":true,"href":"https:\/\/diarioavanzada.com.mx\/index.php?rest_route=\/wp\/v2\/users\/7"}],"replies":[{"embeddable":true,"href":"https:\/\/diarioavanzada.com.mx\/index.php?rest_route=%2Fwp%2Fv2%2Fcomments&post=114523"}],"version-history":[{"count":0,"href":"https:\/\/diarioavanzada.com.mx\/index.php?rest_route=\/wp\/v2\/posts\/114523\/revisions"}],"wp:featuredmedia":[{"embeddable":true,"href":"https:\/\/diarioavanzada.com.mx\/index.php?rest_route=\/wp\/v2\/media\/114522"}],"wp:attachment":[{"href":"https:\/\/diarioavanzada.com.mx\/index.php?rest_route=%2Fwp%2Fv2%2Fmedia&parent=114523"}],"wp:term":[{"taxonomy":"category","embeddable":true,"href":"https:\/\/diarioavanzada.com.mx\/index.php?rest_route=%2Fwp%2Fv2%2Fcategories&post=114523"},{"taxonomy":"post_tag","embeddable":true,"href":"https:\/\/diarioavanzada.com.mx\/index.php?rest_route=%2Fwp%2Fv2%2Ftags&post=114523"}],"curies":[{"name":"wp","href":"https:\/\/api.w.org\/{rel}","templated":true}]}}