{"id":114502,"date":"2026-02-24T08:35:56","date_gmt":"2026-02-24T14:35:56","guid":{"rendered":"https:\/\/diarioavanzada.com.mx\/?p=114502"},"modified":"2026-02-24T08:35:56","modified_gmt":"2026-02-24T14:35:56","slug":"tonaya-mantiene-cerrada-la-presidencia-municipal-por-inseguridad-en-la-region","status":"publish","type":"post","link":"https:\/\/diarioavanzada.com.mx\/?p=114502","title":{"rendered":"Tonaya mantiene cerrada la Presidencia Municipal por inseguridad en la regi\u00f3n"},"content":{"rendered":"\n<p class=\"p1 wp-block-paragraph\"><em>El ayuntamiento inform\u00f3 que las oficinas permanecer\u00e1n sin labores este martes 24 de febrero como medida preventiva; el servicio se reanudar\u00e1 hasta nuevo aviso.<\/em><\/p>\n\n\n\n<p class=\"p1 wp-block-paragraph\">Jalisco, M\u00e9xico, Avanzada (24\/02\/2026).- El Ayuntamiento de Tonaya confirm\u00f3 que este martes 24 de febrero las oficinas de la Presidencia Municipal continuar\u00e1n sin actividades, en atenci\u00f3n a los hechos de seguridad registrados recientemente en la regi\u00f3n.<\/p>\n\n\n\n<p class=\"p1 wp-block-paragraph\">La autoridad municipal se\u00f1al\u00f3 que la decisi\u00f3n responde a una medida preventiva, con el objetivo de salvaguardar la integridad tanto del personal como de la ciudadan\u00eda que acude a realizar tr\u00e1mites y gestiones.<\/p>\n\n\n\n<p class=\"p1 wp-block-paragraph\">De acuerdo con el aviso oficial, la suspensi\u00f3n de labores se mantendr\u00e1 hasta nuevo aviso, por lo que no se ha establecido una fecha concreta para la reanudaci\u00f3n de actividades administrativas.<\/p>\n\n\n\n<p class=\"p1 wp-block-paragraph\">El gobierno municipal agradeci\u00f3 la comprensi\u00f3n de la poblaci\u00f3n y reiter\u00f3 el llamado a mantenerse informada exclusivamente a trav\u00e9s de los canales oficiales, a fin de evitar la difusi\u00f3n de rumores o datos no confirmados en un contexto que demanda prudencia y responsabilidad colectiva.<\/p>\n<div class=\"fb-background-color\">\n\t\t\t  <div \n\t\t\t  \tclass = \"fb-comments\" \n\t\t\t  \tdata-href = \"https:\/\/diarioavanzada.com.mx\/?p=114502\"\n\t\t\t  \tdata-numposts = \"10\"\n\t\t\t  \tdata-lazy = \"true\"\n\t\t\t\tdata-colorscheme = \"light\"\n\t\t\t\tdata-order-by = \"social\"\n\t\t\t\tdata-mobile=true>\n\t\t\t  <\/div><\/div>\n\t\t  <style>\n\t\t    .fb-background-color {\n\t\t\t\tbackground:  !important;\n\t\t\t}\n\t\t\t.fb_iframe_widget_fluid_desktop iframe {\n\t\t\t    width: 100% !important;\n\t\t\t}\n\t\t  <\/style>\n\t\t  ","protected":false},"excerpt":{"rendered":"<p>El ayuntamiento inform\u00f3 que las oficinas permanecer\u00e1n sin labores este martes 24 de febrero como medida preventiva; el servicio se reanudar\u00e1 hasta nuevo aviso. Jalisco, M\u00e9xico, Avanzada (24\/02\/2026).- El Ayuntamiento de Tonaya confirm\u00f3 que este martes 24 de febrero las oficinas de la Presidencia Municipal continuar\u00e1n sin actividades, en atenci\u00f3n a los hechos de seguridad [&hellip;]<\/p>\n","protected":false},"author":7,"featured_media":114501,"comment_status":"closed","ping_status":"closed","sticky":false,"template":"","format":"standard","meta":{"_coblocks_attr":"","_coblocks_dimensions":"","_coblocks_responsive_height":"","_coblocks_accordion_ie_support":"","_crdt_document":"","advanced_seo_description":"","jetpack_seo_html_title":"","jetpack_seo_noindex":false,"_jetpack_memberships_contains_paid_content":false,"footnotes":""},"categories":[353,22,7,231],"tags":[210],"class_list":["post-114502","post","type-post","status-publish","format-standard","has-post-thumbnail","hentry","category-jalisco","category-nacion","category-noticias","category-seguridad","tag-portada"],"jetpack_featured_media_url":"https:\/\/diarioavanzada.com.mx\/wp-content\/uploads\/2026\/02\/img_0554.jpg","jetpack-related-posts":[],"jetpack_sharing_enabled":true,"amp_enabled":true,"_links":{"self":[{"href":"https:\/\/diarioavanzada.com.mx\/index.php?rest_route=\/wp\/v2\/posts\/114502","targetHints":{"allow":["GET"]}}],"collection":[{"href":"https:\/\/diarioavanzada.com.mx\/index.php?rest_route=\/wp\/v2\/posts"}],"about":[{"href":"https:\/\/diarioavanzada.com.mx\/index.php?rest_route=\/wp\/v2\/types\/post"}],"author":[{"embeddable":true,"href":"https:\/\/diarioavanzada.com.mx\/index.php?rest_route=\/wp\/v2\/users\/7"}],"replies":[{"embeddable":true,"href":"https:\/\/diarioavanzada.com.mx\/index.php?rest_route=%2Fwp%2Fv2%2Fcomments&post=114502"}],"version-history":[{"count":0,"href":"https:\/\/diarioavanzada.com.mx\/index.php?rest_route=\/wp\/v2\/posts\/114502\/revisions"}],"wp:featuredmedia":[{"embeddable":true,"href":"https:\/\/diarioavanzada.com.mx\/index.php?rest_route=\/wp\/v2\/media\/114501"}],"wp:attachment":[{"href":"https:\/\/diarioavanzada.com.mx\/index.php?rest_route=%2Fwp%2Fv2%2Fmedia&parent=114502"}],"wp:term":[{"taxonomy":"category","embeddable":true,"href":"https:\/\/diarioavanzada.com.mx\/index.php?rest_route=%2Fwp%2Fv2%2Fcategories&post=114502"},{"taxonomy":"post_tag","embeddable":true,"href":"https:\/\/diarioavanzada.com.mx\/index.php?rest_route=%2Fwp%2Fv2%2Ftags&post=114502"}],"curies":[{"name":"wp","href":"https:\/\/api.w.org\/{rel}","templated":true}]}}