{"id":114394,"date":"2026-02-23T15:32:08","date_gmt":"2026-02-23T21:32:08","guid":{"rendered":"https:\/\/diarioavanzada.com.mx\/?p=114394"},"modified":"2026-02-23T15:42:25","modified_gmt":"2026-02-23T21:42:25","slug":"se-busca-miguel-angel-tiene-56-anos-desaparecio-en-cuauhtemoc-colima","status":"publish","type":"post","link":"https:\/\/diarioavanzada.com.mx\/?p=114394","title":{"rendered":"Se busca: Miguel \u00c1ngel tiene 56 a\u00f1os, desapareci\u00f3 en Cuauht\u00e9moc, Colima"},"content":{"rendered":"\n<p class=\"wp-block-paragraph\">Colima, M\u00e9xico, Avanzada (23\/02\/2026).- La Comisi\u00f3n de B\u00fasqueda de Personas del Estado de Colima difundi\u00f3 una ficha para localizar a Miguel \u00c1ngel Flores Espinosa, de 56 a\u00f1os de edad, quien fue visto por \u00faltima vez en el municipio de Cuauht\u00e9moc.<\/p>\n\n\n\n<p class=\"wp-block-paragraph\">De acuerdo con la informaci\u00f3n oficial, su desaparici\u00f3n ocurri\u00f3 en el a\u00f1o 2020; sin embargo, el reporte formal fue presentado ante las autoridades el 29 de enero de 2026.<\/p>\n\n\n\n<p class=\"wp-block-paragraph\">Miguel \u00c1ngel Flores Espinosa es de sexo masculino, mide 1.61 metros de estatura, tiene rostro ovalado y tez morena clara. Como se\u00f1as particulares, cuenta con un tatuaje en la espalda con la imagen de la Virgen de Guadalupe.<\/p>\n\n\n\n<p class=\"wp-block-paragraph\">Entre sus caracter\u00edsticas f\u00edsicas se detalla que tiene nariz grande y horizontal, cabello rizado, corto y de color negro, as\u00ed como ojos peque\u00f1os color verde.<\/p>\n\n\n\n<p class=\"wp-block-paragraph\">En la ficha de b\u00fasqueda se se\u00f1ala que se desconoce la vestimenta que portaba al momento de su extrav\u00edo.<\/p>\n\n\n\n<p class=\"wp-block-paragraph\">La Comisi\u00f3n solicit\u00f3 el apoyo de la ciudadan\u00eda para aportar cualquier informaci\u00f3n que contribuya a su localizaci\u00f3n. Para ello, puso a disposici\u00f3n el n\u00famero telef\u00f3nico 312 131 3809, reiterando que cualquier dato puede ser determinante para dar con su paradero.<\/p>\n\n\n\n<figure class=\"wp-block-image size-large\"><img loading=\"lazy\" decoding=\"async\" width=\"940\" height=\"788\" src=\"https:\/\/diarioavanzada.com.mx\/wp-content\/uploads\/2026\/02\/c8a8bf2a-b959-480a-adad-bee6ddd7bebd.jpg\" class=\"wp-image-114393\" srcset=\"https:\/\/diarioavanzada.com.mx\/wp-content\/uploads\/2026\/02\/c8a8bf2a-b959-480a-adad-bee6ddd7bebd.jpg 940w, https:\/\/diarioavanzada.com.mx\/wp-content\/uploads\/2026\/02\/c8a8bf2a-b959-480a-adad-bee6ddd7bebd-300x251.jpg 300w, https:\/\/diarioavanzada.com.mx\/wp-content\/uploads\/2026\/02\/c8a8bf2a-b959-480a-adad-bee6ddd7bebd-768x644.jpg 768w\" sizes=\"auto, (max-width: 940px) 100vw, 940px\" \/><\/figure>\n<div class=\"fb-background-color\">\n\t\t\t  <div \n\t\t\t  \tclass = \"fb-comments\" \n\t\t\t  \tdata-href = \"https:\/\/diarioavanzada.com.mx\/?p=114394\"\n\t\t\t  \tdata-numposts = \"10\"\n\t\t\t  \tdata-lazy = \"true\"\n\t\t\t\tdata-colorscheme = \"light\"\n\t\t\t\tdata-order-by = \"social\"\n\t\t\t\tdata-mobile=true>\n\t\t\t  <\/div><\/div>\n\t\t  <style>\n\t\t    .fb-background-color {\n\t\t\t\tbackground:  !important;\n\t\t\t}\n\t\t\t.fb_iframe_widget_fluid_desktop iframe {\n\t\t\t    width: 100% !important;\n\t\t\t}\n\t\t  <\/style>\n\t\t  ","protected":false},"excerpt":{"rendered":"<p>Colima, M\u00e9xico, Avanzada (23\/02\/2026).- La Comisi\u00f3n de B\u00fasqueda de Personas del Estado de Colima difundi\u00f3 una ficha para localizar a Miguel \u00c1ngel Flores Espinosa, de 56 a\u00f1os de edad, quien fue visto por \u00faltima vez en el municipio de Cuauht\u00e9moc. De acuerdo con la informaci\u00f3n oficial, su desaparici\u00f3n ocurri\u00f3 en el a\u00f1o 2020; sin embargo, [&hellip;]<\/p>\n","protected":false},"author":7,"featured_media":114402,"comment_status":"closed","ping_status":"closed","sticky":false,"template":"","format":"standard","meta":{"_coblocks_attr":"","_coblocks_dimensions":"","_coblocks_responsive_height":"","_coblocks_accordion_ie_support":"","_crdt_document":"","advanced_seo_description":"","jetpack_seo_html_title":"","jetpack_seo_noindex":false,"_jetpack_memberships_contains_paid_content":false,"footnotes":""},"categories":[19,209,7,29],"tags":[210],"class_list":["post-114394","post","type-post","status-publish","format-standard","has-post-thumbnail","hentry","category-colima","category-importantes","category-noticias","category-sociedad","tag-portada"],"jetpack_featured_media_url":"https:\/\/diarioavanzada.com.mx\/wp-content\/uploads\/2026\/02\/img_0525.png","jetpack-related-posts":[],"jetpack_sharing_enabled":true,"amp_enabled":true,"_links":{"self":[{"href":"https:\/\/diarioavanzada.com.mx\/index.php?rest_route=\/wp\/v2\/posts\/114394","targetHints":{"allow":["GET"]}}],"collection":[{"href":"https:\/\/diarioavanzada.com.mx\/index.php?rest_route=\/wp\/v2\/posts"}],"about":[{"href":"https:\/\/diarioavanzada.com.mx\/index.php?rest_route=\/wp\/v2\/types\/post"}],"author":[{"embeddable":true,"href":"https:\/\/diarioavanzada.com.mx\/index.php?rest_route=\/wp\/v2\/users\/7"}],"replies":[{"embeddable":true,"href":"https:\/\/diarioavanzada.com.mx\/index.php?rest_route=%2Fwp%2Fv2%2Fcomments&post=114394"}],"version-history":[{"count":1,"href":"https:\/\/diarioavanzada.com.mx\/index.php?rest_route=\/wp\/v2\/posts\/114394\/revisions"}],"predecessor-version":[{"id":114403,"href":"https:\/\/diarioavanzada.com.mx\/index.php?rest_route=\/wp\/v2\/posts\/114394\/revisions\/114403"}],"wp:featuredmedia":[{"embeddable":true,"href":"https:\/\/diarioavanzada.com.mx\/index.php?rest_route=\/wp\/v2\/media\/114402"}],"wp:attachment":[{"href":"https:\/\/diarioavanzada.com.mx\/index.php?rest_route=%2Fwp%2Fv2%2Fmedia&parent=114394"}],"wp:term":[{"taxonomy":"category","embeddable":true,"href":"https:\/\/diarioavanzada.com.mx\/index.php?rest_route=%2Fwp%2Fv2%2Fcategories&post=114394"},{"taxonomy":"post_tag","embeddable":true,"href":"https:\/\/diarioavanzada.com.mx\/index.php?rest_route=%2Fwp%2Fv2%2Ftags&post=114394"}],"curies":[{"name":"wp","href":"https:\/\/api.w.org\/{rel}","templated":true}]}}