{"id":11402,"date":"2020-03-20T12:54:52","date_gmt":"2020-03-20T17:54:52","guid":{"rendered":"https:\/\/diarioavanzada.com.mx\/?p=11402"},"modified":"2020-03-20T12:54:54","modified_gmt":"2020-03-20T17:54:54","slug":"restauranteros-lanzan-sos-ventas-caen-80","status":"publish","type":"post","link":"https:\/\/diarioavanzada.com.mx\/?p=11402","title":{"rendered":"Restauranteros lanzan SOS, ventas caen 80%"},"content":{"rendered":"\n<p class=\"wp-block-paragraph\">Colima, M\u00e9xico, Avanzada (20\/03\/2020).-&nbsp;El sector restaurantero en Colima empieza a resentir el aislamiento social que decret\u00f3 el gobernador, Ignacio Peralta S\u00e1nchez como una medida para evitar los contagios por el COVID-19, pues las ventas han ca\u00eddo hasta en un 80 por ciento y la tendencia es a la baja.<\/p>\n\n\n\n<p class=\"wp-block-paragraph\">Aunque la autoridad local no orden\u00f3 el cierre de los negocios, la mayor\u00eda de la poblaci\u00f3n evita las concentraciones en espacios como bares y restaurantes.<\/p>\n\n\n\n<p class=\"wp-block-paragraph\">El presidente de la CANIRAC,&nbsp;Felipe Santana afirm\u00f3 que en estos momentos, la actividad econ\u00f3mica est\u00e1 paralizada y los restauranteros tienen&nbsp;conflictos fuertes con los proveedores, acreedores y los bancos.<\/p>\n\n\n\n<p class=\"wp-block-paragraph\">\u201cLo \u00fanico que estamos pidiendo es ser escuchados y apoyados en varios temas, pero principalmente en lo laboral. No queremos quedarnos sin nuestro equipo de trabajo, que se la ha venido rajando con nosotros desde hace&nbsp;varios a\u00f1os que venimos arrastrando la cobija. Despu\u00e9s de esta situaci\u00f3n (la declaratoria de emergencia) ser\u00e1 m\u00e1s complicado y lo que estamos pidiendo es que nos apoyen para preservar las fuentes de empleo\u201d.<\/p>\n\n\n\n<p class=\"wp-block-paragraph\">En entrevista con la Mejor FM, el l\u00edder de la CANIRAC sentenci\u00f3 que buscan garantizar la plantilla laboral y ofrecerles la tranquilidad a los trabajadores, \u201ccreemos que le falta a la declaratoria y siguiendo otros ejemplos, en Quintana Roo se prev\u00e9 c\u00f3mo reactivar\u00e1 la econom\u00eda&nbsp; y esperamos que aqu\u00ed se haga lo mismo\u201d.<\/p>\n\n\n\n<p class=\"wp-block-paragraph\">Refiri\u00f3 que el sector restaurantero tiene cuatro d\u00edas con ventas donde no est\u00e1 obteniendo ingresos ni para para operaci\u00f3n diaria, \u201ctenemos los restaurantes s\u00faper limpios. Sabemos que la situaci\u00f3n es complicad\u00edsima y estamos tambi\u00e9n preocupados por nuestra salud, andar gestionando en oficinas, tratando con los proveedores, y llegar al restaurante para tener todo en orden\u201d.<\/p>\n\n\n\n<p class=\"wp-block-paragraph\">Refiri\u00f3 que la declaratoria de emergencia hecha por el gobernador Ignacio Peralta fue buena porque se ofreci\u00f3 a tiempo de frenar los contagios, pero fue desafortunada la forma en la que se comunic\u00f3.<\/p>\n\n\n\n<p class=\"wp-block-paragraph\">\u201cAl decir que los restaurantes deb\u00edamos de cerrar cre\u00f3 mucha confusi\u00f3n &nbsp;y debi\u00f3 decirse&nbsp; que podr\u00edan estar abiertos atendiendo la contingencia pero que en la medida de que fuera avanzando, se podr\u00edan cerrar los restaurantes\u201d, explic\u00f3.<\/p>\n<div class=\"fb-background-color\">\n\t\t\t  <div \n\t\t\t  \tclass = \"fb-comments\" \n\t\t\t  \tdata-href = \"https:\/\/diarioavanzada.com.mx\/?p=11402\"\n\t\t\t  \tdata-numposts = \"10\"\n\t\t\t  \tdata-lazy = \"true\"\n\t\t\t\tdata-colorscheme = \"light\"\n\t\t\t\tdata-order-by = \"social\"\n\t\t\t\tdata-mobile=true>\n\t\t\t  <\/div><\/div>\n\t\t  <style>\n\t\t    .fb-background-color {\n\t\t\t\tbackground:  !important;\n\t\t\t}\n\t\t\t.fb_iframe_widget_fluid_desktop iframe {\n\t\t\t    width: 100% !important;\n\t\t\t}\n\t\t  <\/style>\n\t\t  ","protected":false},"excerpt":{"rendered":"<p>Colima, M\u00e9xico, Avanzada (20\/03\/2020).-&nbsp;El sector restaurantero en Colima empieza a resentir el aislamiento social que decret\u00f3 el gobernador, Ignacio Peralta S\u00e1nchez como una medida para evitar los contagios por el COVID-19, pues las ventas han ca\u00eddo hasta en un 80 por ciento y la tendencia es a la baja. Aunque la autoridad local no orden\u00f3 [&hellip;]<\/p>\n","protected":false},"author":5,"featured_media":11403,"comment_status":"closed","ping_status":"closed","sticky":false,"template":"","format":"standard","meta":{"_coblocks_attr":"","_coblocks_dimensions":"","_coblocks_responsive_height":"","_coblocks_accordion_ie_support":"","advanced_seo_description":"","jetpack_seo_html_title":"","jetpack_seo_noindex":false,"jetpack_seo_schema_type":"","_jetpack_newsletter_access":"","_jetpack_dont_email_post_to_subs":false,"_jetpack_newsletter_tier_id":0,"_jetpack_memberships_contains_paywalled_content":false,"_wpcom_ai_launchpad_first_post":false,"_jetpack_feature_clip_id":0,"_jetpack_memberships_contains_paid_content":false,"footnotes":"","jetpack_post_was_ever_published":false},"categories":[7],"tags":[300,227,210],"class_list":["post-11402","post","type-post","status-publish","format-standard","has-post-thumbnail","hentry","category-noticias","tag-covid-19","tag-economia","tag-portada"],"jetpack-related-posts":[],"jetpack_sharing_enabled":true,"amp_enabled":true,"jetpack_featured_media_url":"https:\/\/diarioavanzada.com.mx\/wp-content\/uploads\/2020\/03\/89976069_2247900422181249_2365850608646225920_o.png","_links":{"self":[{"href":"https:\/\/diarioavanzada.com.mx\/index.php?rest_route=\/wp\/v2\/posts\/11402","targetHints":{"allow":["GET"]}}],"collection":[{"href":"https:\/\/diarioavanzada.com.mx\/index.php?rest_route=\/wp\/v2\/posts"}],"about":[{"href":"https:\/\/diarioavanzada.com.mx\/index.php?rest_route=\/wp\/v2\/types\/post"}],"author":[{"embeddable":true,"href":"https:\/\/diarioavanzada.com.mx\/index.php?rest_route=\/wp\/v2\/users\/5"}],"replies":[{"embeddable":true,"href":"https:\/\/diarioavanzada.com.mx\/index.php?rest_route=%2Fwp%2Fv2%2Fcomments&post=11402"}],"version-history":[{"count":0,"href":"https:\/\/diarioavanzada.com.mx\/index.php?rest_route=\/wp\/v2\/posts\/11402\/revisions"}],"wp:featuredmedia":[{"embeddable":true,"href":"https:\/\/diarioavanzada.com.mx\/index.php?rest_route=\/wp\/v2\/media\/11403"}],"wp:attachment":[{"href":"https:\/\/diarioavanzada.com.mx\/index.php?rest_route=%2Fwp%2Fv2%2Fmedia&parent=11402"}],"wp:term":[{"taxonomy":"category","embeddable":true,"href":"https:\/\/diarioavanzada.com.mx\/index.php?rest_route=%2Fwp%2Fv2%2Fcategories&post=11402"},{"taxonomy":"post_tag","embeddable":true,"href":"https:\/\/diarioavanzada.com.mx\/index.php?rest_route=%2Fwp%2Fv2%2Ftags&post=11402"}],"curies":[{"name":"wp","href":"https:\/\/api.w.org\/{rel}","templated":true}]}}