{"id":113838,"date":"2026-02-18T11:04:00","date_gmt":"2026-02-18T17:04:00","guid":{"rendered":"https:\/\/diarioavanzada.com.mx\/?p=113838"},"modified":"2026-02-18T11:04:00","modified_gmt":"2026-02-18T17:04:00","slug":"se-registra-un-sismo-de-magnitud-5-0-al-suroeste-de-pinotepa-nacional-oaxaca","status":"publish","type":"post","link":"https:\/\/diarioavanzada.com.mx\/?p=113838","title":{"rendered":"Se registra un sismo de magnitud 5.0 al suroeste de Pinotepa Nacional, Oaxaca"},"content":{"rendered":"\n<p class=\"p1 wp-block-paragraph\">Colima, M\u00e9xico, Avanzada (18\/02\/2026).- El Servicio Sismol\u00f3gico Nacional inform\u00f3 de manera preliminar que la tarde de este lunes 17 de febrero de 2026 se registr\u00f3 un sismo de magnitud 5.0, con epicentro localizado a 102 kil\u00f3metros al suroeste de Santiago Pinotepa Nacional.<\/p>\n\n\n\n<p class=\"p1 wp-block-paragraph\">De acuerdo con el reporte oficial, el movimiento tel\u00farico ocurri\u00f3 a las 18:19:12 horas, con coordenadas 15.52 de latitud y -98.49 de longitud, y una profundidad de 10 kil\u00f3metros.<\/p>\n\n\n\n<p class=\"p1 wp-block-paragraph\">Hasta el momento, las autoridades no han reportado da\u00f1os materiales ni personas lesionadas; sin embargo, se mantiene el monitoreo en la regi\u00f3n para descartar afectaciones.<\/p>\n\n\n\n<p class=\"p1 wp-block-paragraph\">Protecci\u00f3n Civil exhort\u00f3 a la poblaci\u00f3n a mantener la calma y atender \u00fanicamente la informaci\u00f3n emitida por fuentes oficiales, ante la posibilidad de r\u00e9plicas derivadas del evento s\u00edsmico.<\/p>\n<div class=\"fb-background-color\">\n\t\t\t  <div \n\t\t\t  \tclass = \"fb-comments\" \n\t\t\t  \tdata-href = \"https:\/\/diarioavanzada.com.mx\/?p=113838\"\n\t\t\t  \tdata-numposts = \"10\"\n\t\t\t  \tdata-lazy = \"true\"\n\t\t\t\tdata-colorscheme = \"light\"\n\t\t\t\tdata-order-by = \"social\"\n\t\t\t\tdata-mobile=true>\n\t\t\t  <\/div><\/div>\n\t\t  <style>\n\t\t    .fb-background-color {\n\t\t\t\tbackground:  !important;\n\t\t\t}\n\t\t\t.fb_iframe_widget_fluid_desktop iframe {\n\t\t\t    width: 100% !important;\n\t\t\t}\n\t\t  <\/style>\n\t\t  ","protected":false},"excerpt":{"rendered":"<p>Colima, M\u00e9xico, Avanzada (18\/02\/2026).- El Servicio Sismol\u00f3gico Nacional inform\u00f3 de manera preliminar que la tarde de este lunes 17 de febrero de 2026 se registr\u00f3 un sismo de magnitud 5.0, con epicentro localizado a 102 kil\u00f3metros al suroeste de Santiago Pinotepa Nacional. De acuerdo con el reporte oficial, el movimiento tel\u00farico ocurri\u00f3 a las 18:19:12 [&hellip;]<\/p>\n","protected":false},"author":7,"featured_media":113837,"comment_status":"closed","ping_status":"closed","sticky":false,"template":"","format":"standard","meta":{"_coblocks_attr":"","_coblocks_dimensions":"","_coblocks_responsive_height":"","_coblocks_accordion_ie_support":"","_crdt_document":"","advanced_seo_description":"","jetpack_seo_html_title":"","jetpack_seo_noindex":false,"_jetpack_memberships_contains_paid_content":false,"footnotes":""},"categories":[1,209,22,7,29],"tags":[],"class_list":["post-113838","post","type-post","status-publish","format-standard","has-post-thumbnail","hentry","category-general","category-importantes","category-nacion","category-noticias","category-sociedad"],"jetpack_featured_media_url":"https:\/\/diarioavanzada.com.mx\/wp-content\/uploads\/2026\/02\/img_1096.png","jetpack-related-posts":[],"jetpack_sharing_enabled":true,"amp_enabled":true,"_links":{"self":[{"href":"https:\/\/diarioavanzada.com.mx\/index.php?rest_route=\/wp\/v2\/posts\/113838","targetHints":{"allow":["GET"]}}],"collection":[{"href":"https:\/\/diarioavanzada.com.mx\/index.php?rest_route=\/wp\/v2\/posts"}],"about":[{"href":"https:\/\/diarioavanzada.com.mx\/index.php?rest_route=\/wp\/v2\/types\/post"}],"author":[{"embeddable":true,"href":"https:\/\/diarioavanzada.com.mx\/index.php?rest_route=\/wp\/v2\/users\/7"}],"replies":[{"embeddable":true,"href":"https:\/\/diarioavanzada.com.mx\/index.php?rest_route=%2Fwp%2Fv2%2Fcomments&post=113838"}],"version-history":[{"count":0,"href":"https:\/\/diarioavanzada.com.mx\/index.php?rest_route=\/wp\/v2\/posts\/113838\/revisions"}],"wp:featuredmedia":[{"embeddable":true,"href":"https:\/\/diarioavanzada.com.mx\/index.php?rest_route=\/wp\/v2\/media\/113837"}],"wp:attachment":[{"href":"https:\/\/diarioavanzada.com.mx\/index.php?rest_route=%2Fwp%2Fv2%2Fmedia&parent=113838"}],"wp:term":[{"taxonomy":"category","embeddable":true,"href":"https:\/\/diarioavanzada.com.mx\/index.php?rest_route=%2Fwp%2Fv2%2Fcategories&post=113838"},{"taxonomy":"post_tag","embeddable":true,"href":"https:\/\/diarioavanzada.com.mx\/index.php?rest_route=%2Fwp%2Fv2%2Ftags&post=113838"}],"curies":[{"name":"wp","href":"https:\/\/api.w.org\/{rel}","templated":true}]}}