{"id":11365,"date":"2020-03-18T11:46:20","date_gmt":"2020-03-18T16:46:20","guid":{"rendered":"https:\/\/diarioavanzada.com.mx\/?p=11365"},"modified":"2020-03-18T11:47:39","modified_gmt":"2020-03-18T16:47:39","slug":"11365","status":"publish","type":"post","link":"https:\/\/diarioavanzada.com.mx\/?p=11365","title":{"rendered":"&#8220;Si paro de trabajar, no como&#8221;, dice Alicia de 69 a\u00f1os de edad"},"content":{"rendered":"\n<p class=\"wp-block-paragraph\">Colima, M\u00e9xico (18\/03\/2020).- Alicia tiene&nbsp; 69 a\u00f1os de edad, nunca ha tenido un empleo formal, no tiene acceso a una pensi\u00f3n y trabaja todos los d\u00edas en la venta de pollo lavado para poder comer y comprar sus medicamentos.<\/p>\n\n\n\n<p class=\"wp-block-paragraph\">Cerrar durante 15 d\u00edas su peque\u00f1o negocio significa que tendr\u00e1 problemas para comprar el gal\u00f3n de agua, el kilo de frijol, las tortillas, el az\u00facar, el jab\u00f3n y cualquier cosa indispensable para poder sobrevivir.<\/p>\n\n\n\n<p class=\"wp-block-paragraph\">\u201cYo vivo al d\u00eda. Si no trabajo no como y si he o\u00eddo lo que se dice que se cerrar\u00e1 todo; si es as\u00ed yo no s\u00e9 qu\u00e9 har\u00e9. Necesito vender para comer. As\u00ed lo he hecho desde hace 30 a\u00f1os\u201d.<\/p>\n\n\n\n<p class=\"wp-block-paragraph\">De lunes a domingo trabaja durante 8 horas seguidas, la mayor\u00eda de ese tiempo est\u00e1 de pie, aunque sus huesos resienten la actividad econ\u00f3mica que realiza, pero ella sabe que de la venta diaria tiene los ingresos que le garantizan su alimentaci\u00f3n y la de su familia.<\/p>\n\n\n\n<p class=\"wp-block-paragraph\">Ella sabe de la existencia del Coronavirus y le preocupa la enfermedad, m\u00e1s por lo que escucha con la gente que asiste a comprar pollo. Intent\u00f3 comprar gel antibacterial para poner al ingreso de su negocio pero ya no encontr\u00f3, tampoco alcohol, as\u00ed que s\u00f3lo le apuesta a que la enfermedad pase de largo y no la afecte, pues acaba de salir de una gripe que afect\u00f3 sus pulmones.<\/p>\n\n\n\n<p class=\"wp-block-paragraph\">&#8211; \u00bfHa escuchado hablar sobre el aislamiento social para evitar la propagaci\u00f3n del Coronavirus? Se le pregunt\u00f3.<\/p>\n\n\n\n<p class=\"wp-block-paragraph\">\u201cYo s\u00e9 lo que dice la gente, pero yo estoy preocupada porque si no sale nadie \u00bfqui\u00e9n me va a comprar y c\u00f3mo voy a tener dinero? Dice mientras contin\u00faa con la actividad que le ha permitido sobre vivir durante las \u00faltimas tres d\u00e9cadas.&nbsp;<\/p>\n<div class=\"fb-background-color\">\n\t\t\t  <div \n\t\t\t  \tclass = \"fb-comments\" \n\t\t\t  \tdata-href = \"https:\/\/diarioavanzada.com.mx\/?p=11365\"\n\t\t\t  \tdata-numposts = \"10\"\n\t\t\t  \tdata-lazy = \"true\"\n\t\t\t\tdata-colorscheme = \"light\"\n\t\t\t\tdata-order-by = \"social\"\n\t\t\t\tdata-mobile=true>\n\t\t\t  <\/div><\/div>\n\t\t  <style>\n\t\t    .fb-background-color {\n\t\t\t\tbackground:  !important;\n\t\t\t}\n\t\t\t.fb_iframe_widget_fluid_desktop iframe {\n\t\t\t    width: 100% !important;\n\t\t\t}\n\t\t  <\/style>\n\t\t  ","protected":false},"excerpt":{"rendered":"<p>Colima, M\u00e9xico (18\/03\/2020).- Alicia tiene&nbsp; 69 a\u00f1os de edad, nunca ha tenido un empleo formal, no tiene acceso a una pensi\u00f3n y trabaja todos los d\u00edas en la venta de pollo lavado para poder comer y comprar sus medicamentos. Cerrar durante 15 d\u00edas su peque\u00f1o negocio significa que tendr\u00e1 problemas para comprar el gal\u00f3n de [&hellip;]<\/p>\n","protected":false},"author":5,"featured_media":11366,"comment_status":"closed","ping_status":"closed","sticky":false,"template":"","format":"standard","meta":{"_coblocks_attr":"","_coblocks_dimensions":"","_coblocks_responsive_height":"","_coblocks_accordion_ie_support":"","advanced_seo_description":"","jetpack_seo_html_title":"","jetpack_seo_noindex":false,"jetpack_seo_schema_type":"","_jetpack_newsletter_access":"","_jetpack_dont_email_post_to_subs":false,"_jetpack_newsletter_tier_id":0,"_jetpack_memberships_contains_paywalled_content":false,"_wpcom_ai_launchpad_first_post":false,"_jetpack_feature_clip_id":0,"_jetpack_memberships_contains_paid_content":false,"footnotes":"","jetpack_post_was_ever_published":false},"categories":[7],"tags":[300,227,210],"class_list":["post-11365","post","type-post","status-publish","format-standard","has-post-thumbnail","hentry","category-noticias","tag-covid-19","tag-economia","tag-portada"],"jetpack-related-posts":[],"jetpack_sharing_enabled":true,"amp_enabled":true,"jetpack_featured_media_url":"https:\/\/diarioavanzada.com.mx\/wp-content\/uploads\/2020\/03\/Pollo-lavado.jpg","_links":{"self":[{"href":"https:\/\/diarioavanzada.com.mx\/index.php?rest_route=\/wp\/v2\/posts\/11365","targetHints":{"allow":["GET"]}}],"collection":[{"href":"https:\/\/diarioavanzada.com.mx\/index.php?rest_route=\/wp\/v2\/posts"}],"about":[{"href":"https:\/\/diarioavanzada.com.mx\/index.php?rest_route=\/wp\/v2\/types\/post"}],"author":[{"embeddable":true,"href":"https:\/\/diarioavanzada.com.mx\/index.php?rest_route=\/wp\/v2\/users\/5"}],"replies":[{"embeddable":true,"href":"https:\/\/diarioavanzada.com.mx\/index.php?rest_route=%2Fwp%2Fv2%2Fcomments&post=11365"}],"version-history":[{"count":0,"href":"https:\/\/diarioavanzada.com.mx\/index.php?rest_route=\/wp\/v2\/posts\/11365\/revisions"}],"wp:featuredmedia":[{"embeddable":true,"href":"https:\/\/diarioavanzada.com.mx\/index.php?rest_route=\/wp\/v2\/media\/11366"}],"wp:attachment":[{"href":"https:\/\/diarioavanzada.com.mx\/index.php?rest_route=%2Fwp%2Fv2%2Fmedia&parent=11365"}],"wp:term":[{"taxonomy":"category","embeddable":true,"href":"https:\/\/diarioavanzada.com.mx\/index.php?rest_route=%2Fwp%2Fv2%2Fcategories&post=11365"},{"taxonomy":"post_tag","embeddable":true,"href":"https:\/\/diarioavanzada.com.mx\/index.php?rest_route=%2Fwp%2Fv2%2Ftags&post=11365"}],"curies":[{"name":"wp","href":"https:\/\/api.w.org\/{rel}","templated":true}]}}