{"id":113553,"date":"2026-02-16T06:58:50","date_gmt":"2026-02-16T12:58:50","guid":{"rendered":"https:\/\/diarioavanzada.com.mx\/?p=113553"},"modified":"2026-02-16T06:58:50","modified_gmt":"2026-02-16T12:58:50","slug":"colima-alcanzara-hasta-40-c-este-lunes-prevalecera-ambiente-caluroso-en-el-pacifico-centro","status":"publish","type":"post","link":"https:\/\/diarioavanzada.com.mx\/?p=113553","title":{"rendered":"Colima alcanzar\u00e1 hasta 40 \u00b0C este lunes; prevalecer\u00e1 ambiente caluroso en el Pac\u00edfico Centro"},"content":{"rendered":"\n<p class=\"p1 wp-block-paragraph\">Colima, M\u00e9xico, Avanzada (16\/02\/2026).- Colima registrar\u00e1 este lunes 16 de febrero temperaturas m\u00e1ximas de entre 35 y 40 grados Celsius, de acuerdo con el pron\u00f3stico del Servicio Meteorol\u00f3gico Nacional (SMN), que prev\u00e9 ambiente caluroso a muy caluroso en el occidente del pa\u00eds.<\/p>\n\n\n\n<p class=\"p1 wp-block-paragraph\">Mientras un nuevo frente fr\u00edo se aproxima a Baja California y generar\u00e1 lluvias fuertes, rachas de viento e incluso posible ca\u00edda de nieve en esa entidad, en el Pac\u00edfico Centro \u2014regi\u00f3n a la que pertenece Colima\u2014 no se esperan precipitaciones y dominar\u00e1 cielo parcialmente nublado a medio nublado.<\/p>\n\n\n\n<p class=\"p1 wp-block-paragraph\">El organismo dependiente de la Comisi\u00f3n Nacional del Agua (Conagua) inform\u00f3 que el ingreso de aire c\u00e1lido y h\u00famedo del oc\u00e9ano Pac\u00edfico, combinado con inestabilidad atmosf\u00e9rica, favorecer\u00e1 lluvias y chubascos en algunas zonas del occidente; sin embargo, en Colima no se contemplan acumulados significativos.<\/p>\n\n\n\n<p class=\"p1 wp-block-paragraph\">Para la regi\u00f3n del Pac\u00edfico Centro se prev\u00e9 por la ma\u00f1ana ambiente fresco a templado, con posibles bancos de niebla en zonas serranas de estados vecinos como Jalisco y Michoac\u00e1n. Por la tarde, el ambiente ser\u00e1 caluroso a muy caluroso. Adem\u00e1s, se esperan vientos de direcci\u00f3n variable de 10 a 20 kil\u00f3metros por hora, con rachas de hasta 30 a 50 km\/h en Nayarit, Jalisco y Michoac\u00e1n.<\/p>\n\n\n\n<p class=\"p1 wp-block-paragraph\">A nivel nacional, el frente fr\u00edo en interacci\u00f3n con una vaguada polar y la corriente en chorro subtropical ocasionar\u00e1 lluvias puntuales fuertes en Baja California, chubascos en Sonora y lluvias aisladas en Baja California Sur. En contraste, un anticicl\u00f3n en niveles medios de la atm\u00f3sfera mantendr\u00e1 ambiente c\u00e1lido a caluroso en gran parte del pa\u00eds, aunque persistir\u00e1 fr\u00edo durante la ma\u00f1ana y noche en entidades de la Mesa del Norte y la Mesa Central.<\/p>\n\n\n\n<p class=\"p1 wp-block-paragraph\">El SMN advirti\u00f3 que las lluvias fuertes podr\u00edan generar incremento en niveles de r\u00edos y arroyos, deslaves e inundaciones, mientras que las rachas intensas de viento podr\u00edan derribar \u00e1rboles y anuncios publicitarios. Tambi\u00e9n se prev\u00e9 la presencia de bancos de niebla en diversas regiones, lo que podr\u00eda reducir la visibilidad en carreteras.<\/p>\n\n\n\n<p class=\"p1 wp-block-paragraph\">En cuanto a temperaturas extremas, se esperan valores de 40 a 45 \u00b0C en zonas de Michoac\u00e1n, Guerrero, Oaxaca y Chiapas; mientras que en Colima el term\u00f3metro podr\u00eda alcanzar entre 35 y 40 \u00b0C, por lo que se recomienda a la poblaci\u00f3n mantenerse hidratada, evitar la exposici\u00f3n prolongada al sol y atender las indicaciones de Protecci\u00f3n Civil.<\/p>\n<div class=\"fb-background-color\">\n\t\t\t  <div \n\t\t\t  \tclass = \"fb-comments\" \n\t\t\t  \tdata-href = \"https:\/\/diarioavanzada.com.mx\/?p=113553\"\n\t\t\t  \tdata-numposts = \"10\"\n\t\t\t  \tdata-lazy = \"true\"\n\t\t\t\tdata-colorscheme = \"light\"\n\t\t\t\tdata-order-by = \"social\"\n\t\t\t\tdata-mobile=true>\n\t\t\t  <\/div><\/div>\n\t\t  <style>\n\t\t    .fb-background-color {\n\t\t\t\tbackground:  !important;\n\t\t\t}\n\t\t\t.fb_iframe_widget_fluid_desktop iframe {\n\t\t\t    width: 100% !important;\n\t\t\t}\n\t\t  <\/style>\n\t\t  ","protected":false},"excerpt":{"rendered":"<p>Colima, M\u00e9xico, Avanzada (16\/02\/2026).- Colima registrar\u00e1 este lunes 16 de febrero temperaturas m\u00e1ximas de entre 35 y 40 grados Celsius, de acuerdo con el pron\u00f3stico del Servicio Meteorol\u00f3gico Nacional (SMN), que prev\u00e9 ambiente caluroso a muy caluroso en el occidente del pa\u00eds. Mientras un nuevo frente fr\u00edo se aproxima a Baja California y generar\u00e1 lluvias [&hellip;]<\/p>\n","protected":false},"author":7,"featured_media":113552,"comment_status":"closed","ping_status":"closed","sticky":false,"template":"","format":"standard","meta":{"_coblocks_attr":"","_coblocks_dimensions":"","_coblocks_responsive_height":"","_coblocks_accordion_ie_support":"","_crdt_document":"","advanced_seo_description":"","jetpack_seo_html_title":"","jetpack_seo_noindex":false,"_jetpack_memberships_contains_paid_content":false,"footnotes":""},"categories":[19,1,209,7,29],"tags":[],"class_list":["post-113553","post","type-post","status-publish","format-standard","has-post-thumbnail","hentry","category-colima","category-general","category-importantes","category-noticias","category-sociedad"],"jetpack_featured_media_url":"https:\/\/diarioavanzada.com.mx\/wp-content\/uploads\/2026\/02\/img_1050.jpg","jetpack-related-posts":[],"jetpack_sharing_enabled":true,"amp_enabled":true,"_links":{"self":[{"href":"https:\/\/diarioavanzada.com.mx\/index.php?rest_route=\/wp\/v2\/posts\/113553","targetHints":{"allow":["GET"]}}],"collection":[{"href":"https:\/\/diarioavanzada.com.mx\/index.php?rest_route=\/wp\/v2\/posts"}],"about":[{"href":"https:\/\/diarioavanzada.com.mx\/index.php?rest_route=\/wp\/v2\/types\/post"}],"author":[{"embeddable":true,"href":"https:\/\/diarioavanzada.com.mx\/index.php?rest_route=\/wp\/v2\/users\/7"}],"replies":[{"embeddable":true,"href":"https:\/\/diarioavanzada.com.mx\/index.php?rest_route=%2Fwp%2Fv2%2Fcomments&post=113553"}],"version-history":[{"count":0,"href":"https:\/\/diarioavanzada.com.mx\/index.php?rest_route=\/wp\/v2\/posts\/113553\/revisions"}],"wp:featuredmedia":[{"embeddable":true,"href":"https:\/\/diarioavanzada.com.mx\/index.php?rest_route=\/wp\/v2\/media\/113552"}],"wp:attachment":[{"href":"https:\/\/diarioavanzada.com.mx\/index.php?rest_route=%2Fwp%2Fv2%2Fmedia&parent=113553"}],"wp:term":[{"taxonomy":"category","embeddable":true,"href":"https:\/\/diarioavanzada.com.mx\/index.php?rest_route=%2Fwp%2Fv2%2Fcategories&post=113553"},{"taxonomy":"post_tag","embeddable":true,"href":"https:\/\/diarioavanzada.com.mx\/index.php?rest_route=%2Fwp%2Fv2%2Ftags&post=113553"}],"curies":[{"name":"wp","href":"https:\/\/api.w.org\/{rel}","templated":true}]}}