{"id":11177,"date":"2020-03-10T21:46:13","date_gmt":"2020-03-11T02:46:13","guid":{"rendered":"https:\/\/diarioavanzada.com.mx\/?p=11177"},"modified":"2020-03-10T21:48:40","modified_gmt":"2020-03-11T02:48:40","slug":"a-20-dias-de-la-peticion-osafig-ignora-al-congreso","status":"publish","type":"post","link":"https:\/\/diarioavanzada.com.mx\/?p=11177","title":{"rendered":"A 20 d\u00edas de la petici\u00f3n, OSAFIG ignora al Congreso"},"content":{"rendered":"\n<p class=\"wp-block-paragraph\">Colima, M\u00e9xico, Avanzada (10\/03\/2020).- El \u00d3rgano Superior de Auditor\u00eda y Fiscalizaci\u00f3n gubernamental (OSAFIG) no ha respondido si realizar\u00e1 o no las investigaciones especiales que solicit\u00f3 el Congreso del Estado el pasado 20 de febrero al Gobierno de Colima por la adquisici\u00f3n de los terrenos de la XX Zona Militar y la compra de la Campana, as\u00ed como a los Ayuntamientos de Manzanillo y Tecom\u00e1n y sus respectivas comisiones de agua.<\/p>\n\n\n\n<p class=\"wp-block-paragraph\">Dichas investigaciones pretenden definir la ruta cr\u00edtica que seguir\u00e1 el Poder Legislativo en el \u00e1mbito de sus competencias para determinar si promueve sanciones administrativas o &nbsp;respalda un juicio pol\u00edtico en contra del gobernador, Ignacio Peralta S\u00e1nchez por violaciones a la Constituci\u00f3n en la adquisici\u00f3n de los terrenos de la Zona Militar y la compra de La Campana.<\/p>\n\n\n\n<p class=\"wp-block-paragraph\">Ante la falta de respuesta del OSAFIG diputados locales, entre ellos el presidente de la Comisi\u00f3n de Hacienda, Julio Anguiano se\u00f1alaron que esperar\u00e1n a que esta semana el OSAFIG les env\u00ede la informaci\u00f3n sobre el inicio de las investigaciones, de lo contrario le solicitar\u00e1n a la titular del OSAFIG, Indira Garc\u00eda P\u00e9rez, que se pronuncie sobre las propuestas hechas por el legislativo.<\/p>\n\n\n\n<p class=\"wp-block-paragraph\">\u201cNosotros esperamos tener una respuesta satisfactoria a nuestra petici\u00f3n esta semana. Creemos que no debe haber problemas, y el OSAFIG puede realizar las investigaciones para profundizar en la informaci\u00f3n que arroj\u00f3 la fiscalizaci\u00f3n a las Cuentas P\u00fablicas correspondientes al 2018 y en donde se se\u00f1alan presuntas irregularidades\u201d, dijo.<\/p>\n\n\n\n<p class=\"wp-block-paragraph\">El pasado 20 de febrero, los diputados locales aprobaron que el OSAFIG realice tres investigaciones especiales al Gobierno del Estado por sospechas de irregularidades en el manejo de los recursos p\u00fablicos. Las pesquisas son por la adquisici\u00f3n de los terrenos de la XX Zona Militar y la forma en la que se ejercieron 200 millones de pesos destinados para este prop\u00f3sito; la adquisici\u00f3n de los terrenos de la Campana y la n\u00f3mina de las secretar\u00edas de Salud y Seguridad por sospechas de malos manejos.<\/p>\n\n\n\n<p class=\"wp-block-paragraph\">Tambi\u00e9n solicitaron una investigaci\u00f3n especial a las cuentas de los Ayuntamientos de Manzanillo y Tecom\u00e1n durante el trienio 2015-2018, as\u00ed como a las comisiones municipales de agua de esos dos municipios.<\/p>\n<div class=\"fb-background-color\">\n\t\t\t  <div \n\t\t\t  \tclass = \"fb-comments\" \n\t\t\t  \tdata-href = \"https:\/\/diarioavanzada.com.mx\/?p=11177\"\n\t\t\t  \tdata-numposts = \"10\"\n\t\t\t  \tdata-lazy = \"true\"\n\t\t\t\tdata-colorscheme = \"light\"\n\t\t\t\tdata-order-by = \"social\"\n\t\t\t\tdata-mobile=true>\n\t\t\t  <\/div><\/div>\n\t\t  <style>\n\t\t    .fb-background-color {\n\t\t\t\tbackground:  !important;\n\t\t\t}\n\t\t\t.fb_iframe_widget_fluid_desktop iframe {\n\t\t\t    width: 100% !important;\n\t\t\t}\n\t\t  <\/style>\n\t\t  ","protected":false},"excerpt":{"rendered":"<p>Colima, M\u00e9xico, Avanzada (10\/03\/2020).- El \u00d3rgano Superior de Auditor\u00eda y Fiscalizaci\u00f3n gubernamental (OSAFIG) no ha respondido si realizar\u00e1 o no las investigaciones especiales que solicit\u00f3 el Congreso del Estado el pasado 20 de febrero al Gobierno de Colima por la adquisici\u00f3n de los terrenos de la XX Zona Militar y la compra de la Campana, [&hellip;]<\/p>\n","protected":false},"author":5,"featured_media":11178,"comment_status":"closed","ping_status":"closed","sticky":false,"template":"","format":"standard","meta":{"_coblocks_attr":"","_coblocks_dimensions":"","_coblocks_responsive_height":"","_coblocks_accordion_ie_support":"","_crdt_document":"","advanced_seo_description":"","jetpack_seo_html_title":"","jetpack_seo_noindex":false,"_jetpack_memberships_contains_paid_content":false,"footnotes":""},"categories":[19],"tags":[210],"class_list":["post-11177","post","type-post","status-publish","format-standard","has-post-thumbnail","hentry","category-colima","tag-portada"],"jetpack_featured_media_url":"https:\/\/diarioavanzada.com.mx\/wp-content\/uploads\/2020\/03\/CRE\u0301DITO.jpg","jetpack-related-posts":[],"jetpack_sharing_enabled":true,"amp_enabled":true,"_links":{"self":[{"href":"https:\/\/diarioavanzada.com.mx\/index.php?rest_route=\/wp\/v2\/posts\/11177","targetHints":{"allow":["GET"]}}],"collection":[{"href":"https:\/\/diarioavanzada.com.mx\/index.php?rest_route=\/wp\/v2\/posts"}],"about":[{"href":"https:\/\/diarioavanzada.com.mx\/index.php?rest_route=\/wp\/v2\/types\/post"}],"author":[{"embeddable":true,"href":"https:\/\/diarioavanzada.com.mx\/index.php?rest_route=\/wp\/v2\/users\/5"}],"replies":[{"embeddable":true,"href":"https:\/\/diarioavanzada.com.mx\/index.php?rest_route=%2Fwp%2Fv2%2Fcomments&post=11177"}],"version-history":[{"count":0,"href":"https:\/\/diarioavanzada.com.mx\/index.php?rest_route=\/wp\/v2\/posts\/11177\/revisions"}],"wp:featuredmedia":[{"embeddable":true,"href":"https:\/\/diarioavanzada.com.mx\/index.php?rest_route=\/wp\/v2\/media\/11178"}],"wp:attachment":[{"href":"https:\/\/diarioavanzada.com.mx\/index.php?rest_route=%2Fwp%2Fv2%2Fmedia&parent=11177"}],"wp:term":[{"taxonomy":"category","embeddable":true,"href":"https:\/\/diarioavanzada.com.mx\/index.php?rest_route=%2Fwp%2Fv2%2Fcategories&post=11177"},{"taxonomy":"post_tag","embeddable":true,"href":"https:\/\/diarioavanzada.com.mx\/index.php?rest_route=%2Fwp%2Fv2%2Ftags&post=11177"}],"curies":[{"name":"wp","href":"https:\/\/api.w.org\/{rel}","templated":true}]}}