{"id":111647,"date":"2026-01-29T19:43:28","date_gmt":"2026-01-30T01:43:28","guid":{"rendered":"https:\/\/diarioavanzada.com.mx\/?p=111647"},"modified":"2026-01-29T19:43:31","modified_gmt":"2026-01-30T01:43:31","slug":"sostienen-encuentro-de-principios-de-ano-agremiadas-de-las-acu-y-rector","status":"publish","type":"post","link":"https:\/\/diarioavanzada.com.mx\/?p=111647","title":{"rendered":"Sostienen encuentro de principios\u00a0de a\u00f1o agremiadas de las ACU y rector"},"content":{"rendered":"\n<p class=\"wp-block-paragraph\"><em>El rector aprovech\u00f3 el momento para agradecer a Adriana Isabel Andrade S\u00e1nchez, presidenta de la ACU, as\u00ed como a las agremiadas de este pilar universitario, la invitaci\u00f3n, y para desearles lo mejor en este 2026.<\/em><\/p>\n\n\n\n<p class=\"wp-block-paragraph\">Colima, M\u00e9xico, Comunicado (29\/01\/2026).- La Asociaci\u00f3n Colimense de Universitarias (ACU) refrend\u00f3 su compromiso de trabajar en unidad con la Universidad de Colima, durante la tradicional partida de rosca a la que asisti\u00f3 el rector Christian Torres Ortiz, este mi\u00e9rcoles 28 de enero en las instalaciones de dicha Asociaci\u00f3n.<\/p>\n\n\n\n<p class=\"wp-block-paragraph\">El rector aprovech\u00f3 el momento para agradecer a Adriana Isabel Andrade S\u00e1nchez, presidenta de la ACU, as\u00ed como a las agremiadas de este pilar universitario, la invitaci\u00f3n, y para desearles lo mejor en este 2026.<\/p>\n\n\n\n<p class=\"wp-block-paragraph\">Se\u00f1al\u00f3 que, aunque el presente a\u00f1o se ve bastante desafiante, tiene la confianza de que con unidad lograr\u00e1 la casa de estudios enfrentar de la mejor manera todos los retos que se presenten. Aunque las dificultades financieras impactar\u00e1n en nuestra Universidad, dijo, se seguir\u00e1 gestionando este tema para cumplir con todos los compromisos institucionales, por lo que pidi\u00f3 mantener la unidad por el bien com\u00fan.<\/p>\n\n\n\n<p class=\"wp-block-paragraph\">Christian Torres reiter\u00f3 que a pesar de todo, la UdeC no deja de crecer, diversificando la oferta educativa y ampliando la cobertura. \u201cVamos a seguir trabajando y haciendo lo mejor para continuar siendo una de las mejores universidades del pa\u00eds\u201d.<\/p>\n\n\n\n<figure class=\"wp-block-image size-large\"><img loading=\"lazy\" decoding=\"async\" width=\"1024\" height=\"683\" src=\"https:\/\/diarioavanzada.com.mx\/wp-content\/uploads\/2026\/01\/Encuentro-del-rector-con-integrantes-de-la-ACU-1024x683.jpg\" alt=\"\" class=\"wp-image-111649\" srcset=\"https:\/\/diarioavanzada.com.mx\/wp-content\/uploads\/2026\/01\/Encuentro-del-rector-con-integrantes-de-la-ACU-1024x683.jpg 1024w, https:\/\/diarioavanzada.com.mx\/wp-content\/uploads\/2026\/01\/Encuentro-del-rector-con-integrantes-de-la-ACU-300x200.jpg 300w, https:\/\/diarioavanzada.com.mx\/wp-content\/uploads\/2026\/01\/Encuentro-del-rector-con-integrantes-de-la-ACU-768x512.jpg 768w, https:\/\/diarioavanzada.com.mx\/wp-content\/uploads\/2026\/01\/Encuentro-del-rector-con-integrantes-de-la-ACU-1536x1024.jpg 1536w, https:\/\/diarioavanzada.com.mx\/wp-content\/uploads\/2026\/01\/Encuentro-del-rector-con-integrantes-de-la-ACU-2048x1365.jpg 2048w, https:\/\/diarioavanzada.com.mx\/wp-content\/uploads\/2026\/01\/Encuentro-del-rector-con-integrantes-de-la-ACU-1200x800.jpg 1200w\" sizes=\"auto, (max-width: 1024px) 100vw, 1024px\" \/><\/figure>\n\n\n\n<figure class=\"wp-block-image size-large\"><img loading=\"lazy\" decoding=\"async\" width=\"1024\" height=\"683\" src=\"https:\/\/diarioavanzada.com.mx\/wp-content\/uploads\/2026\/01\/Encuentro-del-rector-con-integrantes-de-la-ACU_c-1024x683.jpg\" alt=\"\" class=\"wp-image-111650\" srcset=\"https:\/\/diarioavanzada.com.mx\/wp-content\/uploads\/2026\/01\/Encuentro-del-rector-con-integrantes-de-la-ACU_c-1024x683.jpg 1024w, https:\/\/diarioavanzada.com.mx\/wp-content\/uploads\/2026\/01\/Encuentro-del-rector-con-integrantes-de-la-ACU_c-300x200.jpg 300w, https:\/\/diarioavanzada.com.mx\/wp-content\/uploads\/2026\/01\/Encuentro-del-rector-con-integrantes-de-la-ACU_c-768x512.jpg 768w, https:\/\/diarioavanzada.com.mx\/wp-content\/uploads\/2026\/01\/Encuentro-del-rector-con-integrantes-de-la-ACU_c-1536x1024.jpg 1536w, https:\/\/diarioavanzada.com.mx\/wp-content\/uploads\/2026\/01\/Encuentro-del-rector-con-integrantes-de-la-ACU_c-2048x1365.jpg 2048w, https:\/\/diarioavanzada.com.mx\/wp-content\/uploads\/2026\/01\/Encuentro-del-rector-con-integrantes-de-la-ACU_c-1200x800.jpg 1200w\" sizes=\"auto, (max-width: 1024px) 100vw, 1024px\" \/><\/figure>\n\n\n\n<figure class=\"wp-block-image size-large\"><img loading=\"lazy\" decoding=\"async\" width=\"1024\" height=\"669\" src=\"https:\/\/diarioavanzada.com.mx\/wp-content\/uploads\/2026\/01\/Encuentro-del-rector-con-integrantes-de-la-ACU_a-1024x669.jpg\" alt=\"\" class=\"wp-image-111652\" srcset=\"https:\/\/diarioavanzada.com.mx\/wp-content\/uploads\/2026\/01\/Encuentro-del-rector-con-integrantes-de-la-ACU_a-1024x669.jpg 1024w, https:\/\/diarioavanzada.com.mx\/wp-content\/uploads\/2026\/01\/Encuentro-del-rector-con-integrantes-de-la-ACU_a-300x196.jpg 300w, https:\/\/diarioavanzada.com.mx\/wp-content\/uploads\/2026\/01\/Encuentro-del-rector-con-integrantes-de-la-ACU_a-768x502.jpg 768w, https:\/\/diarioavanzada.com.mx\/wp-content\/uploads\/2026\/01\/Encuentro-del-rector-con-integrantes-de-la-ACU_a-1536x1003.jpg 1536w, https:\/\/diarioavanzada.com.mx\/wp-content\/uploads\/2026\/01\/Encuentro-del-rector-con-integrantes-de-la-ACU_a-2048x1338.jpg 2048w, https:\/\/diarioavanzada.com.mx\/wp-content\/uploads\/2026\/01\/Encuentro-del-rector-con-integrantes-de-la-ACU_a-1200x784.jpg 1200w\" sizes=\"auto, (max-width: 1024px) 100vw, 1024px\" \/><\/figure>\n\n\n\n<figure class=\"wp-block-image size-large\"><img loading=\"lazy\" decoding=\"async\" width=\"1024\" height=\"683\" src=\"https:\/\/diarioavanzada.com.mx\/wp-content\/uploads\/2026\/01\/Encuentro-del-rector-con-integrantes-de-la-ACU_b-1024x683.jpg\" alt=\"\" class=\"wp-image-111655\" srcset=\"https:\/\/diarioavanzada.com.mx\/wp-content\/uploads\/2026\/01\/Encuentro-del-rector-con-integrantes-de-la-ACU_b-1024x683.jpg 1024w, https:\/\/diarioavanzada.com.mx\/wp-content\/uploads\/2026\/01\/Encuentro-del-rector-con-integrantes-de-la-ACU_b-300x200.jpg 300w, https:\/\/diarioavanzada.com.mx\/wp-content\/uploads\/2026\/01\/Encuentro-del-rector-con-integrantes-de-la-ACU_b-768x512.jpg 768w, https:\/\/diarioavanzada.com.mx\/wp-content\/uploads\/2026\/01\/Encuentro-del-rector-con-integrantes-de-la-ACU_b-1536x1024.jpg 1536w, https:\/\/diarioavanzada.com.mx\/wp-content\/uploads\/2026\/01\/Encuentro-del-rector-con-integrantes-de-la-ACU_b-2048x1365.jpg 2048w, https:\/\/diarioavanzada.com.mx\/wp-content\/uploads\/2026\/01\/Encuentro-del-rector-con-integrantes-de-la-ACU_b-1200x800.jpg 1200w\" sizes=\"auto, (max-width: 1024px) 100vw, 1024px\" \/><\/figure>\n\n\n\n<p class=\"wp-block-paragraph\"><\/p>\n<div class=\"fb-background-color\">\n\t\t\t  <div \n\t\t\t  \tclass = \"fb-comments\" \n\t\t\t  \tdata-href = \"https:\/\/diarioavanzada.com.mx\/?p=111647\"\n\t\t\t  \tdata-numposts = \"10\"\n\t\t\t  \tdata-lazy = \"true\"\n\t\t\t\tdata-colorscheme = \"light\"\n\t\t\t\tdata-order-by = \"social\"\n\t\t\t\tdata-mobile=true>\n\t\t\t  <\/div><\/div>\n\t\t  <style>\n\t\t    .fb-background-color {\n\t\t\t\tbackground:  !important;\n\t\t\t}\n\t\t\t.fb_iframe_widget_fluid_desktop iframe {\n\t\t\t    width: 100% !important;\n\t\t\t}\n\t\t  <\/style>\n\t\t  ","protected":false},"excerpt":{"rendered":"<p>El rector aprovech\u00f3 el momento para agradecer a Adriana Isabel Andrade S\u00e1nchez, presidenta de la ACU, as\u00ed como a las agremiadas de este pilar universitario, la invitaci\u00f3n, y para desearles lo mejor en este 2026. Colima, M\u00e9xico, Comunicado (29\/01\/2026).- La Asociaci\u00f3n Colimense de Universitarias (ACU) refrend\u00f3 su compromiso de trabajar en unidad con la Universidad [&hellip;]<\/p>\n","protected":false},"author":7,"featured_media":111653,"comment_status":"closed","ping_status":"closed","sticky":false,"template":"","format":"standard","meta":{"_coblocks_attr":"","_coblocks_dimensions":"","_coblocks_responsive_height":"","_coblocks_accordion_ie_support":"","_crdt_document":"","advanced_seo_description":"","jetpack_seo_html_title":"","jetpack_seo_noindex":false,"_jetpack_memberships_contains_paid_content":false,"footnotes":""},"categories":[19,209,7],"tags":[],"class_list":["post-111647","post","type-post","status-publish","format-standard","has-post-thumbnail","hentry","category-colima","category-importantes","category-noticias"],"jetpack_featured_media_url":"https:\/\/diarioavanzada.com.mx\/wp-content\/uploads\/2026\/01\/Encuentro-del-rector-con-integrantes-de-la-ACU_d.jpg","jetpack-related-posts":[],"jetpack_sharing_enabled":true,"amp_enabled":true,"_links":{"self":[{"href":"https:\/\/diarioavanzada.com.mx\/index.php?rest_route=\/wp\/v2\/posts\/111647","targetHints":{"allow":["GET"]}}],"collection":[{"href":"https:\/\/diarioavanzada.com.mx\/index.php?rest_route=\/wp\/v2\/posts"}],"about":[{"href":"https:\/\/diarioavanzada.com.mx\/index.php?rest_route=\/wp\/v2\/types\/post"}],"author":[{"embeddable":true,"href":"https:\/\/diarioavanzada.com.mx\/index.php?rest_route=\/wp\/v2\/users\/7"}],"replies":[{"embeddable":true,"href":"https:\/\/diarioavanzada.com.mx\/index.php?rest_route=%2Fwp%2Fv2%2Fcomments&post=111647"}],"version-history":[{"count":4,"href":"https:\/\/diarioavanzada.com.mx\/index.php?rest_route=\/wp\/v2\/posts\/111647\/revisions"}],"predecessor-version":[{"id":111656,"href":"https:\/\/diarioavanzada.com.mx\/index.php?rest_route=\/wp\/v2\/posts\/111647\/revisions\/111656"}],"wp:featuredmedia":[{"embeddable":true,"href":"https:\/\/diarioavanzada.com.mx\/index.php?rest_route=\/wp\/v2\/media\/111653"}],"wp:attachment":[{"href":"https:\/\/diarioavanzada.com.mx\/index.php?rest_route=%2Fwp%2Fv2%2Fmedia&parent=111647"}],"wp:term":[{"taxonomy":"category","embeddable":true,"href":"https:\/\/diarioavanzada.com.mx\/index.php?rest_route=%2Fwp%2Fv2%2Fcategories&post=111647"},{"taxonomy":"post_tag","embeddable":true,"href":"https:\/\/diarioavanzada.com.mx\/index.php?rest_route=%2Fwp%2Fv2%2Ftags&post=111647"}],"curies":[{"name":"wp","href":"https:\/\/api.w.org\/{rel}","templated":true}]}}