{"id":111624,"date":"2026-01-29T19:32:18","date_gmt":"2026-01-30T01:32:18","guid":{"rendered":"https:\/\/diarioavanzada.com.mx\/?p=111624"},"modified":"2026-01-29T19:32:21","modified_gmt":"2026-01-30T01:32:21","slug":"realizan-academicos-primer-coloquio-de-ingenieria-y-tecnologias-emergentes","status":"publish","type":"post","link":"https:\/\/diarioavanzada.com.mx\/?p=111624","title":{"rendered":"Realizan acad\u00e9micos primer Coloquio de Ingenier\u00eda y Tecnolog\u00edas Emergentes"},"content":{"rendered":"\n<p class=\"wp-block-paragraph\"><em>Durante la ma\u00f1ana, en formato h\u00edbrido, ocho acad\u00e9micos presentaron las tendencias actuales en inteligencia artificial, internet de las cosas, tecnolog\u00edas emergentes, ingenier\u00eda y ciberseguridad, entre otros temas.<\/em><\/p>\n\n\n\n<p class=\"wp-block-paragraph\">Colima, M\u00e9xico, Comunicado (29\/01\/2026).- Con el fin de generar un espacio de convergencia para la innovaci\u00f3n, la inteligencia artificial y el desarrollo tecnol\u00f3gico en la Universidad de Colima, este jueves 29 de enero profesores-investigadores de la Facultad de Ingenier\u00eda Mec\u00e1nica y El\u00e9ctrica (FIME), campus Coquimatl\u00e1n, realizaron el primer Coloquio de Ingenier\u00eda y Tecnolog\u00edas Emergentes (CITE 2026)<\/p>\n\n\n\n<p class=\"wp-block-paragraph\">Durante la ma\u00f1ana, en formato h\u00edbrido, ocho acad\u00e9micos presentaron las tendencias actuales en inteligencia artificial, internet de las cosas, tecnolog\u00edas emergentes, ingenier\u00eda y ciberseguridad, para potenciar la formaci\u00f3n acad\u00e9mica y motivar en estudiantes del plantel el inter\u00e9s por la investigaci\u00f3n, la innovaci\u00f3n y el desarrollo tecnol\u00f3gico.<\/p>\n\n\n\n<p class=\"wp-block-paragraph\">En la inauguraci\u00f3n el delegado en Coquimatl\u00e1n, Jes\u00fas Omar Brizuela Padilla, dijo que la FIME es un plantel que \u201cdestaca en temas de inteligencia artificial y ciencia de datos, tanto, que cuenta con una nueva ingenier\u00eda de datos e inteligencia artificial\u201d.<\/p>\n\n\n\n<p class=\"wp-block-paragraph\">Brizuela Padilla destac\u00f3 el inter\u00e9s, organizaci\u00f3n y tiempo que los profesores Walter Mata, Jos\u00e9 Luis \u00c1lvarez y Marcelo Maciel destinan para realizar este coloquio.&nbsp;<\/p>\n\n\n\n<p class=\"wp-block-paragraph\">La conferencia inaugural fue del director de la FIME, V\u00edctor Hugo Castillo Topete, quien habl\u00f3 de la \u201cIA en apoyo a la toma de decisiones m\u00e9dicas\u201d.<\/p>\n\n\n\n<p class=\"wp-block-paragraph\">Castillo Topete habl\u00f3 de dos aplicaciones de la IA como herramienta para la toma de decisiones m\u00e9dicas, una es sobre el manejo de expedientes m\u00e9dicos electr\u00f3nicos y otra sobre la predicci\u00f3n del rompimiento de aneurismas cerebrales.<\/p>\n\n\n\n<p class=\"wp-block-paragraph\">Coment\u00f3 que, a diferencia de los diagn\u00f3sticos actuales, mediante la IA se pueden conocer datos como el tama\u00f1o, la posici\u00f3n, historia cl\u00ednica y movimiento de la sangre, adem\u00e1s de ofrecer una comparaci\u00f3n con bases de datos, an\u00e1lisis de escenarios, \u00edndice de ruptura y hacer modelos 3D.&nbsp;<\/p>\n\n\n\n<p class=\"wp-block-paragraph\">La jornada cont\u00f3 con la participaci\u00f3n del profesor investigador de la Universidad Aut\u00f3noma de San Luis Potos\u00ed, Jorge Sim\u00f3n Rodr\u00edguez, quien present\u00f3 Sistemas y sensores de radiofrecuencia.&nbsp;<\/p>\n\n\n\n<p class=\"wp-block-paragraph\">De casa, participaron los profesores Walter Alexander Mata L\u00f3pez con un tema de \u201cIA generativa al servicio de la comunidad cient\u00edfica\u201d; Jos\u00e9 Luis \u00c1lvarez Flores, con su investigaci\u00f3n de \u201cDispositivos electr\u00f3nicos en apoyo a la salud\u201d y Ferm\u00edn Marcelo Rub\u00e9n Maciel Barboza, con \u201cUna mirada did\u00e1ctica a la IA explicable\u201d.<\/p>\n\n\n\n<p class=\"wp-block-paragraph\">Otros temas fueron \u201cIntegraci\u00f3n de la IA en comunicaciones inal\u00e1mbricas\u201d, a cargo de Roilhi Frajo Ibarra Hern\u00e1ndez (UNAM) y \u201cTecnolog\u00edas candidatas para redes 6G\u201d, por Francisco R. Castillo Soria (UASLP).<\/p>\n\n\n\n<p class=\"wp-block-paragraph\">Para conocer los pormenores de la jornada, se puede consultar el link en Facebook <a href=\"https:\/\/www.facebook.com\/share\/v\/1CcsNHY3w6\/\">https:\/\/www.facebook.com\/share\/v\/1CcsNHY3w6\/<\/a><\/p>\n\n\n\n<figure class=\"wp-block-image size-large\"><img loading=\"lazy\" decoding=\"async\" width=\"1024\" height=\"768\" src=\"https:\/\/diarioavanzada.com.mx\/wp-content\/uploads\/2026\/01\/Primer-Coloquio-de-Ingenieria-y-Tecnologias-Emergentes_a-1024x768.jpeg\" alt=\"\" class=\"wp-image-111627\" srcset=\"https:\/\/diarioavanzada.com.mx\/wp-content\/uploads\/2026\/01\/Primer-Coloquio-de-Ingenieria-y-Tecnologias-Emergentes_a-1024x768.jpeg 1024w, https:\/\/diarioavanzada.com.mx\/wp-content\/uploads\/2026\/01\/Primer-Coloquio-de-Ingenieria-y-Tecnologias-Emergentes_a-300x225.jpeg 300w, https:\/\/diarioavanzada.com.mx\/wp-content\/uploads\/2026\/01\/Primer-Coloquio-de-Ingenieria-y-Tecnologias-Emergentes_a-768x576.jpeg 768w, https:\/\/diarioavanzada.com.mx\/wp-content\/uploads\/2026\/01\/Primer-Coloquio-de-Ingenieria-y-Tecnologias-Emergentes_a-1536x1152.jpeg 1536w, https:\/\/diarioavanzada.com.mx\/wp-content\/uploads\/2026\/01\/Primer-Coloquio-de-Ingenieria-y-Tecnologias-Emergentes_a-1200x900.jpeg?crop=1 1200w, https:\/\/diarioavanzada.com.mx\/wp-content\/uploads\/2026\/01\/Primer-Coloquio-de-Ingenieria-y-Tecnologias-Emergentes_a-800x600.jpeg?crop=1 800w, https:\/\/diarioavanzada.com.mx\/wp-content\/uploads\/2026\/01\/Primer-Coloquio-de-Ingenieria-y-Tecnologias-Emergentes_a-600x450.jpeg?crop=1 600w, https:\/\/diarioavanzada.com.mx\/wp-content\/uploads\/2026\/01\/Primer-Coloquio-de-Ingenieria-y-Tecnologias-Emergentes_a-400x300.jpeg?crop=1 400w, https:\/\/diarioavanzada.com.mx\/wp-content\/uploads\/2026\/01\/Primer-Coloquio-de-Ingenieria-y-Tecnologias-Emergentes_a-200x150.jpeg?crop=1 200w, https:\/\/diarioavanzada.com.mx\/wp-content\/uploads\/2026\/01\/Primer-Coloquio-de-Ingenieria-y-Tecnologias-Emergentes_a.jpeg 1600w\" sizes=\"auto, (max-width: 1024px) 100vw, 1024px\" \/><\/figure>\n\n\n\n<figure class=\"wp-block-image size-large\"><img loading=\"lazy\" decoding=\"async\" width=\"1024\" height=\"768\" src=\"https:\/\/diarioavanzada.com.mx\/wp-content\/uploads\/2026\/01\/Primer-Coloquio-de-Ingenieria-y-Tecnologias-Emergentes_b-1024x768.jpeg\" alt=\"\" class=\"wp-image-111628\" srcset=\"https:\/\/diarioavanzada.com.mx\/wp-content\/uploads\/2026\/01\/Primer-Coloquio-de-Ingenieria-y-Tecnologias-Emergentes_b-1024x768.jpeg 1024w, https:\/\/diarioavanzada.com.mx\/wp-content\/uploads\/2026\/01\/Primer-Coloquio-de-Ingenieria-y-Tecnologias-Emergentes_b-300x225.jpeg 300w, https:\/\/diarioavanzada.com.mx\/wp-content\/uploads\/2026\/01\/Primer-Coloquio-de-Ingenieria-y-Tecnologias-Emergentes_b-768x576.jpeg 768w, https:\/\/diarioavanzada.com.mx\/wp-content\/uploads\/2026\/01\/Primer-Coloquio-de-Ingenieria-y-Tecnologias-Emergentes_b-1536x1152.jpeg 1536w, https:\/\/diarioavanzada.com.mx\/wp-content\/uploads\/2026\/01\/Primer-Coloquio-de-Ingenieria-y-Tecnologias-Emergentes_b-1200x900.jpeg?crop=1 1200w, https:\/\/diarioavanzada.com.mx\/wp-content\/uploads\/2026\/01\/Primer-Coloquio-de-Ingenieria-y-Tecnologias-Emergentes_b-800x600.jpeg?crop=1 800w, https:\/\/diarioavanzada.com.mx\/wp-content\/uploads\/2026\/01\/Primer-Coloquio-de-Ingenieria-y-Tecnologias-Emergentes_b-600x450.jpeg?crop=1 600w, https:\/\/diarioavanzada.com.mx\/wp-content\/uploads\/2026\/01\/Primer-Coloquio-de-Ingenieria-y-Tecnologias-Emergentes_b-400x300.jpeg?crop=1 400w, https:\/\/diarioavanzada.com.mx\/wp-content\/uploads\/2026\/01\/Primer-Coloquio-de-Ingenieria-y-Tecnologias-Emergentes_b-200x150.jpeg?crop=1 200w, https:\/\/diarioavanzada.com.mx\/wp-content\/uploads\/2026\/01\/Primer-Coloquio-de-Ingenieria-y-Tecnologias-Emergentes_b.jpeg 1600w\" sizes=\"auto, (max-width: 1024px) 100vw, 1024px\" \/><\/figure>\n\n\n\n<figure class=\"wp-block-image size-large\"><img loading=\"lazy\" decoding=\"async\" width=\"1024\" height=\"683\" src=\"https:\/\/diarioavanzada.com.mx\/wp-content\/uploads\/2026\/01\/Primer-Coloquio-de-Ingenieria-y-Tecnologias-Emergentes-1024x683.jpg\" alt=\"\" class=\"wp-image-111630\" srcset=\"https:\/\/diarioavanzada.com.mx\/wp-content\/uploads\/2026\/01\/Primer-Coloquio-de-Ingenieria-y-Tecnologias-Emergentes-1024x683.jpg 1024w, https:\/\/diarioavanzada.com.mx\/wp-content\/uploads\/2026\/01\/Primer-Coloquio-de-Ingenieria-y-Tecnologias-Emergentes-300x200.jpg 300w, https:\/\/diarioavanzada.com.mx\/wp-content\/uploads\/2026\/01\/Primer-Coloquio-de-Ingenieria-y-Tecnologias-Emergentes-768x512.jpg 768w, https:\/\/diarioavanzada.com.mx\/wp-content\/uploads\/2026\/01\/Primer-Coloquio-de-Ingenieria-y-Tecnologias-Emergentes-1536x1024.jpg 1536w, https:\/\/diarioavanzada.com.mx\/wp-content\/uploads\/2026\/01\/Primer-Coloquio-de-Ingenieria-y-Tecnologias-Emergentes-2048x1365.jpg 2048w, https:\/\/diarioavanzada.com.mx\/wp-content\/uploads\/2026\/01\/Primer-Coloquio-de-Ingenieria-y-Tecnologias-Emergentes-1200x800.jpg 1200w\" sizes=\"auto, (max-width: 1024px) 100vw, 1024px\" \/><\/figure>\n\n\n\n<figure class=\"wp-block-image size-large\"><img loading=\"lazy\" decoding=\"async\" width=\"1024\" height=\"683\" src=\"https:\/\/diarioavanzada.com.mx\/wp-content\/uploads\/2026\/01\/Primer-Coloquio-de-Ingenieria-y-Tecnologias-Emergentes_Brizuela-1024x683.jpg\" alt=\"\" class=\"wp-image-111631\" srcset=\"https:\/\/diarioavanzada.com.mx\/wp-content\/uploads\/2026\/01\/Primer-Coloquio-de-Ingenieria-y-Tecnologias-Emergentes_Brizuela-1024x683.jpg 1024w, https:\/\/diarioavanzada.com.mx\/wp-content\/uploads\/2026\/01\/Primer-Coloquio-de-Ingenieria-y-Tecnologias-Emergentes_Brizuela-300x200.jpg 300w, https:\/\/diarioavanzada.com.mx\/wp-content\/uploads\/2026\/01\/Primer-Coloquio-de-Ingenieria-y-Tecnologias-Emergentes_Brizuela-768x512.jpg 768w, https:\/\/diarioavanzada.com.mx\/wp-content\/uploads\/2026\/01\/Primer-Coloquio-de-Ingenieria-y-Tecnologias-Emergentes_Brizuela-1536x1024.jpg 1536w, https:\/\/diarioavanzada.com.mx\/wp-content\/uploads\/2026\/01\/Primer-Coloquio-de-Ingenieria-y-Tecnologias-Emergentes_Brizuela-2048x1365.jpg 2048w, https:\/\/diarioavanzada.com.mx\/wp-content\/uploads\/2026\/01\/Primer-Coloquio-de-Ingenieria-y-Tecnologias-Emergentes_Brizuela-1200x800.jpg 1200w\" sizes=\"auto, (max-width: 1024px) 100vw, 1024px\" \/><\/figure>\n\n\n\n<figure class=\"wp-block-image size-large\"><img loading=\"lazy\" decoding=\"async\" width=\"1024\" height=\"768\" src=\"https:\/\/diarioavanzada.com.mx\/wp-content\/uploads\/2026\/01\/Primer-Coloquio-de-Ingenieria-y-Tecnologias-Emergentes_d-1024x768.jpeg\" alt=\"\" class=\"wp-image-111634\" srcset=\"https:\/\/diarioavanzada.com.mx\/wp-content\/uploads\/2026\/01\/Primer-Coloquio-de-Ingenieria-y-Tecnologias-Emergentes_d-1024x768.jpeg 1024w, https:\/\/diarioavanzada.com.mx\/wp-content\/uploads\/2026\/01\/Primer-Coloquio-de-Ingenieria-y-Tecnologias-Emergentes_d-300x225.jpeg 300w, https:\/\/diarioavanzada.com.mx\/wp-content\/uploads\/2026\/01\/Primer-Coloquio-de-Ingenieria-y-Tecnologias-Emergentes_d-768x576.jpeg 768w, https:\/\/diarioavanzada.com.mx\/wp-content\/uploads\/2026\/01\/Primer-Coloquio-de-Ingenieria-y-Tecnologias-Emergentes_d-1536x1152.jpeg 1536w, https:\/\/diarioavanzada.com.mx\/wp-content\/uploads\/2026\/01\/Primer-Coloquio-de-Ingenieria-y-Tecnologias-Emergentes_d-1200x900.jpeg?crop=1 1200w, https:\/\/diarioavanzada.com.mx\/wp-content\/uploads\/2026\/01\/Primer-Coloquio-de-Ingenieria-y-Tecnologias-Emergentes_d-800x600.jpeg?crop=1 800w, https:\/\/diarioavanzada.com.mx\/wp-content\/uploads\/2026\/01\/Primer-Coloquio-de-Ingenieria-y-Tecnologias-Emergentes_d-600x450.jpeg?crop=1 600w, https:\/\/diarioavanzada.com.mx\/wp-content\/uploads\/2026\/01\/Primer-Coloquio-de-Ingenieria-y-Tecnologias-Emergentes_d-400x300.jpeg?crop=1 400w, https:\/\/diarioavanzada.com.mx\/wp-content\/uploads\/2026\/01\/Primer-Coloquio-de-Ingenieria-y-Tecnologias-Emergentes_d-200x150.jpeg?crop=1 200w, https:\/\/diarioavanzada.com.mx\/wp-content\/uploads\/2026\/01\/Primer-Coloquio-de-Ingenieria-y-Tecnologias-Emergentes_d.jpeg 1600w\" sizes=\"auto, (max-width: 1024px) 100vw, 1024px\" \/><\/figure>\n\n\n\n<figure class=\"wp-block-image size-large\"><img loading=\"lazy\" decoding=\"async\" width=\"1024\" height=\"683\" src=\"https:\/\/diarioavanzada.com.mx\/wp-content\/uploads\/2026\/01\/Primer-Coloquio-de-Ingenieria-y-Tecnologias-Emergentes_Victor-1024x683.jpg\" alt=\"\" class=\"wp-image-111635\" srcset=\"https:\/\/diarioavanzada.com.mx\/wp-content\/uploads\/2026\/01\/Primer-Coloquio-de-Ingenieria-y-Tecnologias-Emergentes_Victor-1024x683.jpg 1024w, https:\/\/diarioavanzada.com.mx\/wp-content\/uploads\/2026\/01\/Primer-Coloquio-de-Ingenieria-y-Tecnologias-Emergentes_Victor-300x200.jpg 300w, https:\/\/diarioavanzada.com.mx\/wp-content\/uploads\/2026\/01\/Primer-Coloquio-de-Ingenieria-y-Tecnologias-Emergentes_Victor-768x512.jpg 768w, https:\/\/diarioavanzada.com.mx\/wp-content\/uploads\/2026\/01\/Primer-Coloquio-de-Ingenieria-y-Tecnologias-Emergentes_Victor-1536x1024.jpg 1536w, https:\/\/diarioavanzada.com.mx\/wp-content\/uploads\/2026\/01\/Primer-Coloquio-de-Ingenieria-y-Tecnologias-Emergentes_Victor-2048x1365.jpg 2048w, https:\/\/diarioavanzada.com.mx\/wp-content\/uploads\/2026\/01\/Primer-Coloquio-de-Ingenieria-y-Tecnologias-Emergentes_Victor-1200x800.jpg 1200w\" sizes=\"auto, (max-width: 1024px) 100vw, 1024px\" \/><\/figure>\n\n\n\n<p class=\"wp-block-paragraph\"><\/p>\n<div class=\"fb-background-color\">\n\t\t\t  <div \n\t\t\t  \tclass = \"fb-comments\" \n\t\t\t  \tdata-href = \"https:\/\/diarioavanzada.com.mx\/?p=111624\"\n\t\t\t  \tdata-numposts = \"10\"\n\t\t\t  \tdata-lazy = \"true\"\n\t\t\t\tdata-colorscheme = \"light\"\n\t\t\t\tdata-order-by = \"social\"\n\t\t\t\tdata-mobile=true>\n\t\t\t  <\/div><\/div>\n\t\t  <style>\n\t\t    .fb-background-color {\n\t\t\t\tbackground:  !important;\n\t\t\t}\n\t\t\t.fb_iframe_widget_fluid_desktop iframe {\n\t\t\t    width: 100% !important;\n\t\t\t}\n\t\t  <\/style>\n\t\t  ","protected":false},"excerpt":{"rendered":"<p>Durante la ma\u00f1ana, en formato h\u00edbrido, ocho acad\u00e9micos presentaron las tendencias actuales en inteligencia artificial, internet de las cosas, tecnolog\u00edas emergentes, ingenier\u00eda y ciberseguridad, entre otros temas. Colima, M\u00e9xico, Comunicado (29\/01\/2026).- Con el fin de generar un espacio de convergencia para la innovaci\u00f3n, la inteligencia artificial y el desarrollo tecnol\u00f3gico en la Universidad de Colima, [&hellip;]<\/p>\n","protected":false},"author":7,"featured_media":111632,"comment_status":"closed","ping_status":"closed","sticky":false,"template":"","format":"standard","meta":{"_coblocks_attr":"","_coblocks_dimensions":"","_coblocks_responsive_height":"","_coblocks_accordion_ie_support":"","_crdt_document":"","advanced_seo_description":"","jetpack_seo_html_title":"","jetpack_seo_noindex":false,"_jetpack_memberships_contains_paid_content":false,"footnotes":""},"categories":[19,209,7],"tags":[],"class_list":["post-111624","post","type-post","status-publish","format-standard","has-post-thumbnail","hentry","category-colima","category-importantes","category-noticias"],"jetpack_featured_media_url":"https:\/\/diarioavanzada.com.mx\/wp-content\/uploads\/2026\/01\/Primer-Coloquio-de-Ingenieria-y-Tecnologias-Emergentes_b.jpg","jetpack-related-posts":[],"jetpack_sharing_enabled":true,"amp_enabled":true,"_links":{"self":[{"href":"https:\/\/diarioavanzada.com.mx\/index.php?rest_route=\/wp\/v2\/posts\/111624","targetHints":{"allow":["GET"]}}],"collection":[{"href":"https:\/\/diarioavanzada.com.mx\/index.php?rest_route=\/wp\/v2\/posts"}],"about":[{"href":"https:\/\/diarioavanzada.com.mx\/index.php?rest_route=\/wp\/v2\/types\/post"}],"author":[{"embeddable":true,"href":"https:\/\/diarioavanzada.com.mx\/index.php?rest_route=\/wp\/v2\/users\/7"}],"replies":[{"embeddable":true,"href":"https:\/\/diarioavanzada.com.mx\/index.php?rest_route=%2Fwp%2Fv2%2Fcomments&post=111624"}],"version-history":[{"count":6,"href":"https:\/\/diarioavanzada.com.mx\/index.php?rest_route=\/wp\/v2\/posts\/111624\/revisions"}],"predecessor-version":[{"id":111638,"href":"https:\/\/diarioavanzada.com.mx\/index.php?rest_route=\/wp\/v2\/posts\/111624\/revisions\/111638"}],"wp:featuredmedia":[{"embeddable":true,"href":"https:\/\/diarioavanzada.com.mx\/index.php?rest_route=\/wp\/v2\/media\/111632"}],"wp:attachment":[{"href":"https:\/\/diarioavanzada.com.mx\/index.php?rest_route=%2Fwp%2Fv2%2Fmedia&parent=111624"}],"wp:term":[{"taxonomy":"category","embeddable":true,"href":"https:\/\/diarioavanzada.com.mx\/index.php?rest_route=%2Fwp%2Fv2%2Fcategories&post=111624"},{"taxonomy":"post_tag","embeddable":true,"href":"https:\/\/diarioavanzada.com.mx\/index.php?rest_route=%2Fwp%2Fv2%2Ftags&post=111624"}],"curies":[{"name":"wp","href":"https:\/\/api.w.org\/{rel}","templated":true}]}}