{"id":11154,"date":"2020-03-09T11:00:09","date_gmt":"2020-03-09T16:00:09","guid":{"rendered":"https:\/\/diarioavanzada.com.mx\/?p=11154"},"modified":"2020-03-09T11:00:10","modified_gmt":"2020-03-09T16:00:10","slug":"paran-servicios-en-384-escuelas-de-colima","status":"publish","type":"post","link":"https:\/\/diarioavanzada.com.mx\/?p=11154","title":{"rendered":"Paran servicios en 384 escuelas de Colima"},"content":{"rendered":"\n<p class=\"wp-block-paragraph\">Colima, M\u00e9xico, Avanzada (09\/03\/2020).- Por el paro de mujeres, en Colima se suspenden los servicios en 384 planteles educativos que corresponden al 33 por ciento de las escuelas que existen en la entidad.<\/p>\n\n\n\n<p class=\"wp-block-paragraph\">Adem\u00e1s, en el resto de las primarias y secundarias que s\u00ed atender\u00e1n estudiantes, la jornada acad\u00e9mica concluir\u00e1 antes de la hora habitual y los alumnos que asistan recibir\u00e1n charlas o conferencias encaminadas a sensibilizar al estudiantado sobre la violencia en general, y en especial hacia las mujeres.<\/p>\n\n\n\n<p class=\"wp-block-paragraph\">Desde el pasado jueves y viernes, personal directivo notific\u00f3 a los padres de familia el cierre de actividades escolares en algunos planteles, donde la mayor\u00eda de la plantilla laboral es femenina, por la decisi\u00f3n de sumarse al paro convocado para este lunes.<\/p>\n\n\n\n<p class=\"wp-block-paragraph\">En el estado con la tasa m\u00e1s alta de homicidios dolosos de mujeres, tambi\u00e9n se suspender\u00e1n los talleres de la Unidad de Servicios Infantiles, y los servicios del Centro de Rehabilitaci\u00f3n y Educaci\u00f3n Especial, as\u00ed como las Unidades b\u00e1sicas de rehabilitaci\u00f3n en la Estancia y Queser\u00eda.<\/p>\n\n\n\n<p class=\"wp-block-paragraph\">Por otra parte, en las homil\u00edas de este domingo, algunos sacerdotes colimenses se pronunciaron a favor del paro de las mujeres y se\u00f1alaron que es al interior de las familias donde se pueden fomentar los valores que permitir\u00e1n una mejor sociedad.<\/p>\n<div class=\"fb-background-color\">\n\t\t\t  <div \n\t\t\t  \tclass = \"fb-comments\" \n\t\t\t  \tdata-href = \"https:\/\/diarioavanzada.com.mx\/?p=11154\"\n\t\t\t  \tdata-numposts = \"10\"\n\t\t\t  \tdata-lazy = \"true\"\n\t\t\t\tdata-colorscheme = \"light\"\n\t\t\t\tdata-order-by = \"social\"\n\t\t\t\tdata-mobile=true>\n\t\t\t  <\/div><\/div>\n\t\t  <style>\n\t\t    .fb-background-color {\n\t\t\t\tbackground:  !important;\n\t\t\t}\n\t\t\t.fb_iframe_widget_fluid_desktop iframe {\n\t\t\t    width: 100% !important;\n\t\t\t}\n\t\t  <\/style>\n\t\t  ","protected":false},"excerpt":{"rendered":"<p>Colima, M\u00e9xico, Avanzada (09\/03\/2020).- Por el paro de mujeres, en Colima se suspenden los servicios en 384 planteles educativos que corresponden al 33 por ciento de las escuelas que existen en la entidad. Adem\u00e1s, en el resto de las primarias y secundarias que s\u00ed atender\u00e1n estudiantes, la jornada acad\u00e9mica concluir\u00e1 antes de la hora habitual [&hellip;]<\/p>\n","protected":false},"author":5,"featured_media":11015,"comment_status":"closed","ping_status":"closed","sticky":false,"template":"","format":"standard","meta":{"_coblocks_attr":"","_coblocks_dimensions":"","_coblocks_responsive_height":"","_coblocks_accordion_ie_support":"","_crdt_document":"","advanced_seo_description":"","jetpack_seo_html_title":"","jetpack_seo_noindex":false,"_jetpack_memberships_contains_paid_content":false,"footnotes":""},"categories":[19],"tags":[210],"class_list":["post-11154","post","type-post","status-publish","format-standard","has-post-thumbnail","hentry","category-colima","tag-portada"],"jetpack_featured_media_url":"https:\/\/diarioavanzada.com.mx\/wp-content\/uploads\/2020\/03\/9m.jpg","jetpack-related-posts":[],"jetpack_sharing_enabled":true,"amp_enabled":true,"_links":{"self":[{"href":"https:\/\/diarioavanzada.com.mx\/index.php?rest_route=\/wp\/v2\/posts\/11154","targetHints":{"allow":["GET"]}}],"collection":[{"href":"https:\/\/diarioavanzada.com.mx\/index.php?rest_route=\/wp\/v2\/posts"}],"about":[{"href":"https:\/\/diarioavanzada.com.mx\/index.php?rest_route=\/wp\/v2\/types\/post"}],"author":[{"embeddable":true,"href":"https:\/\/diarioavanzada.com.mx\/index.php?rest_route=\/wp\/v2\/users\/5"}],"replies":[{"embeddable":true,"href":"https:\/\/diarioavanzada.com.mx\/index.php?rest_route=%2Fwp%2Fv2%2Fcomments&post=11154"}],"version-history":[{"count":0,"href":"https:\/\/diarioavanzada.com.mx\/index.php?rest_route=\/wp\/v2\/posts\/11154\/revisions"}],"wp:featuredmedia":[{"embeddable":true,"href":"https:\/\/diarioavanzada.com.mx\/index.php?rest_route=\/wp\/v2\/media\/11015"}],"wp:attachment":[{"href":"https:\/\/diarioavanzada.com.mx\/index.php?rest_route=%2Fwp%2Fv2%2Fmedia&parent=11154"}],"wp:term":[{"taxonomy":"category","embeddable":true,"href":"https:\/\/diarioavanzada.com.mx\/index.php?rest_route=%2Fwp%2Fv2%2Fcategories&post=11154"},{"taxonomy":"post_tag","embeddable":true,"href":"https:\/\/diarioavanzada.com.mx\/index.php?rest_route=%2Fwp%2Fv2%2Ftags&post=11154"}],"curies":[{"name":"wp","href":"https:\/\/api.w.org\/{rel}","templated":true}]}}