{"id":11110,"date":"2020-03-06T10:39:49","date_gmt":"2020-03-06T15:39:49","guid":{"rendered":"https:\/\/diarioavanzada.com.mx\/?p=11110"},"modified":"2020-03-06T10:39:50","modified_gmt":"2020-03-06T15:39:50","slug":"gobierno-continua-sin-cobrar-515-mdp-a-exgobernador","status":"publish","type":"post","link":"https:\/\/diarioavanzada.com.mx\/?p=11110","title":{"rendered":"Gobierno contin\u00faa sin cobrar 515 MDP a exgobernador"},"content":{"rendered":"\n<p class=\"wp-block-paragraph\">Colima, M\u00e9xico, Avanzada (06\/03\/2020).- La secretar\u00eda de Planeaci\u00f3n y Finanzas del Gobierno del Estado no ha notificado al Poder Legislativo el esquema que utilizar\u00e1 para cobrarle al ex gobernador Mario Anguiano Moreno los m\u00e1s de 515 millones de pesos.<\/p>\n\n\n\n<p class=\"wp-block-paragraph\">Lo anterior, no obstante que ya vencieron los 10 d\u00edas de plazo que se otorgaron a la Secretar\u00eda de Finanzas, para que enterara al Congreso del Estado sobre el inicio del procedimiento de cobro al ex mandatario, con motivo de la sanci\u00f3n ratificada por el Tribunal Colegiado del Trig\u00e9simo Segundo Circuito.<\/p>\n\n\n\n<p class=\"wp-block-paragraph\">El pasado mes de enero, la justifica federal neg\u00f3 el amparo que promovi\u00f3 el ex mandatario colimense en contra de la sanci\u00f3n que le impuso el Congreso de inhabilitarlo por 14 a\u00f1os para ocupar cargos p\u00fablicos, y sancionarlo con 515 millones de pesos.<\/p>\n\n\n\n<p class=\"wp-block-paragraph\">La secretar\u00eda de Planeaci\u00f3n y Finanzas tendr\u00e1 que realizar el cobro correspondiente al ex titular del Ejecutivo, pero hasta la fecha se desconoce la forma en la que recuperar\u00e1 el dinero.<\/p>\n\n\n\n<p class=\"wp-block-paragraph\">El pasado 13 de febrero, el ex gobernador Mario Anguiano acudi\u00f3 a la Fiscal\u00eda General del Estado para informarles que no ten\u00eda recursos para pagar los m\u00e1s de 500 millones de pesos y por lo tanto, solicit\u00f3 que procedieran en consecuencia.<\/p>\n\n\n\n<p class=\"wp-block-paragraph\">Un d\u00eda despu\u00e9s, el gobernador, Ignacio Peralta S\u00e1nchez ironiz\u00f3 y conmin\u00f3 al ex mandatario a marchar pero a la secretar\u00eda de Finanzas a pagar la multa impuesta por el Congreso por la contrataci\u00f3n irregular de un cr\u00e9dito por 638 millones de pesos.<\/p>\n\n\n\n<p class=\"wp-block-paragraph\">Despu\u00e9s el mandatario afirm\u00f3 que en este tema no habr\u00eda impunidad. Sin embargo, hasta la fecha, ni el Gobierno del Estado, ni la Secretar\u00eda de Finanzas han explicado los plazos o la forma en la que se cobrar\u00e1 el recurso al ex gobernador de Colima, Mario Anguiano Moreno.&nbsp;<\/p>\n<div class=\"fb-background-color\">\n\t\t\t  <div \n\t\t\t  \tclass = \"fb-comments\" \n\t\t\t  \tdata-href = \"https:\/\/diarioavanzada.com.mx\/?p=11110\"\n\t\t\t  \tdata-numposts = \"10\"\n\t\t\t  \tdata-lazy = \"true\"\n\t\t\t\tdata-colorscheme = \"light\"\n\t\t\t\tdata-order-by = \"social\"\n\t\t\t\tdata-mobile=true>\n\t\t\t  <\/div><\/div>\n\t\t  <style>\n\t\t    .fb-background-color {\n\t\t\t\tbackground:  !important;\n\t\t\t}\n\t\t\t.fb_iframe_widget_fluid_desktop iframe {\n\t\t\t    width: 100% !important;\n\t\t\t}\n\t\t  <\/style>\n\t\t  ","protected":false},"excerpt":{"rendered":"<p>Colima, M\u00e9xico, Avanzada (06\/03\/2020).- La secretar\u00eda de Planeaci\u00f3n y Finanzas del Gobierno del Estado no ha notificado al Poder Legislativo el esquema que utilizar\u00e1 para cobrarle al ex gobernador Mario Anguiano Moreno los m\u00e1s de 515 millones de pesos. Lo anterior, no obstante que ya vencieron los 10 d\u00edas de plazo que se otorgaron a [&hellip;]<\/p>\n","protected":false},"author":5,"featured_media":9379,"comment_status":"closed","ping_status":"closed","sticky":false,"template":"","format":"standard","meta":{"_coblocks_attr":"","_coblocks_dimensions":"","_coblocks_responsive_height":"","_coblocks_accordion_ie_support":"","_crdt_document":"","advanced_seo_description":"","jetpack_seo_html_title":"","jetpack_seo_noindex":false,"_jetpack_memberships_contains_paid_content":false,"footnotes":""},"categories":[19],"tags":[210],"class_list":["post-11110","post","type-post","status-publish","format-standard","has-post-thumbnail","hentry","category-colima","tag-portada"],"jetpack_featured_media_url":"https:\/\/diarioavanzada.com.mx\/wp-content\/uploads\/2020\/01\/MAM-Y-JIPS.jpg","jetpack-related-posts":[],"jetpack_sharing_enabled":true,"amp_enabled":true,"_links":{"self":[{"href":"https:\/\/diarioavanzada.com.mx\/index.php?rest_route=\/wp\/v2\/posts\/11110","targetHints":{"allow":["GET"]}}],"collection":[{"href":"https:\/\/diarioavanzada.com.mx\/index.php?rest_route=\/wp\/v2\/posts"}],"about":[{"href":"https:\/\/diarioavanzada.com.mx\/index.php?rest_route=\/wp\/v2\/types\/post"}],"author":[{"embeddable":true,"href":"https:\/\/diarioavanzada.com.mx\/index.php?rest_route=\/wp\/v2\/users\/5"}],"replies":[{"embeddable":true,"href":"https:\/\/diarioavanzada.com.mx\/index.php?rest_route=%2Fwp%2Fv2%2Fcomments&post=11110"}],"version-history":[{"count":0,"href":"https:\/\/diarioavanzada.com.mx\/index.php?rest_route=\/wp\/v2\/posts\/11110\/revisions"}],"wp:featuredmedia":[{"embeddable":true,"href":"https:\/\/diarioavanzada.com.mx\/index.php?rest_route=\/wp\/v2\/media\/9379"}],"wp:attachment":[{"href":"https:\/\/diarioavanzada.com.mx\/index.php?rest_route=%2Fwp%2Fv2%2Fmedia&parent=11110"}],"wp:term":[{"taxonomy":"category","embeddable":true,"href":"https:\/\/diarioavanzada.com.mx\/index.php?rest_route=%2Fwp%2Fv2%2Fcategories&post=11110"},{"taxonomy":"post_tag","embeddable":true,"href":"https:\/\/diarioavanzada.com.mx\/index.php?rest_route=%2Fwp%2Fv2%2Ftags&post=11110"}],"curies":[{"name":"wp","href":"https:\/\/api.w.org\/{rel}","templated":true}]}}