{"id":111075,"date":"2026-01-24T20:23:39","date_gmt":"2026-01-25T02:23:39","guid":{"rendered":"https:\/\/diarioavanzada.com.mx\/?p=111075"},"modified":"2026-01-24T20:23:43","modified_gmt":"2026-01-25T02:23:43","slug":"aprenden-universitarios-como-mantener-viva-la-comunicacion-en-emergencias","status":"publish","type":"post","link":"https:\/\/diarioavanzada.com.mx\/?p=111075","title":{"rendered":"Aprenden universitarios c\u00f3mo mantener\u00a0viva la comunicaci\u00f3n en emergencias"},"content":{"rendered":"\n<p class=\"wp-block-paragraph\"><em>El investigador Omar \u00c1lvarez dio un curso pr\u00e1ctico para fortalecer la respuesta de la comunidad universitaria durante emergencias como un gran sismo, y con ello dar certeza a la propia comunidad y a sus familias de que la UdeC es un lugar seguro.<\/em><\/p>\n\n\n\n<p class=\"wp-block-paragraph\">Colima, M\u00e9xico, Comunicado (24\/01\/2026).- Como parte de la formaci\u00f3n permanente de las Brigadas Internas de Protecci\u00f3n Civil de la Universidad de Colima, esta semana se llev\u00f3 a cabo el curso \u201cRespuesta b\u00e1sica en comunicaciones de emergencias\u201d, en el auditorio de la Facultad de Psicolog\u00eda, en el marco de las Jornadas Acad\u00e9micas 2026. El taller fue impartido por el investigador de la Facultad de Telem\u00e1tica de esta misma casa de estudios y radioaficionado, Omar \u00c1lvarez C\u00e1rdenas.<\/p>\n\n\n\n<p class=\"wp-block-paragraph\">El prop\u00f3sito del curso fue que las y los trabajadores conocieran el uso de los radios de comunicaci\u00f3n ante los problemas de telefon\u00eda que surgen durante las emergencias y as\u00ed fortalecer la respuesta de la comunidad universitaria en este tipo de situaciones, como ser\u00eda un sismo, y con ello dar certeza a la propia comunidad y a sus familias de que la UdeC es un lugar seguro.<\/p>\n\n\n\n<p class=\"wp-block-paragraph\">Durante el curso se vieron temas como: conceptos b\u00e1sicos de radiocomunicaciones, elementos del sistema, c\u00f3mo es la operaci\u00f3n de una estaci\u00f3n de radio comunicaciones de emergencia, los manejos de una urgencia (c\u00f3mo se gestionan, c\u00f3mo distinguir los tipos de emergencias) conceptos t\u00e9cnicos de los radios y antenas, as\u00ed como la operaci\u00f3n de los Centros de Control y Monitoreo (CECOM).&nbsp;<\/p>\n\n\n\n<p class=\"wp-block-paragraph\">Adem\u00e1s, los y las participantes realizaron una pr\u00e1ctica de comunicaci\u00f3n a trav\u00e9s de un sat\u00e9lite de radioaficionados, con la finalidad de conocer c\u00f3mo funcionan y c\u00f3mo se realizan las comunicaciones.<\/p>\n\n\n\n<p class=\"wp-block-paragraph\">\u00c1lvarez C\u00e1rdenas es Profesor de Tiempo Completo de la Facultad de Telem\u00e1tica, e Ingeniero en Comunicaciones y Electr\u00f3nica egresado de la Facultad de Ingenier\u00eda Mec\u00e1nica y El\u00e9ctrica (FIME) de la Universidad de Colima. Es Maestro en Ciencias \u00e1rea Telem\u00e1tica en la Facultad de Telem\u00e1tica.<\/p>\n\n\n\n<p class=\"wp-block-paragraph\">Su l\u00ednea de investigaci\u00f3n es sobre aplicaciones de c\u00f3mputo m\u00f3vil, desarrollando actividades en redes inal\u00e1mbricas y de sensores, simulaci\u00f3n de redes y calidad de servicio. Es presidente de la Asociaci\u00f3n Estatal de Radio Experimentadores del Estado de Colima, A.C. y miembro activo de la Federaci\u00f3n Mexicana de Radio Experimentadores A.C.<\/p>\n\n\n\n<figure class=\"wp-block-image size-large\"><img loading=\"lazy\" decoding=\"async\" width=\"1024\" height=\"768\" src=\"https:\/\/diarioavanzada.com.mx\/wp-content\/uploads\/2026\/01\/Curso-de-readiocomunicacion-ante-emergencias_b-1024x768.jpeg\" alt=\"\" class=\"wp-image-111077\" srcset=\"https:\/\/diarioavanzada.com.mx\/wp-content\/uploads\/2026\/01\/Curso-de-readiocomunicacion-ante-emergencias_b-1024x768.jpeg 1024w, https:\/\/diarioavanzada.com.mx\/wp-content\/uploads\/2026\/01\/Curso-de-readiocomunicacion-ante-emergencias_b-300x225.jpeg 300w, https:\/\/diarioavanzada.com.mx\/wp-content\/uploads\/2026\/01\/Curso-de-readiocomunicacion-ante-emergencias_b-768x576.jpeg 768w, https:\/\/diarioavanzada.com.mx\/wp-content\/uploads\/2026\/01\/Curso-de-readiocomunicacion-ante-emergencias_b-1536x1152.jpeg 1536w, https:\/\/diarioavanzada.com.mx\/wp-content\/uploads\/2026\/01\/Curso-de-readiocomunicacion-ante-emergencias_b-1200x900.jpeg?crop=1 1200w, https:\/\/diarioavanzada.com.mx\/wp-content\/uploads\/2026\/01\/Curso-de-readiocomunicacion-ante-emergencias_b-800x600.jpeg?crop=1 800w, https:\/\/diarioavanzada.com.mx\/wp-content\/uploads\/2026\/01\/Curso-de-readiocomunicacion-ante-emergencias_b-600x450.jpeg?crop=1 600w, https:\/\/diarioavanzada.com.mx\/wp-content\/uploads\/2026\/01\/Curso-de-readiocomunicacion-ante-emergencias_b-400x300.jpeg?crop=1 400w, https:\/\/diarioavanzada.com.mx\/wp-content\/uploads\/2026\/01\/Curso-de-readiocomunicacion-ante-emergencias_b-200x150.jpeg?crop=1 200w, https:\/\/diarioavanzada.com.mx\/wp-content\/uploads\/2026\/01\/Curso-de-readiocomunicacion-ante-emergencias_b.jpeg 1600w\" sizes=\"auto, (max-width: 1024px) 100vw, 1024px\" \/><\/figure>\n\n\n\n<figure class=\"wp-block-image size-large\"><img loading=\"lazy\" decoding=\"async\" width=\"1024\" height=\"768\" src=\"https:\/\/diarioavanzada.com.mx\/wp-content\/uploads\/2026\/01\/Curso-de-readiocomunicacion-ante-emergencias_Omar-1024x768.jpeg\" alt=\"\" class=\"wp-image-111079\" srcset=\"https:\/\/diarioavanzada.com.mx\/wp-content\/uploads\/2026\/01\/Curso-de-readiocomunicacion-ante-emergencias_Omar-1024x768.jpeg 1024w, https:\/\/diarioavanzada.com.mx\/wp-content\/uploads\/2026\/01\/Curso-de-readiocomunicacion-ante-emergencias_Omar-300x225.jpeg 300w, https:\/\/diarioavanzada.com.mx\/wp-content\/uploads\/2026\/01\/Curso-de-readiocomunicacion-ante-emergencias_Omar-768x576.jpeg 768w, https:\/\/diarioavanzada.com.mx\/wp-content\/uploads\/2026\/01\/Curso-de-readiocomunicacion-ante-emergencias_Omar-1536x1152.jpeg 1536w, https:\/\/diarioavanzada.com.mx\/wp-content\/uploads\/2026\/01\/Curso-de-readiocomunicacion-ante-emergencias_Omar-1200x900.jpeg?crop=1 1200w, https:\/\/diarioavanzada.com.mx\/wp-content\/uploads\/2026\/01\/Curso-de-readiocomunicacion-ante-emergencias_Omar-800x600.jpeg?crop=1 800w, https:\/\/diarioavanzada.com.mx\/wp-content\/uploads\/2026\/01\/Curso-de-readiocomunicacion-ante-emergencias_Omar-600x450.jpeg?crop=1 600w, https:\/\/diarioavanzada.com.mx\/wp-content\/uploads\/2026\/01\/Curso-de-readiocomunicacion-ante-emergencias_Omar-400x300.jpeg?crop=1 400w, https:\/\/diarioavanzada.com.mx\/wp-content\/uploads\/2026\/01\/Curso-de-readiocomunicacion-ante-emergencias_Omar-200x150.jpeg?crop=1 200w, https:\/\/diarioavanzada.com.mx\/wp-content\/uploads\/2026\/01\/Curso-de-readiocomunicacion-ante-emergencias_Omar.jpeg 1600w\" sizes=\"auto, (max-width: 1024px) 100vw, 1024px\" \/><\/figure>\n\n\n\n<figure class=\"wp-block-image size-large\"><img loading=\"lazy\" decoding=\"async\" width=\"1024\" height=\"768\" src=\"https:\/\/diarioavanzada.com.mx\/wp-content\/uploads\/2026\/01\/Curso-de-readiocomunicacion-ante-emergencias-1024x768.jpeg\" alt=\"\" class=\"wp-image-111081\" srcset=\"https:\/\/diarioavanzada.com.mx\/wp-content\/uploads\/2026\/01\/Curso-de-readiocomunicacion-ante-emergencias-1024x768.jpeg 1024w, https:\/\/diarioavanzada.com.mx\/wp-content\/uploads\/2026\/01\/Curso-de-readiocomunicacion-ante-emergencias-300x225.jpeg 300w, https:\/\/diarioavanzada.com.mx\/wp-content\/uploads\/2026\/01\/Curso-de-readiocomunicacion-ante-emergencias-768x576.jpeg 768w, https:\/\/diarioavanzada.com.mx\/wp-content\/uploads\/2026\/01\/Curso-de-readiocomunicacion-ante-emergencias-1536x1152.jpeg 1536w, https:\/\/diarioavanzada.com.mx\/wp-content\/uploads\/2026\/01\/Curso-de-readiocomunicacion-ante-emergencias-1200x900.jpeg?crop=1 1200w, https:\/\/diarioavanzada.com.mx\/wp-content\/uploads\/2026\/01\/Curso-de-readiocomunicacion-ante-emergencias-800x600.jpeg?crop=1 800w, https:\/\/diarioavanzada.com.mx\/wp-content\/uploads\/2026\/01\/Curso-de-readiocomunicacion-ante-emergencias-600x450.jpeg?crop=1 600w, https:\/\/diarioavanzada.com.mx\/wp-content\/uploads\/2026\/01\/Curso-de-readiocomunicacion-ante-emergencias-400x300.jpeg?crop=1 400w, https:\/\/diarioavanzada.com.mx\/wp-content\/uploads\/2026\/01\/Curso-de-readiocomunicacion-ante-emergencias-200x150.jpeg?crop=1 200w, https:\/\/diarioavanzada.com.mx\/wp-content\/uploads\/2026\/01\/Curso-de-readiocomunicacion-ante-emergencias.jpeg 1600w\" sizes=\"auto, (max-width: 1024px) 100vw, 1024px\" \/><\/figure>\n<div class=\"fb-background-color\">\n\t\t\t  <div \n\t\t\t  \tclass = \"fb-comments\" \n\t\t\t  \tdata-href = \"https:\/\/diarioavanzada.com.mx\/?p=111075\"\n\t\t\t  \tdata-numposts = \"10\"\n\t\t\t  \tdata-lazy = \"true\"\n\t\t\t\tdata-colorscheme = \"light\"\n\t\t\t\tdata-order-by = \"social\"\n\t\t\t\tdata-mobile=true>\n\t\t\t  <\/div><\/div>\n\t\t  <style>\n\t\t    .fb-background-color {\n\t\t\t\tbackground:  !important;\n\t\t\t}\n\t\t\t.fb_iframe_widget_fluid_desktop iframe {\n\t\t\t    width: 100% !important;\n\t\t\t}\n\t\t  <\/style>\n\t\t  ","protected":false},"excerpt":{"rendered":"<p>El investigador Omar \u00c1lvarez dio un curso pr\u00e1ctico para fortalecer la respuesta de la comunidad universitaria durante emergencias como un gran sismo, y con ello dar certeza a la propia comunidad y a sus familias de que la UdeC es un lugar seguro. Colima, M\u00e9xico, Comunicado (24\/01\/2026).- Como parte de la formaci\u00f3n permanente de las [&hellip;]<\/p>\n","protected":false},"author":7,"featured_media":111080,"comment_status":"closed","ping_status":"closed","sticky":false,"template":"","format":"standard","meta":{"_coblocks_attr":"","_coblocks_dimensions":"","_coblocks_responsive_height":"","_coblocks_accordion_ie_support":"","_crdt_document":"","advanced_seo_description":"","jetpack_seo_html_title":"","jetpack_seo_noindex":false,"_jetpack_memberships_contains_paid_content":false,"footnotes":""},"categories":[19,209,7],"tags":[],"class_list":["post-111075","post","type-post","status-publish","format-standard","has-post-thumbnail","hentry","category-colima","category-importantes","category-noticias"],"jetpack_featured_media_url":"https:\/\/diarioavanzada.com.mx\/wp-content\/uploads\/2026\/01\/Curso-de-readiocomunicacion-ante-emergencias_a.jpeg","jetpack-related-posts":[],"jetpack_sharing_enabled":true,"amp_enabled":true,"_links":{"self":[{"href":"https:\/\/diarioavanzada.com.mx\/index.php?rest_route=\/wp\/v2\/posts\/111075","targetHints":{"allow":["GET"]}}],"collection":[{"href":"https:\/\/diarioavanzada.com.mx\/index.php?rest_route=\/wp\/v2\/posts"}],"about":[{"href":"https:\/\/diarioavanzada.com.mx\/index.php?rest_route=\/wp\/v2\/types\/post"}],"author":[{"embeddable":true,"href":"https:\/\/diarioavanzada.com.mx\/index.php?rest_route=\/wp\/v2\/users\/7"}],"replies":[{"embeddable":true,"href":"https:\/\/diarioavanzada.com.mx\/index.php?rest_route=%2Fwp%2Fv2%2Fcomments&post=111075"}],"version-history":[{"count":4,"href":"https:\/\/diarioavanzada.com.mx\/index.php?rest_route=\/wp\/v2\/posts\/111075\/revisions"}],"predecessor-version":[{"id":111083,"href":"https:\/\/diarioavanzada.com.mx\/index.php?rest_route=\/wp\/v2\/posts\/111075\/revisions\/111083"}],"wp:featuredmedia":[{"embeddable":true,"href":"https:\/\/diarioavanzada.com.mx\/index.php?rest_route=\/wp\/v2\/media\/111080"}],"wp:attachment":[{"href":"https:\/\/diarioavanzada.com.mx\/index.php?rest_route=%2Fwp%2Fv2%2Fmedia&parent=111075"}],"wp:term":[{"taxonomy":"category","embeddable":true,"href":"https:\/\/diarioavanzada.com.mx\/index.php?rest_route=%2Fwp%2Fv2%2Fcategories&post=111075"},{"taxonomy":"post_tag","embeddable":true,"href":"https:\/\/diarioavanzada.com.mx\/index.php?rest_route=%2Fwp%2Fv2%2Ftags&post=111075"}],"curies":[{"name":"wp","href":"https:\/\/api.w.org\/{rel}","templated":true}]}}