{"id":11107,"date":"2020-03-06T10:24:33","date_gmt":"2020-03-06T15:24:33","guid":{"rendered":"https:\/\/diarioavanzada.com.mx\/?p=11107"},"modified":"2020-03-06T10:24:34","modified_gmt":"2020-03-06T15:24:34","slug":"adeudan-11-quincenas-a-maestros-se-senala-que-es-problema-federal","status":"publish","type":"post","link":"https:\/\/diarioavanzada.com.mx\/?p=11107","title":{"rendered":"Adeudan 11 quincenas a maestros; SE se\u00f1ala que es problema Federal"},"content":{"rendered":"\n<p class=\"wp-block-paragraph\">Colima, M\u00e9xico, Avanzada (06\/03\/2020).- Desde el pasado mes de septiembre, maestros del nivel secundaria que obtuvieron horas adicionales, no han recibido el pago a pesar de estar frente a grupo desde ese mes y por lo tanto, la secretar\u00eda de Educaci\u00f3n les adeuda 11 quincenas.<\/p>\n\n\n\n<p class=\"wp-block-paragraph\">Los docentes \u2013de diversos planteles en el estado- explicaron que fueron evaluados y al obtener un resultado destacado se les otorgaron horas de base en un evento de asignaci\u00f3n que se realiz\u00f3 en la Secretar\u00eda de Educaci\u00f3n en Colima.<\/p>\n\n\n\n<p class=\"wp-block-paragraph\">Sin embargo, manifestaron que desde el pasado mes de septiembre, hasta este mes de marzo no han recibido ning\u00fan pago, pese a que algunos de ellos tienen que trasladarse a Manzanillo o Tecom\u00e1n.<\/p>\n\n\n\n<p class=\"wp-block-paragraph\">En entrevistas&nbsp;con medios de comunicaci\u00f3n, los docentes afectados se\u00f1alaron que en Colima, la secretar\u00eda de Educaci\u00f3n no les otorga ninguna respuesta y s\u00f3lo se limita a decir que el Fondo del Pago de la N\u00f3mina Federal (FONE) no ha aceptado las claves otorgadas a los docentes por la secretar\u00eda de Educaci\u00f3n en Colima.<\/p>\n\n\n\n<p class=\"wp-block-paragraph\">\u201cEs una terrible situaci\u00f3n la que estamos pasando y nadie se hace responsable, nadie da la cara a pesar de que tenemos un nombramiento emitido por la autoridad educativa, y en nuestros planteles escolares estamos cubriendo los grupos\u201d, dijo una maestra.<\/p>\n\n\n\n<p class=\"wp-block-paragraph\">Se\u00f1al\u00f3 que no tienen claro cu\u00e1ntos docentes se encuentran en la misma situaci\u00f3n que ella, pero explic\u00f3 que en los hallazgos ha podido constatar que por lo menos 9 profesores de secundaria no han recibido el pago de sus quincenas correspondiente a las horas adicionales.<\/p>\n\n\n\n<p class=\"wp-block-paragraph\">\u201cSabemos que son m\u00e1s pero estamos dispersos en diferentes escuelas, y ha sido desgastante este proceso porque en la secretaria nos dicen que nos pagar\u00e1n tal fecha, luego que siempre no, y una respuesta clara no la tenemos\u201d.<\/p>\n\n\n\n<p class=\"wp-block-paragraph\">Los docentes afectados solicitaron a las autoridades atender su petici\u00f3n, destrabar el problema de pago, y otorgarles el dinero correspondiente por las quincenas laboradas.<\/p>\n\n\n\n<p class=\"wp-block-paragraph\">Por su parte, en un comunicado de prensa, la secretar\u00eda de Educaci\u00f3n dijo que el problema de falta de pago es por la falta de coordinaci\u00f3n que existe entre dos dependencias a nivel federal.<\/p>\n\n\n\n<p class=\"wp-block-paragraph\">La secretar\u00eda de Educaci\u00f3n dijo que existen 87 docentes de horas adicionales a quienes no se les ha pagado, pero ya se hizo la validaci\u00f3n de la Unidad del Sistema para la Carrera de las Maestras y los Maestros (USICAMM) ya fue realizada y el tr\u00e1mite de su pago se encuentra pendiente en el Fondo de Aportaciones para la N\u00f3mina Educativa y Gasto Operativo (FONE), en proceso de validaci\u00f3n.<\/p>\n\n\n\n<p class=\"wp-block-paragraph\">Sobre las y los docentes que cubren un vacantes temporales (interinato), desde agosto de 2019 y quincenas uno, dos, tres de 2020 (Horas del 40%, autonom\u00eda curricular y Perfil amplio), 137 docentes ya han sido autorizados por la USICAMM; ya se hizo el pago a 66 de ellos y s\u00f3lo est\u00e1 pendiente el pago a 71 maestros.<\/p>\n<div class=\"fb-background-color\">\n\t\t\t  <div \n\t\t\t  \tclass = \"fb-comments\" \n\t\t\t  \tdata-href = \"https:\/\/diarioavanzada.com.mx\/?p=11107\"\n\t\t\t  \tdata-numposts = \"10\"\n\t\t\t  \tdata-lazy = \"true\"\n\t\t\t\tdata-colorscheme = \"light\"\n\t\t\t\tdata-order-by = \"social\"\n\t\t\t\tdata-mobile=true>\n\t\t\t  <\/div><\/div>\n\t\t  <style>\n\t\t    .fb-background-color {\n\t\t\t\tbackground:  !important;\n\t\t\t}\n\t\t\t.fb_iframe_widget_fluid_desktop iframe {\n\t\t\t    width: 100% !important;\n\t\t\t}\n\t\t  <\/style>\n\t\t  ","protected":false},"excerpt":{"rendered":"<p>Colima, M\u00e9xico, Avanzada (06\/03\/2020).- Desde el pasado mes de septiembre, maestros del nivel secundaria que obtuvieron horas adicionales, no han recibido el pago a pesar de estar frente a grupo desde ese mes y por lo tanto, la secretar\u00eda de Educaci\u00f3n les adeuda 11 quincenas. Los docentes \u2013de diversos planteles en el estado- explicaron que [&hellip;]<\/p>\n","protected":false},"author":5,"featured_media":11108,"comment_status":"closed","ping_status":"closed","sticky":false,"template":"","format":"standard","meta":{"_coblocks_attr":"","_coblocks_dimensions":"","_coblocks_responsive_height":"","_coblocks_accordion_ie_support":"","_crdt_document":"","advanced_seo_description":"","jetpack_seo_html_title":"","jetpack_seo_noindex":false,"_jetpack_memberships_contains_paid_content":false,"footnotes":""},"categories":[19],"tags":[210],"class_list":["post-11107","post","type-post","status-publish","format-standard","has-post-thumbnail","hentry","category-colima","tag-portada"],"jetpack_featured_media_url":"https:\/\/diarioavanzada.com.mx\/wp-content\/uploads\/2020\/03\/JAIME-JOSE.jpg","jetpack-related-posts":[],"jetpack_sharing_enabled":true,"amp_enabled":true,"_links":{"self":[{"href":"https:\/\/diarioavanzada.com.mx\/index.php?rest_route=\/wp\/v2\/posts\/11107","targetHints":{"allow":["GET"]}}],"collection":[{"href":"https:\/\/diarioavanzada.com.mx\/index.php?rest_route=\/wp\/v2\/posts"}],"about":[{"href":"https:\/\/diarioavanzada.com.mx\/index.php?rest_route=\/wp\/v2\/types\/post"}],"author":[{"embeddable":true,"href":"https:\/\/diarioavanzada.com.mx\/index.php?rest_route=\/wp\/v2\/users\/5"}],"replies":[{"embeddable":true,"href":"https:\/\/diarioavanzada.com.mx\/index.php?rest_route=%2Fwp%2Fv2%2Fcomments&post=11107"}],"version-history":[{"count":0,"href":"https:\/\/diarioavanzada.com.mx\/index.php?rest_route=\/wp\/v2\/posts\/11107\/revisions"}],"wp:featuredmedia":[{"embeddable":true,"href":"https:\/\/diarioavanzada.com.mx\/index.php?rest_route=\/wp\/v2\/media\/11108"}],"wp:attachment":[{"href":"https:\/\/diarioavanzada.com.mx\/index.php?rest_route=%2Fwp%2Fv2%2Fmedia&parent=11107"}],"wp:term":[{"taxonomy":"category","embeddable":true,"href":"https:\/\/diarioavanzada.com.mx\/index.php?rest_route=%2Fwp%2Fv2%2Fcategories&post=11107"},{"taxonomy":"post_tag","embeddable":true,"href":"https:\/\/diarioavanzada.com.mx\/index.php?rest_route=%2Fwp%2Fv2%2Ftags&post=11107"}],"curies":[{"name":"wp","href":"https:\/\/api.w.org\/{rel}","templated":true}]}}