{"id":110951,"date":"2026-01-22T20:55:10","date_gmt":"2026-01-23T02:55:10","guid":{"rendered":"https:\/\/diarioavanzada.com.mx\/?p=110951"},"modified":"2026-01-22T20:55:40","modified_gmt":"2026-01-23T02:55:40","slug":"fortalece-udec-la-formacion-tecnologicacon-certificacion-en-competencias-digitales","status":"publish","type":"post","link":"https:\/\/diarioavanzada.com.mx\/?p=110951","title":{"rendered":"Fortalece UdeC la formaci\u00f3n tecnol\u00f3gica con certificaci\u00f3n en competencias digitales"},"content":{"rendered":"\n<p class=\"wp-block-paragraph\"><em>Esta opci\u00f3n acredita el dominio pr\u00e1ctico de herramientas tecnol\u00f3gicas y fortalece la empleabilidad de estudiantes, personal universitario y, pr\u00f3ximamente, del p\u00fablico en general.<\/em><\/p>\n\n\n\n<p class=\"wp-block-paragraph\">Colima, M\u00e9xico, Avanzada (22\/01\/2026).- La Universidad de Colima avanza en la certificaci\u00f3n de competencias digitales como un mecanismo formal para acreditar el dominio pr\u00e1ctico de herramientas tecnol\u00f3gicas demandadas en los \u00e1mbitos acad\u00e9mico y profesional. El programa est\u00e1 dirigido sobre todo a estudiantes, docentes y personal administrativo, y pr\u00f3ximamente se ampliar\u00e1 al p\u00fablico en general.<\/p>\n\n\n\n<p class=\"wp-block-paragraph\">Este proceso de certificaci\u00f3n se realiza mediante la plataforma digital Ztudia, desarrollada por la empresa Asesores en Tecnolog\u00eda para la Educaci\u00f3n, con sede en San Luis Potos\u00ed. La operaci\u00f3n y seguimiento del programa est\u00e1n a cargo de \u00c1ngel Ord\u00f3\u00f1ez Ayala, administrador del centro certificador y encargado del soporte t\u00e9cnico de la Direcci\u00f3n General de Educaci\u00f3n Media Superior, y de Hugo C\u00e9sar Ponce Su\u00e1rez, profesor de tiempo completo del Bachillerato 16.<\/p>\n\n\n\n<p class=\"wp-block-paragraph\">Ztudia es una plataforma orientada a la ense\u00f1anza, evaluaci\u00f3n y certificaci\u00f3n de habilidades tecnol\u00f3gicas y digitales, especialmente en el manejo de herramientas como Microsoft Word, Excel y PowerPoint, as\u00ed como en programaci\u00f3n y otras competencias clave para el entorno educativo y laboral. Las certificaciones que emite son equivalentes a est\u00e1ndares como la DC-3 y cuentan con respaldo institucional.<\/p>\n\n\n\n<p class=\"wp-block-paragraph\">Hugo C\u00e9sar Ponce dijo en entrevista que el modelo de certificaci\u00f3n integra recursos did\u00e1cticos, evaluaciones diagn\u00f3sticas y formativas, lo que permite valorar de manera objetiva y verificable el nivel de dominio de cada participante. \u201cSe trata de un esquema que prioriza el aprendizaje significativo, la evaluaci\u00f3n justa y la actualizaci\u00f3n permanente, m\u00e1s all\u00e1 de una prueba aislada\u201d, se\u00f1al\u00f3.<\/p>\n\n\n\n<p class=\"wp-block-paragraph\">Destac\u00f3 que la certificaci\u00f3n \u201cno sustituye la formaci\u00f3n acad\u00e9mica, pero s\u00ed la complementa y respalda\u201d, con resultados medibles en \u00e1reas como Microsoft Office, Adobe Photoshop, Programaci\u00f3n y Programaci\u00f3n Web. \u201cContar con una certificaci\u00f3n permite a las personas demostrar de forma concreta sus competencias y mejorar su posicionamiento en contextos educativos y laborales cada vez m\u00e1s competitivos\u201d, agreg\u00f3.<\/p>\n\n\n\n<p class=\"wp-block-paragraph\">Entre sus beneficios se encuentran el reconocimiento y la credibilidad profesional, una mayor ventaja competitiva para acceder a mejores oportunidades, el incremento de la productividad y el uso m\u00e1s eficiente de herramientas digitales, as\u00ed como el fortalecimiento de la confianza y la capacidad de adaptaci\u00f3n al entorno tecnol\u00f3gico actual.<\/p>\n\n\n\n<p class=\"wp-block-paragraph\">Desde el \u00e1mbito institucional, la certificaci\u00f3n contribuye a fortalecer el prestigio acad\u00e9mico de la Universidad de Colima, impulsa la actualizaci\u00f3n permanente de su comunidad y favorece la empleabilidad del estudiantado, al ofrecer evaluaciones confiables con enfoque formativo y pertinencia laboral.<\/p>\n\n\n\n<p class=\"wp-block-paragraph\">\u00c1ngel Ord\u00f3\u00f1ez dijo que durante la fase de pilotaje, la certificaci\u00f3n de competencias digitales se implement\u00f3 en los bachilleratos 14 y 16, principalmente en el \u00e1rea de t\u00e9cnico analista programador. En el Bachillerato 16 se certificaron 43 estudiantes, mientras que en el Bachillerato 14 participaron 33 alumnas y alumnos en certificaciones como fundamentos de programaci\u00f3n web, programaci\u00f3n, Excel y Word.<\/p>\n\n\n\n<p class=\"wp-block-paragraph\">\u201cLa certificaci\u00f3n es voluntaria y tiene un costo accesible en comparaci\u00f3n con otros esquemas similares del mercado. Adem\u00e1s de fortalecer el curr\u00edculum, ofrece un respaldo formal que valida las competencias tecnol\u00f3gicas y ampl\u00eda las oportunidades acad\u00e9micas y laborales de quienes participan\u201d, indic\u00f3.<\/p>\n\n\n\n<p class=\"wp-block-paragraph\">Finalmente, anunciaron que en febrero se abrir\u00e1 una nueva convocatoria dirigida a bachilleratos, facultades, personal universitario y p\u00fablico externo, con el objetivo de ampliar el alcance de la certificaci\u00f3n y extender este servicio educativo a la sociedad. Los certificados cuentan con validez institucional y el aval de instancias universitarias y externas, lo que garantiza su reconocimiento y pertinencia.<\/p>\n\n\n\n<figure class=\"wp-block-image size-large\"><img loading=\"lazy\" decoding=\"async\" width=\"1024\" height=\"682\" src=\"https:\/\/diarioavanzada.com.mx\/wp-content\/uploads\/2026\/01\/8eb25206-6715-49d5-a51c-5eeed7208872-1024x682.jpg\" alt=\"\" class=\"wp-image-110948\" srcset=\"https:\/\/diarioavanzada.com.mx\/wp-content\/uploads\/2026\/01\/8eb25206-6715-49d5-a51c-5eeed7208872-1024x682.jpg 1024w, https:\/\/diarioavanzada.com.mx\/wp-content\/uploads\/2026\/01\/8eb25206-6715-49d5-a51c-5eeed7208872-300x200.jpg 300w, https:\/\/diarioavanzada.com.mx\/wp-content\/uploads\/2026\/01\/8eb25206-6715-49d5-a51c-5eeed7208872-768x512.jpg 768w, https:\/\/diarioavanzada.com.mx\/wp-content\/uploads\/2026\/01\/8eb25206-6715-49d5-a51c-5eeed7208872-1536x1023.jpg 1536w, https:\/\/diarioavanzada.com.mx\/wp-content\/uploads\/2026\/01\/8eb25206-6715-49d5-a51c-5eeed7208872.jpg 1600w\" sizes=\"auto, (max-width: 1024px) 100vw, 1024px\" \/><\/figure>\n\n\n\n<figure class=\"wp-block-image size-large\"><img loading=\"lazy\" decoding=\"async\" width=\"1024\" height=\"682\" src=\"https:\/\/diarioavanzada.com.mx\/wp-content\/uploads\/2026\/01\/18509731-ca4c-427c-a004-442414bde908-1024x682.jpg\" alt=\"\" class=\"wp-image-110949\" srcset=\"https:\/\/diarioavanzada.com.mx\/wp-content\/uploads\/2026\/01\/18509731-ca4c-427c-a004-442414bde908-1024x682.jpg 1024w, https:\/\/diarioavanzada.com.mx\/wp-content\/uploads\/2026\/01\/18509731-ca4c-427c-a004-442414bde908-300x200.jpg 300w, https:\/\/diarioavanzada.com.mx\/wp-content\/uploads\/2026\/01\/18509731-ca4c-427c-a004-442414bde908-768x512.jpg 768w, https:\/\/diarioavanzada.com.mx\/wp-content\/uploads\/2026\/01\/18509731-ca4c-427c-a004-442414bde908-1536x1023.jpg 1536w, https:\/\/diarioavanzada.com.mx\/wp-content\/uploads\/2026\/01\/18509731-ca4c-427c-a004-442414bde908.jpg 1600w\" sizes=\"auto, (max-width: 1024px) 100vw, 1024px\" \/><\/figure>\n<div class=\"fb-background-color\">\n\t\t\t  <div \n\t\t\t  \tclass = \"fb-comments\" \n\t\t\t  \tdata-href = \"https:\/\/diarioavanzada.com.mx\/?p=110951\"\n\t\t\t  \tdata-numposts = \"10\"\n\t\t\t  \tdata-lazy = \"true\"\n\t\t\t\tdata-colorscheme = \"light\"\n\t\t\t\tdata-order-by = \"social\"\n\t\t\t\tdata-mobile=true>\n\t\t\t  <\/div><\/div>\n\t\t  <style>\n\t\t    .fb-background-color {\n\t\t\t\tbackground:  !important;\n\t\t\t}\n\t\t\t.fb_iframe_widget_fluid_desktop iframe {\n\t\t\t    width: 100% !important;\n\t\t\t}\n\t\t  <\/style>\n\t\t  ","protected":false},"excerpt":{"rendered":"<p>Esta opci\u00f3n acredita el dominio pr\u00e1ctico de herramientas tecnol\u00f3gicas y fortalece la empleabilidad de estudiantes, personal universitario y, pr\u00f3ximamente, del p\u00fablico en general. Colima, M\u00e9xico, Avanzada (22\/01\/2026).- La Universidad de Colima avanza en la certificaci\u00f3n de competencias digitales como un mecanismo formal para acreditar el dominio pr\u00e1ctico de herramientas tecnol\u00f3gicas demandadas en los \u00e1mbitos acad\u00e9mico [&hellip;]<\/p>\n","protected":false},"author":7,"featured_media":110950,"comment_status":"closed","ping_status":"closed","sticky":false,"template":"","format":"standard","meta":{"_coblocks_attr":"","_coblocks_dimensions":"","_coblocks_responsive_height":"","_coblocks_accordion_ie_support":"","_crdt_document":"","advanced_seo_description":"","jetpack_seo_html_title":"","jetpack_seo_noindex":false,"_jetpack_memberships_contains_paid_content":false,"footnotes":""},"categories":[19,209,7],"tags":[],"class_list":["post-110951","post","type-post","status-publish","format-standard","has-post-thumbnail","hentry","category-colima","category-importantes","category-noticias"],"jetpack_featured_media_url":"https:\/\/diarioavanzada.com.mx\/wp-content\/uploads\/2026\/01\/450c9193-15f9-4a86-af78-f5574fca3907.jpg","jetpack-related-posts":[],"jetpack_sharing_enabled":true,"amp_enabled":true,"_links":{"self":[{"href":"https:\/\/diarioavanzada.com.mx\/index.php?rest_route=\/wp\/v2\/posts\/110951","targetHints":{"allow":["GET"]}}],"collection":[{"href":"https:\/\/diarioavanzada.com.mx\/index.php?rest_route=\/wp\/v2\/posts"}],"about":[{"href":"https:\/\/diarioavanzada.com.mx\/index.php?rest_route=\/wp\/v2\/types\/post"}],"author":[{"embeddable":true,"href":"https:\/\/diarioavanzada.com.mx\/index.php?rest_route=\/wp\/v2\/users\/7"}],"replies":[{"embeddable":true,"href":"https:\/\/diarioavanzada.com.mx\/index.php?rest_route=%2Fwp%2Fv2%2Fcomments&post=110951"}],"version-history":[{"count":1,"href":"https:\/\/diarioavanzada.com.mx\/index.php?rest_route=\/wp\/v2\/posts\/110951\/revisions"}],"predecessor-version":[{"id":110952,"href":"https:\/\/diarioavanzada.com.mx\/index.php?rest_route=\/wp\/v2\/posts\/110951\/revisions\/110952"}],"wp:featuredmedia":[{"embeddable":true,"href":"https:\/\/diarioavanzada.com.mx\/index.php?rest_route=\/wp\/v2\/media\/110950"}],"wp:attachment":[{"href":"https:\/\/diarioavanzada.com.mx\/index.php?rest_route=%2Fwp%2Fv2%2Fmedia&parent=110951"}],"wp:term":[{"taxonomy":"category","embeddable":true,"href":"https:\/\/diarioavanzada.com.mx\/index.php?rest_route=%2Fwp%2Fv2%2Fcategories&post=110951"},{"taxonomy":"post_tag","embeddable":true,"href":"https:\/\/diarioavanzada.com.mx\/index.php?rest_route=%2Fwp%2Fv2%2Ftags&post=110951"}],"curies":[{"name":"wp","href":"https:\/\/api.w.org\/{rel}","templated":true}]}}