{"id":110947,"date":"2026-01-22T20:44:47","date_gmt":"2026-01-23T02:44:47","guid":{"rendered":"https:\/\/diarioavanzada.com.mx\/?p=110947"},"modified":"2026-01-22T20:44:47","modified_gmt":"2026-01-23T02:44:47","slug":"udec-y-nueva-subsecretaria-de-las-juventudes-dialogan-sobre-proyectos-para-el-desarrollo-juvenil","status":"publish","type":"post","link":"https:\/\/diarioavanzada.com.mx\/?p=110947","title":{"rendered":"UdeC y nueva subsecretaria de las Juventudes dialogan sobre proyectos para el desarrollo juvenil"},"content":{"rendered":"\n<p class=\"wp-block-paragraph\"><em>El rector felicit\u00f3 a Karen Edith por su reciente nombramiento y la invit\u00f3 a trabajar de manera coordinada, conjunta y cercana con el estudiantado de la Universidad de Colima.<\/em><\/p>\n\n\n\n<p class=\"wp-block-paragraph\">Colima, M\u00e9xico, Avanzada (22\/01\/2026).- El rector de la Universidad de Colima, Christian Jorge Torres Ortiz Zerme\u00f1o, sostuvo este martes 20 de enero un encuentro con la nueva subsecretaria de las Juventudes del Estado de Colima, Karen Edith Garc\u00eda Torres, en el que dialogaron sobre proyectos y acciones orientados al beneficio de las juventudes colimenses.<\/p>\n\n\n\n<p class=\"wp-block-paragraph\">Durante la reuni\u00f3n, realizada en el despacho de Rector\u00eda, la funcionaria estatal se present\u00f3 formalmente y comparti\u00f3 con el rector los principales programas y estrategias que la Subsecretar\u00eda a su cargo planea para el 2026, enfocadas en el desarrollo, aprovechamiento y atenci\u00f3n integral del sector juvenil en el estado.<\/p>\n\n\n\n<p class=\"wp-block-paragraph\">El rector felicit\u00f3 a Karen Edith por su reciente nombramiento y la invit\u00f3 a trabajar de manera coordinada, conjunta y cercana con el estudiantado de la Universidad de Colima, particularmente de los niveles medio superior y superior, con el prop\u00f3sito de generar acciones que incidan positivamente en su formaci\u00f3n y bienestar.<\/p>\n\n\n\n<p class=\"wp-block-paragraph\">En el encuentro tambi\u00e9n particip\u00f3 el presidente de la Federaci\u00f3n de Estudiantes Colimenses (FEC), Jaime Alejandro Novela Casta\u00f1eda, quien expres\u00f3 su disposici\u00f3n para colaborar con la Subsecretar\u00eda de las Juventudes en aquellas propuestas que representen un beneficio directo para la comunidad estudiantil del estado y, en especial, para las y los estudiantes de la Universidad de Colima.<\/p>\n\n\n\n<p class=\"wp-block-paragraph\">A la reuni\u00f3n asistieron adem\u00e1s Dinora Gabriela P\u00e9rez, jefa del Departamento de Desarrollo Humano en la Subsecretar\u00eda de las Juventudes; Romario Salda\u00f1a, secretario particular de la subsecretaria, as\u00ed como Francisco Coello, secretario privado de Rector\u00eda, y Margarita Gonz\u00e1lez, secretaria particular de Rector\u00eda.<\/p>\n\n\n\n<figure class=\"wp-block-image size-large\"><img loading=\"lazy\" decoding=\"async\" width=\"1024\" height=\"683\" src=\"https:\/\/diarioavanzada.com.mx\/wp-content\/uploads\/2026\/01\/img_9482-1024x683.jpg\" class=\"wp-image-110942\" srcset=\"https:\/\/diarioavanzada.com.mx\/wp-content\/uploads\/2026\/01\/img_9482-1024x683.jpg 1024w, https:\/\/diarioavanzada.com.mx\/wp-content\/uploads\/2026\/01\/img_9482-300x200.jpg 300w, https:\/\/diarioavanzada.com.mx\/wp-content\/uploads\/2026\/01\/img_9482-768x512.jpg 768w, https:\/\/diarioavanzada.com.mx\/wp-content\/uploads\/2026\/01\/img_9482.jpg 1048w\" sizes=\"auto, (max-width: 1024px) 100vw, 1024px\" \/><\/figure>\n\n\n\n<figure class=\"wp-block-image size-large\"><img loading=\"lazy\" decoding=\"async\" width=\"1024\" height=\"683\" src=\"https:\/\/diarioavanzada.com.mx\/wp-content\/uploads\/2026\/01\/img_9481-1024x683.jpg\" class=\"wp-image-110943\" srcset=\"https:\/\/diarioavanzada.com.mx\/wp-content\/uploads\/2026\/01\/img_9481-1024x683.jpg 1024w, https:\/\/diarioavanzada.com.mx\/wp-content\/uploads\/2026\/01\/img_9481-300x200.jpg 300w, https:\/\/diarioavanzada.com.mx\/wp-content\/uploads\/2026\/01\/img_9481-768x512.jpg 768w, https:\/\/diarioavanzada.com.mx\/wp-content\/uploads\/2026\/01\/img_9481.jpg 1048w\" sizes=\"auto, (max-width: 1024px) 100vw, 1024px\" \/><\/figure>\n\n\n\n<figure class=\"wp-block-image size-large\"><img loading=\"lazy\" decoding=\"async\" width=\"1024\" height=\"683\" src=\"https:\/\/diarioavanzada.com.mx\/wp-content\/uploads\/2026\/01\/img_9480-1024x683.jpg\" class=\"wp-image-110944\" srcset=\"https:\/\/diarioavanzada.com.mx\/wp-content\/uploads\/2026\/01\/img_9480-1024x683.jpg 1024w, https:\/\/diarioavanzada.com.mx\/wp-content\/uploads\/2026\/01\/img_9480-300x200.jpg 300w, https:\/\/diarioavanzada.com.mx\/wp-content\/uploads\/2026\/01\/img_9480-768x512.jpg 768w, https:\/\/diarioavanzada.com.mx\/wp-content\/uploads\/2026\/01\/img_9480.jpg 1048w\" sizes=\"auto, (max-width: 1024px) 100vw, 1024px\" \/><\/figure>\n\n\n\n<figure class=\"wp-block-image size-large\"><img loading=\"lazy\" decoding=\"async\" width=\"1024\" height=\"683\" src=\"https:\/\/diarioavanzada.com.mx\/wp-content\/uploads\/2026\/01\/img_9479-1024x683.jpg\" class=\"wp-image-110945\" srcset=\"https:\/\/diarioavanzada.com.mx\/wp-content\/uploads\/2026\/01\/img_9479-1024x683.jpg 1024w, https:\/\/diarioavanzada.com.mx\/wp-content\/uploads\/2026\/01\/img_9479-300x200.jpg 300w, https:\/\/diarioavanzada.com.mx\/wp-content\/uploads\/2026\/01\/img_9479-768x512.jpg 768w, https:\/\/diarioavanzada.com.mx\/wp-content\/uploads\/2026\/01\/img_9479.jpg 1048w\" sizes=\"auto, (max-width: 1024px) 100vw, 1024px\" \/><\/figure>\n<div class=\"fb-background-color\">\n\t\t\t  <div \n\t\t\t  \tclass = \"fb-comments\" \n\t\t\t  \tdata-href = \"https:\/\/diarioavanzada.com.mx\/?p=110947\"\n\t\t\t  \tdata-numposts = \"10\"\n\t\t\t  \tdata-lazy = \"true\"\n\t\t\t\tdata-colorscheme = \"light\"\n\t\t\t\tdata-order-by = \"social\"\n\t\t\t\tdata-mobile=true>\n\t\t\t  <\/div><\/div>\n\t\t  <style>\n\t\t    .fb-background-color {\n\t\t\t\tbackground:  !important;\n\t\t\t}\n\t\t\t.fb_iframe_widget_fluid_desktop iframe {\n\t\t\t    width: 100% !important;\n\t\t\t}\n\t\t  <\/style>\n\t\t  ","protected":false},"excerpt":{"rendered":"<p>El rector felicit\u00f3 a Karen Edith por su reciente nombramiento y la invit\u00f3 a trabajar de manera coordinada, conjunta y cercana con el estudiantado de la Universidad de Colima. Colima, M\u00e9xico, Avanzada (22\/01\/2026).- El rector de la Universidad de Colima, Christian Jorge Torres Ortiz Zerme\u00f1o, sostuvo este martes 20 de enero un encuentro con la [&hellip;]<\/p>\n","protected":false},"author":7,"featured_media":110946,"comment_status":"closed","ping_status":"closed","sticky":false,"template":"","format":"standard","meta":{"_coblocks_attr":"","_coblocks_dimensions":"","_coblocks_responsive_height":"","_coblocks_accordion_ie_support":"","_crdt_document":"","advanced_seo_description":"","jetpack_seo_html_title":"","jetpack_seo_noindex":false,"_jetpack_memberships_contains_paid_content":false,"footnotes":""},"categories":[19,209,7],"tags":[210],"class_list":["post-110947","post","type-post","status-publish","format-standard","has-post-thumbnail","hentry","category-colima","category-importantes","category-noticias","tag-portada"],"jetpack_featured_media_url":"https:\/\/diarioavanzada.com.mx\/wp-content\/uploads\/2026\/01\/img_9478.jpg","jetpack-related-posts":[],"jetpack_sharing_enabled":true,"amp_enabled":true,"_links":{"self":[{"href":"https:\/\/diarioavanzada.com.mx\/index.php?rest_route=\/wp\/v2\/posts\/110947","targetHints":{"allow":["GET"]}}],"collection":[{"href":"https:\/\/diarioavanzada.com.mx\/index.php?rest_route=\/wp\/v2\/posts"}],"about":[{"href":"https:\/\/diarioavanzada.com.mx\/index.php?rest_route=\/wp\/v2\/types\/post"}],"author":[{"embeddable":true,"href":"https:\/\/diarioavanzada.com.mx\/index.php?rest_route=\/wp\/v2\/users\/7"}],"replies":[{"embeddable":true,"href":"https:\/\/diarioavanzada.com.mx\/index.php?rest_route=%2Fwp%2Fv2%2Fcomments&post=110947"}],"version-history":[{"count":0,"href":"https:\/\/diarioavanzada.com.mx\/index.php?rest_route=\/wp\/v2\/posts\/110947\/revisions"}],"wp:featuredmedia":[{"embeddable":true,"href":"https:\/\/diarioavanzada.com.mx\/index.php?rest_route=\/wp\/v2\/media\/110946"}],"wp:attachment":[{"href":"https:\/\/diarioavanzada.com.mx\/index.php?rest_route=%2Fwp%2Fv2%2Fmedia&parent=110947"}],"wp:term":[{"taxonomy":"category","embeddable":true,"href":"https:\/\/diarioavanzada.com.mx\/index.php?rest_route=%2Fwp%2Fv2%2Fcategories&post=110947"},{"taxonomy":"post_tag","embeddable":true,"href":"https:\/\/diarioavanzada.com.mx\/index.php?rest_route=%2Fwp%2Fv2%2Ftags&post=110947"}],"curies":[{"name":"wp","href":"https:\/\/api.w.org\/{rel}","templated":true}]}}