{"id":11085,"date":"2020-03-04T15:13:03","date_gmt":"2020-03-04T20:13:03","guid":{"rendered":"https:\/\/diarioavanzada.com.mx\/?p=11085"},"modified":"2020-03-04T15:13:05","modified_gmt":"2020-03-04T20:13:05","slug":"tribunal-contra-la-corrupcion-quedara-en-manos-de-allegados-del-gobernador","status":"publish","type":"post","link":"https:\/\/diarioavanzada.com.mx\/?p=11085","title":{"rendered":"Tribunal contra la corrupci\u00f3n quedar\u00e1 en manos de allegados del gobernador"},"content":{"rendered":"\n<p class=\"wp-block-paragraph\">Colima, M\u00e9xico, Avanzada (04\/03\/2020).-&nbsp;Un grupo de participantes en el proceso de selecci\u00f3n de magistrados del Tribunal de Justicia Administrativa advirtieron sobre la intenci\u00f3n de entregarle al titular del Ejecutivo, Ignacio Peralta S\u00e1nchez el control de este juzgado que ser\u00e1 el encargado de sancionar los actos de corrupci\u00f3n.<\/p>\n\n\n\n<p class=\"wp-block-paragraph\">Explicaron que en la terna enviada por el mandatario estatal al Congreso, aparecen los nombres de dos de los actuales magistrados del Tribunal de Justicia Administrativa, quienes tienen relaci\u00f3n cercana con el mandatario o con personas allegadas a \u00e9l.<\/p>\n\n\n\n<p class=\"wp-block-paragraph\">Tambi\u00e9n denunciaron la opacidad con la que se llev\u00f3 a cabo la selecci\u00f3n &nbsp;por parte del Gobierno del Estado y la repartici\u00f3n de cuotas de poder entre el titular del Ejecutivo, Ignacio Peralta S\u00e1nchez y la delegada de programas sociales, Indira Vizca\u00edno Silva.<\/p>\n\n\n\n<p class=\"wp-block-paragraph\">En primer t\u00e9rmino se\u00f1alaron que las calificaciones de todos los participantes se desconocen, as\u00ed como los criterios que se evaluaron, y los instrumentos de evaluaci\u00f3n y \u00fanicamente se hicieron p\u00fablicas las evaluaciones de Andr\u00e9s Gerardo Garc\u00eda Noriega, Yarazeth Villalpando Valdez, y Bryant Garc\u00eda Ram\u00edrez.<\/p>\n\n\n\n<p class=\"wp-block-paragraph\">Los dos primeros son actuales magistrados del Tribunal de Justicia Administrativa y el tercero, es cercano a Vizca\u00edno Silva, \u201cparece que todo est\u00e1 planchado y en caliente quieren sacar el tema en el Congreso, porque la terna la envi\u00f3 esta semana el gobernador y el viernes la aprueban\u201d.<\/p>\n\n\n\n<p class=\"wp-block-paragraph\">Los declarantes se\u00f1alaron que todo el proceso fue una farsa y lamentaron el silencio de los integrantes del Sistema Estatal Anticorrupci\u00f3n, pese a que conocen de las irregularidades detectadas.<\/p>\n\n\n\n<p class=\"wp-block-paragraph\">De igual forma, se\u00f1alaron que el nombramiento de magistrados es una protecci\u00f3n para el actual gobernador, y posiblemente para el que viene, \u201cquieren tener magistrados afines que les cuiden las espaldas, porque son ellos los que se encargar\u00e1n de sancionar actos de corrupci\u00f3n. El tema no es menor y tendr\u00edamos que estar toda la sociedad viendo qu\u00e9 sucede porque de lo contrario se seguir\u00e1 perpetuando la impunidad\u201d, advirtieron.<\/p>\n\n\n\n<p class=\"wp-block-paragraph\">En la sesi\u00f3n de este viernes en el Congreso se nombrar\u00e1 a los nuevos magistrados del Tribunal de Justicia Administrativa.<\/p>\n<div class=\"fb-background-color\">\n\t\t\t  <div \n\t\t\t  \tclass = \"fb-comments\" \n\t\t\t  \tdata-href = \"https:\/\/diarioavanzada.com.mx\/?p=11085\"\n\t\t\t  \tdata-numposts = \"10\"\n\t\t\t  \tdata-lazy = \"true\"\n\t\t\t\tdata-colorscheme = \"light\"\n\t\t\t\tdata-order-by = \"social\"\n\t\t\t\tdata-mobile=true>\n\t\t\t  <\/div><\/div>\n\t\t  <style>\n\t\t    .fb-background-color {\n\t\t\t\tbackground:  !important;\n\t\t\t}\n\t\t\t.fb_iframe_widget_fluid_desktop iframe {\n\t\t\t    width: 100% !important;\n\t\t\t}\n\t\t  <\/style>\n\t\t  ","protected":false},"excerpt":{"rendered":"<p>Colima, M\u00e9xico, Avanzada (04\/03\/2020).-&nbsp;Un grupo de participantes en el proceso de selecci\u00f3n de magistrados del Tribunal de Justicia Administrativa advirtieron sobre la intenci\u00f3n de entregarle al titular del Ejecutivo, Ignacio Peralta S\u00e1nchez el control de este juzgado que ser\u00e1 el encargado de sancionar los actos de corrupci\u00f3n. Explicaron que en la terna enviada por el [&hellip;]<\/p>\n","protected":false},"author":5,"featured_media":10785,"comment_status":"closed","ping_status":"closed","sticky":false,"template":"","format":"standard","meta":{"_coblocks_attr":"","_coblocks_dimensions":"","_coblocks_responsive_height":"","_coblocks_accordion_ie_support":"","_crdt_document":"","advanced_seo_description":"","jetpack_seo_html_title":"","jetpack_seo_noindex":false,"_jetpack_memberships_contains_paid_content":false,"footnotes":""},"categories":[19],"tags":[210],"class_list":["post-11085","post","type-post","status-publish","format-standard","has-post-thumbnail","hentry","category-colima","tag-portada"],"jetpack_featured_media_url":"https:\/\/diarioavanzada.com.mx\/wp-content\/uploads\/2020\/02\/Gobernador-de-Colima-saludando.jpg","jetpack-related-posts":[],"jetpack_sharing_enabled":true,"amp_enabled":true,"_links":{"self":[{"href":"https:\/\/diarioavanzada.com.mx\/index.php?rest_route=\/wp\/v2\/posts\/11085","targetHints":{"allow":["GET"]}}],"collection":[{"href":"https:\/\/diarioavanzada.com.mx\/index.php?rest_route=\/wp\/v2\/posts"}],"about":[{"href":"https:\/\/diarioavanzada.com.mx\/index.php?rest_route=\/wp\/v2\/types\/post"}],"author":[{"embeddable":true,"href":"https:\/\/diarioavanzada.com.mx\/index.php?rest_route=\/wp\/v2\/users\/5"}],"replies":[{"embeddable":true,"href":"https:\/\/diarioavanzada.com.mx\/index.php?rest_route=%2Fwp%2Fv2%2Fcomments&post=11085"}],"version-history":[{"count":0,"href":"https:\/\/diarioavanzada.com.mx\/index.php?rest_route=\/wp\/v2\/posts\/11085\/revisions"}],"wp:featuredmedia":[{"embeddable":true,"href":"https:\/\/diarioavanzada.com.mx\/index.php?rest_route=\/wp\/v2\/media\/10785"}],"wp:attachment":[{"href":"https:\/\/diarioavanzada.com.mx\/index.php?rest_route=%2Fwp%2Fv2%2Fmedia&parent=11085"}],"wp:term":[{"taxonomy":"category","embeddable":true,"href":"https:\/\/diarioavanzada.com.mx\/index.php?rest_route=%2Fwp%2Fv2%2Fcategories&post=11085"},{"taxonomy":"post_tag","embeddable":true,"href":"https:\/\/diarioavanzada.com.mx\/index.php?rest_route=%2Fwp%2Fv2%2Ftags&post=11085"}],"curies":[{"name":"wp","href":"https:\/\/api.w.org\/{rel}","templated":true}]}}