{"id":11071,"date":"2020-03-04T10:58:23","date_gmt":"2020-03-04T15:58:23","guid":{"rendered":"https:\/\/diarioavanzada.com.mx\/?p=11071"},"modified":"2020-03-04T11:03:53","modified_gmt":"2020-03-04T16:03:53","slug":"cae-la-confianza-empresarial-para-invertir-en-colima","status":"publish","type":"post","link":"https:\/\/diarioavanzada.com.mx\/?p=11071","title":{"rendered":"Cae la confianza empresarial para invertir en Colima"},"content":{"rendered":"\n<p class=\"wp-block-paragraph\">Colima, M\u00e9xico, Avanzada (04\/03\/2020).- Los altos \u00edndice de violencia que se registran en la entidad y la escasez de incentivos fiscales han impactado de forma negativa la inversi\u00f3n en el territorio estatal. En el inicio de este a\u00f1o, la confianza empresarial de Colima no llega ni al 35 por ciento.<\/p>\n\n\n\n<p class=\"wp-block-paragraph\">De acuerdo a los datos de la Confederaci\u00f3n Patronal Mexicana (COPARMEX) el alza de delitos, alguno de ellos de alto impacto, los bajos niveles de procuraci\u00f3n de justicia est\u00e1n ahuyentado la llegada de nuevas empresas y con ello, la generaci\u00f3n de empleos.<\/p>\n\n\n\n<p class=\"wp-block-paragraph\">En los datos con los que cuenta la COPARMEX, la confianza para invertir en Colima es de apenas el 33 por ciento, un punto menos que en noviembre de 2019 donde ten\u00eda el 34 por ciento.<\/p>\n\n\n\n<p class=\"wp-block-paragraph\">La informaci\u00f3n muestra que en pr\u00e1cticamente todos los estados, la confianza est\u00e1 por debajo de lo esperado para impulsar el empleo y el crecimiento econ\u00f3mico que permitir\u00eda gozar de mejores niveles de bienestar.<\/p>\n\n\n\n<p class=\"wp-block-paragraph\">No obstante, existen entidades, como Colima, Baja California, Quintana Roo y Campeche donde el inter\u00e9s por invertir es menor comparado con los otros estados del pa\u00eds.<\/p>\n\n\n\n<p class=\"wp-block-paragraph\">La COPARMEX se\u00f1al\u00f3 que la confianza empresarial sana es s\u00edntoma de un mejor entorno econ\u00f3mico que motiva de forma sostenida el aumento de la inversi\u00f3n. \u201cM\u00e1s a\u00fan, la confianza es un ingrediente del crecimiento econ\u00f3mico. Monitorear este indicador ayudar\u00e1 identificar zonas rezagadas y definir estrategias que impulsan el optimismo empresarial\u201d.<\/p>\n\n\n\n<p class=\"wp-block-paragraph\">En Colima, en el 2019 en Colima cerr\u00f3 la franquicia de MacDonald\u00b4s tras casi 15 a\u00f1os de existencia, as\u00ed como la tienda Sanborn\u00b4s.<\/p>\n\n\n\n<p class=\"wp-block-paragraph\"><\/p>\n\n\n\n<figure class=\"wp-block-image size-large\"><img loading=\"lazy\" decoding=\"async\" width=\"2560\" height=\"1440\" src=\"https:\/\/diarioavanzada.com.mx\/wp-content\/uploads\/2020\/03\/CE_5-1-scaled-1.jpg\" alt=\"\" class=\"wp-image-11074\" \/><\/figure>\n\n\n\n<figure class=\"wp-block-image size-large\"><img loading=\"lazy\" decoding=\"async\" width=\"2560\" height=\"1440\" src=\"https:\/\/diarioavanzada.com.mx\/wp-content\/uploads\/2020\/03\/CE_2-1-scaled-1.jpg\" alt=\"\" class=\"wp-image-11076\" \/><\/figure>\n\n\n\n<figure class=\"wp-block-image size-large\"><img loading=\"lazy\" decoding=\"async\" width=\"2560\" height=\"1440\" src=\"https:\/\/diarioavanzada.com.mx\/wp-content\/uploads\/2020\/03\/CE_4-1-scaled-1.jpg\" alt=\"\" class=\"wp-image-11075\" \/><\/figure>\n\n\n\n<p class=\"wp-block-paragraph\"><\/p>\n\n\n\n<p class=\"wp-block-paragraph\"><\/p>\n<div class=\"fb-background-color\">\n\t\t\t  <div \n\t\t\t  \tclass = \"fb-comments\" \n\t\t\t  \tdata-href = \"https:\/\/diarioavanzada.com.mx\/?p=11071\"\n\t\t\t  \tdata-numposts = \"10\"\n\t\t\t  \tdata-lazy = \"true\"\n\t\t\t\tdata-colorscheme = \"light\"\n\t\t\t\tdata-order-by = \"social\"\n\t\t\t\tdata-mobile=true>\n\t\t\t  <\/div><\/div>\n\t\t  <style>\n\t\t    .fb-background-color {\n\t\t\t\tbackground:  !important;\n\t\t\t}\n\t\t\t.fb_iframe_widget_fluid_desktop iframe {\n\t\t\t    width: 100% !important;\n\t\t\t}\n\t\t  <\/style>\n\t\t  ","protected":false},"excerpt":{"rendered":"<p>Colima, M\u00e9xico, Avanzada (04\/03\/2020).- Los altos \u00edndice de violencia que se registran en la entidad y la escasez de incentivos fiscales han impactado de forma negativa la inversi\u00f3n en el territorio estatal. En el inicio de este a\u00f1o, la confianza empresarial de Colima no llega ni al 35 por ciento. De acuerdo a los datos [&hellip;]<\/p>\n","protected":false},"author":5,"featured_media":11072,"comment_status":"closed","ping_status":"closed","sticky":false,"template":"","format":"standard","meta":{"_coblocks_attr":"","_coblocks_dimensions":"","_coblocks_responsive_height":"","_coblocks_accordion_ie_support":"","advanced_seo_description":"","jetpack_seo_html_title":"","jetpack_seo_noindex":false,"jetpack_seo_schema_type":"","_jetpack_newsletter_access":"","_jetpack_dont_email_post_to_subs":false,"_jetpack_newsletter_tier_id":0,"_jetpack_memberships_contains_paywalled_content":false,"_wpcom_ai_launchpad_first_post":false,"_jetpack_feature_clip_id":0,"_jetpack_memberships_contains_paid_content":false,"footnotes":"","jetpack_post_was_ever_published":false},"categories":[19],"tags":[227,210],"class_list":["post-11071","post","type-post","status-publish","format-standard","has-post-thumbnail","hentry","category-colima","tag-economia","tag-portada"],"jetpack-related-posts":[],"jetpack_sharing_enabled":true,"amp_enabled":true,"jetpack_featured_media_url":"https:\/\/diarioavanzada.com.mx\/wp-content\/uploads\/2020\/03\/image-9.png","_links":{"self":[{"href":"https:\/\/diarioavanzada.com.mx\/index.php?rest_route=\/wp\/v2\/posts\/11071","targetHints":{"allow":["GET"]}}],"collection":[{"href":"https:\/\/diarioavanzada.com.mx\/index.php?rest_route=\/wp\/v2\/posts"}],"about":[{"href":"https:\/\/diarioavanzada.com.mx\/index.php?rest_route=\/wp\/v2\/types\/post"}],"author":[{"embeddable":true,"href":"https:\/\/diarioavanzada.com.mx\/index.php?rest_route=\/wp\/v2\/users\/5"}],"replies":[{"embeddable":true,"href":"https:\/\/diarioavanzada.com.mx\/index.php?rest_route=%2Fwp%2Fv2%2Fcomments&post=11071"}],"version-history":[{"count":0,"href":"https:\/\/diarioavanzada.com.mx\/index.php?rest_route=\/wp\/v2\/posts\/11071\/revisions"}],"wp:featuredmedia":[{"embeddable":true,"href":"https:\/\/diarioavanzada.com.mx\/index.php?rest_route=\/wp\/v2\/media\/11072"}],"wp:attachment":[{"href":"https:\/\/diarioavanzada.com.mx\/index.php?rest_route=%2Fwp%2Fv2%2Fmedia&parent=11071"}],"wp:term":[{"taxonomy":"category","embeddable":true,"href":"https:\/\/diarioavanzada.com.mx\/index.php?rest_route=%2Fwp%2Fv2%2Fcategories&post=11071"},{"taxonomy":"post_tag","embeddable":true,"href":"https:\/\/diarioavanzada.com.mx\/index.php?rest_route=%2Fwp%2Fv2%2Ftags&post=11071"}],"curies":[{"name":"wp","href":"https:\/\/api.w.org\/{rel}","templated":true}]}}