{"id":11035,"date":"2020-03-02T10:56:17","date_gmt":"2020-03-02T15:56:17","guid":{"rendered":"https:\/\/diarioavanzada.com.mx\/?p=11035"},"modified":"2020-03-02T10:56:18","modified_gmt":"2020-03-02T15:56:18","slug":"osafig-informara-si-investigara-a-gobierno-y-municipios","status":"publish","type":"post","link":"https:\/\/diarioavanzada.com.mx\/?p=11035","title":{"rendered":"OSAFIG informar\u00e1 si investigar\u00e1 a gobierno y municipios"},"content":{"rendered":"\n<p class=\"wp-block-paragraph\">Colima, M\u00e9xico, Avanzada (02\/02\/2020).- Est\u00e1 semana, el \u00d3rgano Superior de Auditor\u00eda Fiscalizaci\u00f3n Gubernamental (OSAFIG) deber\u00e1 notificar al Poder Legislativo si acepta los exhortos para realizar las investigaciones especiales al Gobierno del Estado, por el cr\u00e9dito de 410 millones de pesos, la compra de la Campana, as\u00ed como a los municipios de Manzanillo, Tecom\u00e1n y dos organismos operadores de agua.<\/p>\n\n\n\n<p class=\"wp-block-paragraph\">En la respuesta, los legisladores locales que solicitaron las investigaciones, esperan que el OSAFIG informe los tiempos en los que estar\u00e1 realizando este procedimiento.<\/p>\n\n\n\n<p class=\"wp-block-paragraph\">El coordinador de la fracci\u00f3n de Morena en el Congreso local,&nbsp; Vladimir Parra Barrag\u00e1n afirm\u00f3 que los resultados de las pesquisas, les dar\u00e1n elementos a los legisladores para saber cu\u00e1l es la ruta legal que deber\u00e1n seguir ante los hallazgos que se detecten.<\/p>\n\n\n\n<p class=\"wp-block-paragraph\">Indic\u00f3 que la Auditor\u00eda a las cuentas p\u00fablicas 2018 del Gobierno Estatal y los dos municipios arroj\u00f3 posibles irregularidades en el manejo de los recursos, por eso optaron por solicitar investigaciones especiales a puntos concretos.<\/p>\n\n\n\n<p class=\"wp-block-paragraph\">\u201cEn el caso del gobierno, ser\u00e1 sobre el cr\u00e9dito de 410 millones de pesos que se autoriz\u00f3 para comprar los terrenos de la Zona Militar, y la construcci\u00f3n del C5, pero vemos que 200 millones se usaron para otra cosa que lo autorizado. Tambi\u00e9n debemos revisar la compra de los terrenos de la Campana\u201d, dijo.<\/p>\n\n\n\n<p class=\"wp-block-paragraph\">Explic\u00f3 que los resultados que les otorgue el OSAFIG, le permitir\u00e1n al Congreso contar con elementos suficientes para determinar las acciones que emprender\u00e1 el Poder Legislativo, en caso de que se comprueben las irregularidades.<\/p>\n\n\n\n<p class=\"wp-block-paragraph\">\u201cCreemos que no habr\u00e1 problema para que el OSAFIG acepte las investigaciones, y esperamos que en esta semana quede ese asunto establecido para que se inicien con los procedimientos\u201d, sentenci\u00f3.&nbsp;&nbsp;<\/p>\n<div class=\"fb-background-color\">\n\t\t\t  <div \n\t\t\t  \tclass = \"fb-comments\" \n\t\t\t  \tdata-href = \"https:\/\/diarioavanzada.com.mx\/?p=11035\"\n\t\t\t  \tdata-numposts = \"10\"\n\t\t\t  \tdata-lazy = \"true\"\n\t\t\t\tdata-colorscheme = \"light\"\n\t\t\t\tdata-order-by = \"social\"\n\t\t\t\tdata-mobile=true>\n\t\t\t  <\/div><\/div>\n\t\t  <style>\n\t\t    .fb-background-color {\n\t\t\t\tbackground:  !important;\n\t\t\t}\n\t\t\t.fb_iframe_widget_fluid_desktop iframe {\n\t\t\t    width: 100% !important;\n\t\t\t}\n\t\t  <\/style>\n\t\t  ","protected":false},"excerpt":{"rendered":"<p>Colima, M\u00e9xico, Avanzada (02\/02\/2020).- Est\u00e1 semana, el \u00d3rgano Superior de Auditor\u00eda Fiscalizaci\u00f3n Gubernamental (OSAFIG) deber\u00e1 notificar al Poder Legislativo si acepta los exhortos para realizar las investigaciones especiales al Gobierno del Estado, por el cr\u00e9dito de 410 millones de pesos, la compra de la Campana, as\u00ed como a los municipios de Manzanillo, Tecom\u00e1n y dos [&hellip;]<\/p>\n","protected":false},"author":5,"featured_media":11036,"comment_status":"closed","ping_status":"closed","sticky":false,"template":"","format":"standard","meta":{"_coblocks_attr":"","_coblocks_dimensions":"","_coblocks_responsive_height":"","_coblocks_accordion_ie_support":"","_crdt_document":"","advanced_seo_description":"","jetpack_seo_html_title":"","jetpack_seo_noindex":false,"_jetpack_memberships_contains_paid_content":false,"footnotes":""},"categories":[19],"tags":[210],"class_list":["post-11035","post","type-post","status-publish","format-standard","has-post-thumbnail","hentry","category-colima","tag-portada"],"jetpack_featured_media_url":"https:\/\/diarioavanzada.com.mx\/wp-content\/uploads\/2020\/03\/Gobernador-de-Colima-JIPS.jpg","jetpack-related-posts":[],"jetpack_sharing_enabled":true,"amp_enabled":true,"_links":{"self":[{"href":"https:\/\/diarioavanzada.com.mx\/index.php?rest_route=\/wp\/v2\/posts\/11035","targetHints":{"allow":["GET"]}}],"collection":[{"href":"https:\/\/diarioavanzada.com.mx\/index.php?rest_route=\/wp\/v2\/posts"}],"about":[{"href":"https:\/\/diarioavanzada.com.mx\/index.php?rest_route=\/wp\/v2\/types\/post"}],"author":[{"embeddable":true,"href":"https:\/\/diarioavanzada.com.mx\/index.php?rest_route=\/wp\/v2\/users\/5"}],"replies":[{"embeddable":true,"href":"https:\/\/diarioavanzada.com.mx\/index.php?rest_route=%2Fwp%2Fv2%2Fcomments&post=11035"}],"version-history":[{"count":0,"href":"https:\/\/diarioavanzada.com.mx\/index.php?rest_route=\/wp\/v2\/posts\/11035\/revisions"}],"wp:featuredmedia":[{"embeddable":true,"href":"https:\/\/diarioavanzada.com.mx\/index.php?rest_route=\/wp\/v2\/media\/11036"}],"wp:attachment":[{"href":"https:\/\/diarioavanzada.com.mx\/index.php?rest_route=%2Fwp%2Fv2%2Fmedia&parent=11035"}],"wp:term":[{"taxonomy":"category","embeddable":true,"href":"https:\/\/diarioavanzada.com.mx\/index.php?rest_route=%2Fwp%2Fv2%2Fcategories&post=11035"},{"taxonomy":"post_tag","embeddable":true,"href":"https:\/\/diarioavanzada.com.mx\/index.php?rest_route=%2Fwp%2Fv2%2Ftags&post=11035"}],"curies":[{"name":"wp","href":"https:\/\/api.w.org\/{rel}","templated":true}]}}