{"id":110164,"date":"2026-01-14T17:23:12","date_gmt":"2026-01-14T23:23:12","guid":{"rendered":"https:\/\/diarioavanzada.com.mx\/?p=110164"},"modified":"2026-01-14T17:23:12","modified_gmt":"2026-01-14T23:23:12","slug":"trabajadores-de-conafe-paran-labores-en-colima-exigen-mejores-condiciones-laborales","status":"publish","type":"post","link":"https:\/\/diarioavanzada.com.mx\/?p=110164","title":{"rendered":"Trabajadores de Conafe paran labores en Colima, exigen mejores condiciones laborales"},"content":{"rendered":"\n<p class=\"p1 wp-block-paragraph\">Colima, M\u00e9xico, Avanzada (14\/01\/2026).- Trabajadores del Consejo Nacional de Fomento Educativo (Conafe) realizaron la ma\u00f1ana de este martes una marcha en la ciudad de Colima para visibilizar las condiciones precarias en las que desempe\u00f1an su labor y exigir atenci\u00f3n seria y justa por parte de las autoridades estatales y federales.<\/p>\n\n\n\n<p class=\"p1 wp-block-paragraph\">Educadores comunitarios que atienden a ni\u00f1as, ni\u00f1os y adolescentes en comunidades rurales y de alta marginaci\u00f3n informaron que se mantienen en paro de labores, al se\u00f1alar que, aunque Conafe cataloga su trabajo como \u201cservicio social\u201d, en la pr\u00e1ctica realizan funciones docentes completas, con jornadas extensas, responsabilidades acad\u00e9micas y trabajo comunitario, sin recibir un apoyo econ\u00f3mico acorde.<\/p>\n\n\n\n<p class=\"p1 wp-block-paragraph\">Entre sus principales demandas se encuentran una mejora real en el apoyo econ\u00f3mico, el reconocimiento efectivo de su labor educativa, condiciones dignas y seguras para trabajar en las comunidades, as\u00ed como la garant\u00eda de no represalias contra quienes participan en el movimiento.<\/p>\n\n\n\n<p class=\"p1 wp-block-paragraph\">Los manifestantes indicaron que, aunque a nivel nacional existe una mesa de di\u00e1logo con Conafe, en Colima la respuesta ha sido limitada y sin propuestas concretas. Denunciaron adem\u00e1s intentos de desmovilizaci\u00f3n hacia algunas compa\u00f1eras.<\/p>\n\n\n\n<p class=\"p1 wp-block-paragraph\">Afirmaron que el paro es de car\u00e1cter nacional y que, en el \u00e1mbito local, no retomar\u00e1n actividades hasta que sus demandas sean atendidas, subrayando que su objetivo no es abandonar la educaci\u00f3n, sino defenderla con dignidad.<\/p>\n\n\n\n<p class=\"wp-block-paragraph\"><em>*Imagen ilustrativa.<\/em><\/p>\n<div class=\"fb-background-color\">\n\t\t\t  <div \n\t\t\t  \tclass = \"fb-comments\" \n\t\t\t  \tdata-href = \"https:\/\/diarioavanzada.com.mx\/?p=110164\"\n\t\t\t  \tdata-numposts = \"10\"\n\t\t\t  \tdata-lazy = \"true\"\n\t\t\t\tdata-colorscheme = \"light\"\n\t\t\t\tdata-order-by = \"social\"\n\t\t\t\tdata-mobile=true>\n\t\t\t  <\/div><\/div>\n\t\t  <style>\n\t\t    .fb-background-color {\n\t\t\t\tbackground:  !important;\n\t\t\t}\n\t\t\t.fb_iframe_widget_fluid_desktop iframe {\n\t\t\t    width: 100% !important;\n\t\t\t}\n\t\t  <\/style>\n\t\t  ","protected":false},"excerpt":{"rendered":"<p>Colima, M\u00e9xico, Avanzada (14\/01\/2026).- Trabajadores del Consejo Nacional de Fomento Educativo (Conafe) realizaron la ma\u00f1ana de este martes una marcha en la ciudad de Colima para visibilizar las condiciones precarias en las que desempe\u00f1an su labor y exigir atenci\u00f3n seria y justa por parte de las autoridades estatales y federales. Educadores comunitarios que atienden a [&hellip;]<\/p>\n","protected":false},"author":7,"featured_media":110168,"comment_status":"closed","ping_status":"closed","sticky":false,"template":"","format":"standard","meta":{"_coblocks_attr":"","_coblocks_dimensions":"","_coblocks_responsive_height":"","_coblocks_accordion_ie_support":"","_crdt_document":"","advanced_seo_description":"","jetpack_seo_html_title":"","jetpack_seo_noindex":false,"_jetpack_memberships_contains_paid_content":false,"footnotes":""},"categories":[19,1,209,7,29],"tags":[210],"class_list":["post-110164","post","type-post","status-publish","format-standard","has-post-thumbnail","hentry","category-colima","category-general","category-importantes","category-noticias","category-sociedad","tag-portada"],"jetpack_featured_media_url":"https:\/\/diarioavanzada.com.mx\/wp-content\/uploads\/2026\/01\/957f11b1-3824-45d5-b823-71ebcd9817d5.jpg","jetpack-related-posts":[],"jetpack_sharing_enabled":true,"amp_enabled":true,"_links":{"self":[{"href":"https:\/\/diarioavanzada.com.mx\/index.php?rest_route=\/wp\/v2\/posts\/110164","targetHints":{"allow":["GET"]}}],"collection":[{"href":"https:\/\/diarioavanzada.com.mx\/index.php?rest_route=\/wp\/v2\/posts"}],"about":[{"href":"https:\/\/diarioavanzada.com.mx\/index.php?rest_route=\/wp\/v2\/types\/post"}],"author":[{"embeddable":true,"href":"https:\/\/diarioavanzada.com.mx\/index.php?rest_route=\/wp\/v2\/users\/7"}],"replies":[{"embeddable":true,"href":"https:\/\/diarioavanzada.com.mx\/index.php?rest_route=%2Fwp%2Fv2%2Fcomments&post=110164"}],"version-history":[{"count":1,"href":"https:\/\/diarioavanzada.com.mx\/index.php?rest_route=\/wp\/v2\/posts\/110164\/revisions"}],"predecessor-version":[{"id":110169,"href":"https:\/\/diarioavanzada.com.mx\/index.php?rest_route=\/wp\/v2\/posts\/110164\/revisions\/110169"}],"wp:featuredmedia":[{"embeddable":true,"href":"https:\/\/diarioavanzada.com.mx\/index.php?rest_route=\/wp\/v2\/media\/110168"}],"wp:attachment":[{"href":"https:\/\/diarioavanzada.com.mx\/index.php?rest_route=%2Fwp%2Fv2%2Fmedia&parent=110164"}],"wp:term":[{"taxonomy":"category","embeddable":true,"href":"https:\/\/diarioavanzada.com.mx\/index.php?rest_route=%2Fwp%2Fv2%2Fcategories&post=110164"},{"taxonomy":"post_tag","embeddable":true,"href":"https:\/\/diarioavanzada.com.mx\/index.php?rest_route=%2Fwp%2Fv2%2Ftags&post=110164"}],"curies":[{"name":"wp","href":"https:\/\/api.w.org\/{rel}","templated":true}]}}