{"id":110047,"date":"2026-01-13T11:05:18","date_gmt":"2026-01-13T17:05:18","guid":{"rendered":"https:\/\/diarioavanzada.com.mx\/?p=110047"},"modified":"2026-01-13T11:07:31","modified_gmt":"2026-01-13T17:07:31","slug":"mc-le-hace-la-chamba-a-morena-pri-colima","status":"publish","type":"post","link":"https:\/\/diarioavanzada.com.mx\/?p=110047","title":{"rendered":"MC \u201cle hace la chamba a Morena\u201d: PRI Colima"},"content":{"rendered":"\n<p class=\"p1 wp-block-paragraph\">Colima, M\u00e9xico, Avanzada (13\/01\/2025).- El presidente del Comit\u00e9 Directivo Estatal del PRI en Colima, Enrique Rojas Orozco, desacredit\u00f3 las declaraciones del delegado regional de Movimiento Ciudadano, Jes\u00fas Due\u00f1as, quien asegur\u00f3 que ese partido competir\u00e1 sin alianzas rumbo a la elecci\u00f3n de gobernador de 2027, al sostener que dicha postura solo beneficia a Morena y responde a una estrategia para debilitar a la oposici\u00f3n.<\/p>\n\n\n\n<p class=\"p1 wp-block-paragraph\">En conferencia de prensa, Rojas Orozco afirm\u00f3 que MC \u201cest\u00e1 jugando el papel de empleado de Morena\u201d al rechazar una posible coalici\u00f3n con el PRI y el PAN, pese a que, dijo, se encuentra en cuarto lugar en todas las encuestas. \u201cNo hay forma de explicar que quien va en cuarto lugar diga que no quiere alianzas; eso solo sirve para dividir y hacerle la tarea al oficialismo\u201d, expres\u00f3.<\/p>\n\n\n\n<p class=\"p1 wp-block-paragraph\">El dirigente priista cit\u00f3 diversos ejercicios demosc\u00f3picos \u2014como Massive Caller, Poligrama, Rubrum, Cripes, Pulso MX y otras\u2014 que, asegur\u00f3, ubican a Movimiento Ciudadano en la cuarta posici\u00f3n de las preferencias, mientras que el PRI y el PAN se mantienen como fuerzas competitivas frente a Morena. En ese contexto, reiter\u00f3 que el tricolor est\u00e1 abierto a construir una gran alianza opositora para enfrentar con fuerza al partido en el poder en Colima y en el pa\u00eds.<\/p>\n\n\n\n<p class=\"p1 wp-block-paragraph\">Rojas Orozco tambi\u00e9n arremeti\u00f3 contra el Gobierno federal por el env\u00edo de petr\u00f3leo y combustibles a Cuba, al considerar que se trata de un apoyo directo a una dictadura mientras en M\u00e9xico persisten graves carencias en salud, seguridad y energ\u00eda. Cit\u00f3 un reporte del Financial Times en el que se se\u00f1ala que M\u00e9xico env\u00eda 12 mil 284 barriles diarios de petr\u00f3leo a Cuba, volumen que, dijo, se increment\u00f3 en 56 por ciento entre 2024 y 2025, pese a la crisis financiera de Pemex.<\/p>\n\n\n\n<p class=\"p1 wp-block-paragraph\">El l\u00edder priista subray\u00f3 que Pemex cerr\u00f3 2024 con p\u00e9rdidas superiores a 600 mil millones de pesos y una deuda cercana a los 100 mil millones de d\u00f3lares, al tiempo que los precios de la gasolina siguen elevados, lo que calific\u00f3 como una contradicci\u00f3n frente a la pol\u00edtica de regalar combustibles al extranjero. \u201cPrimero se debe gobernar y atender a M\u00e9xico, no financiar dictaduras\u201d, sentenci\u00f3.<\/p>\n\n\n\n<p class=\"p1 wp-block-paragraph\">Finalmente, reiter\u00f3 que el PRI est\u00e1 dispuesto a competir solo o en alianza, pero subray\u00f3 que la \u00fanica forma de derrotar a Morena es mediante una coalici\u00f3n amplia y contundente. \u201cNecesitamos ganar con claridad para evitar que los procesos se judicialicen y poder defender la voluntad ciudadana. La invitaci\u00f3n est\u00e1 abierta a todos los que quieran un cambio real para Colima\u201d, concluy\u00f3.<\/p>\n<div class=\"fb-background-color\">\n\t\t\t  <div \n\t\t\t  \tclass = \"fb-comments\" \n\t\t\t  \tdata-href = \"https:\/\/diarioavanzada.com.mx\/?p=110047\"\n\t\t\t  \tdata-numposts = \"10\"\n\t\t\t  \tdata-lazy = \"true\"\n\t\t\t\tdata-colorscheme = \"light\"\n\t\t\t\tdata-order-by = \"social\"\n\t\t\t\tdata-mobile=true>\n\t\t\t  <\/div><\/div>\n\t\t  <style>\n\t\t    .fb-background-color {\n\t\t\t\tbackground:  !important;\n\t\t\t}\n\t\t\t.fb_iframe_widget_fluid_desktop iframe {\n\t\t\t    width: 100% !important;\n\t\t\t}\n\t\t  <\/style>\n\t\t  ","protected":false},"excerpt":{"rendered":"<p>Colima, M\u00e9xico, Avanzada (13\/01\/2025).- El presidente del Comit\u00e9 Directivo Estatal del PRI en Colima, Enrique Rojas Orozco, desacredit\u00f3 las declaraciones del delegado regional de Movimiento Ciudadano, Jes\u00fas Due\u00f1as, quien asegur\u00f3 que ese partido competir\u00e1 sin alianzas rumbo a la elecci\u00f3n de gobernador de 2027, al sostener que dicha postura solo beneficia a Morena y responde [&hellip;]<\/p>\n","protected":false},"author":7,"featured_media":110046,"comment_status":"closed","ping_status":"closed","sticky":false,"template":"","format":"standard","meta":{"_coblocks_attr":"","_coblocks_dimensions":"","_coblocks_responsive_height":"","_coblocks_accordion_ie_support":"","_crdt_document":"","advanced_seo_description":"","jetpack_seo_html_title":"","jetpack_seo_noindex":false,"_jetpack_memberships_contains_paid_content":false,"footnotes":""},"categories":[19,1,209,7,29],"tags":[210],"class_list":["post-110047","post","type-post","status-publish","format-standard","has-post-thumbnail","hentry","category-colima","category-general","category-importantes","category-noticias","category-sociedad","tag-portada"],"jetpack_featured_media_url":"https:\/\/diarioavanzada.com.mx\/wp-content\/uploads\/2026\/01\/img_0312.png","jetpack-related-posts":[],"jetpack_sharing_enabled":true,"amp_enabled":true,"_links":{"self":[{"href":"https:\/\/diarioavanzada.com.mx\/index.php?rest_route=\/wp\/v2\/posts\/110047","targetHints":{"allow":["GET"]}}],"collection":[{"href":"https:\/\/diarioavanzada.com.mx\/index.php?rest_route=\/wp\/v2\/posts"}],"about":[{"href":"https:\/\/diarioavanzada.com.mx\/index.php?rest_route=\/wp\/v2\/types\/post"}],"author":[{"embeddable":true,"href":"https:\/\/diarioavanzada.com.mx\/index.php?rest_route=\/wp\/v2\/users\/7"}],"replies":[{"embeddable":true,"href":"https:\/\/diarioavanzada.com.mx\/index.php?rest_route=%2Fwp%2Fv2%2Fcomments&post=110047"}],"version-history":[{"count":1,"href":"https:\/\/diarioavanzada.com.mx\/index.php?rest_route=\/wp\/v2\/posts\/110047\/revisions"}],"predecessor-version":[{"id":110048,"href":"https:\/\/diarioavanzada.com.mx\/index.php?rest_route=\/wp\/v2\/posts\/110047\/revisions\/110048"}],"wp:featuredmedia":[{"embeddable":true,"href":"https:\/\/diarioavanzada.com.mx\/index.php?rest_route=\/wp\/v2\/media\/110046"}],"wp:attachment":[{"href":"https:\/\/diarioavanzada.com.mx\/index.php?rest_route=%2Fwp%2Fv2%2Fmedia&parent=110047"}],"wp:term":[{"taxonomy":"category","embeddable":true,"href":"https:\/\/diarioavanzada.com.mx\/index.php?rest_route=%2Fwp%2Fv2%2Fcategories&post=110047"},{"taxonomy":"post_tag","embeddable":true,"href":"https:\/\/diarioavanzada.com.mx\/index.php?rest_route=%2Fwp%2Fv2%2Ftags&post=110047"}],"curies":[{"name":"wp","href":"https:\/\/api.w.org\/{rel}","templated":true}]}}