{"id":109946,"date":"2026-01-12T07:28:48","date_gmt":"2026-01-12T13:28:48","guid":{"rendered":"https:\/\/diarioavanzada.com.mx\/?p=109946"},"modified":"2026-01-12T07:31:42","modified_gmt":"2026-01-12T13:31:42","slug":"banqueros-primero-colima-destina-mas-recursos-al-pago-de-deuda-que-a-la-obra-publica","status":"publish","type":"post","link":"https:\/\/diarioavanzada.com.mx\/?p=109946","title":{"rendered":"Banqueros primero: Colima destina m\u00e1s recursos al pago de deuda que a la obra p\u00fablica"},"content":{"rendered":"\n<p class=\"wp-block-paragraph\">Colima, M\u00e9xico, Avanzada (12\/01\/2026).- En el arranque de este a\u00f1o, el Gobierno del Estado de Colima destinar\u00e1 m\u00e1s recursos al pago de la deuda p\u00fablica que a la inversi\u00f3n en obra p\u00fablica. De acuerdo con el Presupuesto de Egresos 2026, el servicio de la deuda absorber\u00e1 cerca de 456 millones de pesos, mientras que la inversi\u00f3n en infraestructura apenas alcanzar\u00e1 306 millones de pesos.<\/p>\n\n\n\n<p class=\"wp-block-paragraph\">Lo anterior ocurre pese a que al menos tres cr\u00e9ditos bancarios millonarios que integran la deuda p\u00fablica estatal arrastran observaciones del \u00d3rgano Superior de Auditor\u00eda y Fiscalizaci\u00f3n Gubernamental (OSAFIG) e incluso han sido reconocidas por el propio gobierno que encabeza Indira Vizca\u00edno Silva.<\/p>\n\n\n\n<p class=\"wp-block-paragraph\">El pasado 22 de diciembre, en el Peri\u00f3dico Oficial El Estado de Colima, la mandataria public\u00f3 el decreto que contiene el Presupuesto de Egresos, en el cual el propio Ejecutivo admite que, en materia de deuda p\u00fablica y \u201cpese al refinanciamiento autorizado por esa Honorable Soberan\u00eda\u201d, el Estado contin\u00faa enfrentando una erogaci\u00f3n anual cercana a los 456.5 millones de pesos, entre intereses y abono a capital.<\/p>\n\n\n\n<p class=\"wp-block-paragraph\">En contraste, el presupuesto aprobado para 2026 contempla 306.4 millones de pesos para Inversi\u00f3n P\u00fablica y 195 millones de pesos para la adquisici\u00f3n de equipamiento. De ese monto, 222 millones de pesos provienen de esquemas de inversi\u00f3n p\u00fablico-privada, destinados principalmente a la conservaci\u00f3n y mantenimiento de carreteras.<\/p>\n\n\n\n<p class=\"wp-block-paragraph\">As\u00ed, al igual que en a\u00f1os anteriores, el gobierno estatal priorizar\u00e1 el pago de la deuda por encima de la inversi\u00f3n directa en infraestructura, aun cuando los tres cr\u00e9ditos m\u00e1s recientes, contratados durante los dos sexenios anteriores, presentan se\u00f1alamientos por presunto uso irregular de recursos.<\/p>\n\n\n\n<p class=\"wp-block-paragraph\">Uno de esos cr\u00e9ditos fue autorizado en septiembre de 2018 al entonces gobernador Ignacio Peralta S\u00e1nchez, por 410 millones de pesos. De ese monto, 200 millones se destinar\u00edan a la compra de terrenos de la zona militar en la Calzada Galv\u00e1n; sin embargo, dicho predio fue donado a t\u00edtulo gratuito por la Federaci\u00f3n a los colimenses, por lo que el destino final de esos recursos no ha sido aclarado.<br>Otro cr\u00e9dito observado asciende a 740 millones de pesos, autorizado por el Congreso local en junio de 2020. El propio gobierno de Indira Vizca\u00edno reconoci\u00f3 que al menos 500 millones de pesos, supuestamente destinados a seguridad p\u00fablica, fueron utilizados de manera irregular.<\/p>\n\n\n\n<p class=\"wp-block-paragraph\">El tercer endeudamiento se\u00f1alado corresponde a un cr\u00e9dito por 638 millones de pesos, autorizado en septiembre de 2015 durante la administraci\u00f3n del exgobernador Mario Anguiano Moreno, y ejercido en el gobierno interino de Ram\u00f3n P\u00e9rez D\u00edaz. Dicho empr\u00e9stito fue observado debido a que Anguiano solicit\u00f3 el endeudamiento 47 d\u00edas antes de concluir su sexenio, una decisi\u00f3n que comprometi\u00f3 las finanzas estatales a largo plazo.<\/p>\n<div class=\"fb-background-color\">\n\t\t\t  <div \n\t\t\t  \tclass = \"fb-comments\" \n\t\t\t  \tdata-href = \"https:\/\/diarioavanzada.com.mx\/?p=109946\"\n\t\t\t  \tdata-numposts = \"10\"\n\t\t\t  \tdata-lazy = \"true\"\n\t\t\t\tdata-colorscheme = \"light\"\n\t\t\t\tdata-order-by = \"social\"\n\t\t\t\tdata-mobile=true>\n\t\t\t  <\/div><\/div>\n\t\t  <style>\n\t\t    .fb-background-color {\n\t\t\t\tbackground:  !important;\n\t\t\t}\n\t\t\t.fb_iframe_widget_fluid_desktop iframe {\n\t\t\t    width: 100% !important;\n\t\t\t}\n\t\t  <\/style>\n\t\t  ","protected":false},"excerpt":{"rendered":"<p>Colima, M\u00e9xico, Avanzada (12\/01\/2026).- En el arranque de este a\u00f1o, el Gobierno del Estado de Colima destinar\u00e1 m\u00e1s recursos al pago de la deuda p\u00fablica que a la inversi\u00f3n en obra p\u00fablica. De acuerdo con el Presupuesto de Egresos 2026, el servicio de la deuda absorber\u00e1 cerca de 456 millones de pesos, mientras que la [&hellip;]<\/p>\n","protected":false},"author":5,"featured_media":109947,"comment_status":"closed","ping_status":"closed","sticky":false,"template":"","format":"standard","meta":{"_coblocks_attr":"","_coblocks_dimensions":"","_coblocks_responsive_height":"","_coblocks_accordion_ie_support":"","_crdt_document":"","advanced_seo_description":"","jetpack_seo_html_title":"","jetpack_seo_noindex":false,"_jetpack_memberships_contains_paid_content":false,"footnotes":""},"categories":[19,1,209,7,29],"tags":[210],"class_list":["post-109946","post","type-post","status-publish","format-standard","has-post-thumbnail","hentry","category-colima","category-general","category-importantes","category-noticias","category-sociedad","tag-portada"],"jetpack_featured_media_url":"https:\/\/diarioavanzada.com.mx\/wp-content\/uploads\/2026\/01\/img_6844.png","jetpack-related-posts":[],"jetpack_sharing_enabled":true,"amp_enabled":true,"_links":{"self":[{"href":"https:\/\/diarioavanzada.com.mx\/index.php?rest_route=\/wp\/v2\/posts\/109946","targetHints":{"allow":["GET"]}}],"collection":[{"href":"https:\/\/diarioavanzada.com.mx\/index.php?rest_route=\/wp\/v2\/posts"}],"about":[{"href":"https:\/\/diarioavanzada.com.mx\/index.php?rest_route=\/wp\/v2\/types\/post"}],"author":[{"embeddable":true,"href":"https:\/\/diarioavanzada.com.mx\/index.php?rest_route=\/wp\/v2\/users\/5"}],"replies":[{"embeddable":true,"href":"https:\/\/diarioavanzada.com.mx\/index.php?rest_route=%2Fwp%2Fv2%2Fcomments&post=109946"}],"version-history":[{"count":1,"href":"https:\/\/diarioavanzada.com.mx\/index.php?rest_route=\/wp\/v2\/posts\/109946\/revisions"}],"predecessor-version":[{"id":109948,"href":"https:\/\/diarioavanzada.com.mx\/index.php?rest_route=\/wp\/v2\/posts\/109946\/revisions\/109948"}],"wp:featuredmedia":[{"embeddable":true,"href":"https:\/\/diarioavanzada.com.mx\/index.php?rest_route=\/wp\/v2\/media\/109947"}],"wp:attachment":[{"href":"https:\/\/diarioavanzada.com.mx\/index.php?rest_route=%2Fwp%2Fv2%2Fmedia&parent=109946"}],"wp:term":[{"taxonomy":"category","embeddable":true,"href":"https:\/\/diarioavanzada.com.mx\/index.php?rest_route=%2Fwp%2Fv2%2Fcategories&post=109946"},{"taxonomy":"post_tag","embeddable":true,"href":"https:\/\/diarioavanzada.com.mx\/index.php?rest_route=%2Fwp%2Fv2%2Ftags&post=109946"}],"curies":[{"name":"wp","href":"https:\/\/api.w.org\/{rel}","templated":true}]}}