{"id":109891,"date":"2026-01-10T10:20:35","date_gmt":"2026-01-10T16:20:35","guid":{"rendered":"https:\/\/diarioavanzada.com.mx\/?p=109891"},"modified":"2026-01-10T10:23:08","modified_gmt":"2026-01-10T16:23:08","slug":"no-permitiremos-que-nos-cataloguen-descriptivamente-como-socialistas-ni-narcopoliticos-morena","status":"publish","type":"post","link":"https:\/\/diarioavanzada.com.mx\/?p=109891","title":{"rendered":"No permitiremos que nos cataloguen como socialistas ni \u201cnarcopol\u00edticos\u201d: Morena"},"content":{"rendered":"\n<p class=\"p1 wp-block-paragraph\">Colima, M\u00e9xico, Avanzada (10\/01\/2025).- La presidenta de Morena en Colima, Mitzuko M\u00e1rquez Monroy, expres\u00f3 su preocupaci\u00f3n por lo que calific\u00f3 como \u201cfalsa informaci\u00f3n\u201d que pretende vincular a su partido con el narcotr\u00e1fico o con ideolog\u00edas como el socialismo, al advertir que este tipo de \u201ccat\u00e1logos descriptivos de monstruos pol\u00edticos\u201d han sido utilizados hist\u00f3ricamente para justificar acciones de intervencionismo.<\/p>\n\n\n\n<p class=\"p1 wp-block-paragraph\">Durante su m\u00e1s reciente rueda de prensa, la dirigente morenista sostuvo que no permitir\u00e1n que se siga difundiendo este tipo de narrativas, ya que \u2014dijo\u2014 buscan deformar la realidad y confundir a la poblaci\u00f3n. Como ejemplo, mencion\u00f3 que ha quedado totalmente descartada la existencia de supuestos grupos como el llamado \u201cC\u00e1rtel de los Soles\u201d en Venezuela, al se\u00f1alar que este tipo de construcciones medi\u00e1ticas buscan establecer relaciones falsas y peligrosas entre gobiernos y el crimen organizado.<\/p>\n\n\n\n<p class=\"p1 wp-block-paragraph\">M\u00e1rquez Monroy subray\u00f3 que resulta verdaderamente preocupante c\u00f3mo, a trav\u00e9s de la mentira, se intenta convencer a la sociedad, al tiempo que record\u00f3 el caso del exsecretario de Seguridad P\u00fablica, Genaro Garc\u00eda Luna, actualmente preso en Estados Unidos por narcotr\u00e1fico. \u201cImag\u00ednese que durante el gobierno de Felipe Calder\u00f3n hubiera estado Donald Trump; seguramente el preso hubiera sido otro\u201d, coment\u00f3, al afirmar que es ah\u00ed donde se genera la deformaci\u00f3n del discurso p\u00fablico.<\/p>\n\n\n\n<p class=\"p1 wp-block-paragraph\">En su mensaje, tambi\u00e9n cuestion\u00f3 a la oposici\u00f3n, a la que calific\u00f3 como una derecha sin alternativa real de gobierno. \u201c\u00bfQu\u00e9 har\u00edamos de M\u00e9xico si estuvi\u00e9ramos en manos de esa derecha? \u00bfD\u00f3nde estar\u00edamos si no existiera la Cuarta Transformaci\u00f3n en medio de esta din\u00e1mica internacional?\u201d, plante\u00f3.<\/p>\n\n\n\n<p class=\"p1 wp-block-paragraph\">Finalmente, la dirigente de Morena record\u00f3 que desde 2006, cuando Andr\u00e9s Manuel L\u00f3pez Obrador busc\u00f3 por primera vez la Presidencia, se ha impulsado una estrategia medi\u00e1tica para asociar a su movimiento con \u201cfantasmas\u201d como el comunismo o el socialismo, ideolog\u00edas que \u2014asegur\u00f3\u2014 ya no existen ni siquiera en Europa. A\u00f1adi\u00f3 que recientemente estas narrativas han sido retomadas para ligarlas con el concepto de \u201cnarcopol\u00edtica\u201d, lo que consider\u00f3 un riesgo grave.<\/p>\n\n\n\n<p class=\"p1 wp-block-paragraph\">\u201cEse tipo de informaci\u00f3n falsa es la que termina justificando intervenciones como las que vimos hace unos d\u00edas. No podemos seguir permiti\u00e9ndolo\u201d, concluy\u00f3.<\/p>\n<div class=\"fb-background-color\">\n\t\t\t  <div \n\t\t\t  \tclass = \"fb-comments\" \n\t\t\t  \tdata-href = \"https:\/\/diarioavanzada.com.mx\/?p=109891\"\n\t\t\t  \tdata-numposts = \"10\"\n\t\t\t  \tdata-lazy = \"true\"\n\t\t\t\tdata-colorscheme = \"light\"\n\t\t\t\tdata-order-by = \"social\"\n\t\t\t\tdata-mobile=true>\n\t\t\t  <\/div><\/div>\n\t\t  <style>\n\t\t    .fb-background-color {\n\t\t\t\tbackground:  !important;\n\t\t\t}\n\t\t\t.fb_iframe_widget_fluid_desktop iframe {\n\t\t\t    width: 100% !important;\n\t\t\t}\n\t\t  <\/style>\n\t\t  ","protected":false},"excerpt":{"rendered":"<p>Colima, M\u00e9xico, Avanzada (10\/01\/2025).- La presidenta de Morena en Colima, Mitzuko M\u00e1rquez Monroy, expres\u00f3 su preocupaci\u00f3n por lo que calific\u00f3 como \u201cfalsa informaci\u00f3n\u201d que pretende vincular a su partido con el narcotr\u00e1fico o con ideolog\u00edas como el socialismo, al advertir que este tipo de \u201ccat\u00e1logos descriptivos de monstruos pol\u00edticos\u201d han sido utilizados hist\u00f3ricamente para justificar [&hellip;]<\/p>\n","protected":false},"author":7,"featured_media":109890,"comment_status":"closed","ping_status":"closed","sticky":false,"template":"","format":"standard","meta":{"_coblocks_attr":"","_coblocks_dimensions":"","_coblocks_responsive_height":"","_coblocks_accordion_ie_support":"","_crdt_document":"","advanced_seo_description":"","jetpack_seo_html_title":"","jetpack_seo_noindex":false,"_jetpack_memberships_contains_paid_content":false,"footnotes":""},"categories":[19,1,209,7,29],"tags":[210],"class_list":["post-109891","post","type-post","status-publish","format-standard","has-post-thumbnail","hentry","category-colima","category-general","category-importantes","category-noticias","category-sociedad","tag-portada"],"jetpack_featured_media_url":"https:\/\/diarioavanzada.com.mx\/wp-content\/uploads\/2026\/01\/img_6830.png","jetpack-related-posts":[],"jetpack_sharing_enabled":true,"amp_enabled":true,"_links":{"self":[{"href":"https:\/\/diarioavanzada.com.mx\/index.php?rest_route=\/wp\/v2\/posts\/109891","targetHints":{"allow":["GET"]}}],"collection":[{"href":"https:\/\/diarioavanzada.com.mx\/index.php?rest_route=\/wp\/v2\/posts"}],"about":[{"href":"https:\/\/diarioavanzada.com.mx\/index.php?rest_route=\/wp\/v2\/types\/post"}],"author":[{"embeddable":true,"href":"https:\/\/diarioavanzada.com.mx\/index.php?rest_route=\/wp\/v2\/users\/7"}],"replies":[{"embeddable":true,"href":"https:\/\/diarioavanzada.com.mx\/index.php?rest_route=%2Fwp%2Fv2%2Fcomments&post=109891"}],"version-history":[{"count":1,"href":"https:\/\/diarioavanzada.com.mx\/index.php?rest_route=\/wp\/v2\/posts\/109891\/revisions"}],"predecessor-version":[{"id":109892,"href":"https:\/\/diarioavanzada.com.mx\/index.php?rest_route=\/wp\/v2\/posts\/109891\/revisions\/109892"}],"wp:featuredmedia":[{"embeddable":true,"href":"https:\/\/diarioavanzada.com.mx\/index.php?rest_route=\/wp\/v2\/media\/109890"}],"wp:attachment":[{"href":"https:\/\/diarioavanzada.com.mx\/index.php?rest_route=%2Fwp%2Fv2%2Fmedia&parent=109891"}],"wp:term":[{"taxonomy":"category","embeddable":true,"href":"https:\/\/diarioavanzada.com.mx\/index.php?rest_route=%2Fwp%2Fv2%2Fcategories&post=109891"},{"taxonomy":"post_tag","embeddable":true,"href":"https:\/\/diarioavanzada.com.mx\/index.php?rest_route=%2Fwp%2Fv2%2Ftags&post=109891"}],"curies":[{"name":"wp","href":"https:\/\/api.w.org\/{rel}","templated":true}]}}