{"id":109864,"date":"2026-01-09T15:19:00","date_gmt":"2026-01-09T21:19:00","guid":{"rendered":"https:\/\/diarioavanzada.com.mx\/?p=109864"},"modified":"2026-01-09T15:28:27","modified_gmt":"2026-01-09T21:28:27","slug":"abandonan-censo-de-amlo-anuncian-nuevo-computo-de-desapariciones","status":"publish","type":"post","link":"https:\/\/diarioavanzada.com.mx\/?p=109864","title":{"rendered":"Abandonan \u201ccenso\u201d de AMLO; anuncian nuevo c\u00f3mputo de desapariciones"},"content":{"rendered":"\n<p class=\"wp-block-paragraph\"><em>Una suma de errores, como la falsificaci\u00f3n de las firmas de v\u00edctimas y funcionarios en los cuestionarios realizados a las familias de personas desaparecidas, marc\u00f3 el fin de la Estrategia Nacional de B\u00fasqueda Generalizada. Aunque Sheinbaum dijo que continuar\u00eda, ahora plantea una revisi\u00f3n del registro nacional basada en el n\u00famero de carpetas de investigaci\u00f3n<\/em><\/p>\n\n\n\n<p class=\"wp-block-paragraph\"><strong>Autor: A d\u00f3nde van los desaparecidos<\/strong>.<\/p>\n\n\n\n<p class=\"wp-block-paragraph\">La Estrategia Nacional de B\u00fasqueda Generalizada (ENBG), creada en el sexenio de Andr\u00e9s Manuel L\u00f3pez Obrador para dar certeza sobre el n\u00famero \u201creal\u201d de desapariciones, fue abandonada en este sexenio por una suma de \u201cgraves errores\u201d que hizo imposible validar la informaci\u00f3n reunida desde su inicio, en mayo de 2023. Estos incluyen \u2014seg\u00fan fuentes consultadas por este medio\u2014 \u202fla falsificaci\u00f3n en los formularios de firmas de v\u00edctimas que presuntamente hab\u00edan sido localizadas y de funcionarios que les daban validez, la p\u00e9rdida de centenares de cuestionarios realizados a familias de personas desaparecidas, y el borrado de nombres del registro oficial sin formalizar el proceso.&nbsp;<\/p>\n\n\n\n<p class=\"wp-block-paragraph\">Desde hace casi dos a\u00f1os, el Gobierno federal dej\u00f3 de informar p\u00fablicamente sobre las cifras de personas localizadas mediante la estrategia nacional; en abril de 2024 se detuvieron las visitas casa por casa en los estados para preguntar a las familias sobre sus parientes desaparecidos, y tambi\u00e9n fue desmantelado el centro telef\u00f3nico<em>&nbsp;<\/em>desde donde se hac\u00edan llamadas para indagar sobre el paradero de&nbsp; las personas ausentes. Nadie, ni la presidenta, ha informado qu\u00e9 ha ocurrido con ese plan que, en el arranque de su administraci\u00f3n,&nbsp;<a href=\"https:\/\/adondevanlosdesaparecidos.org\/2024\/11\/01\/sheinbaum-mantiene-censo-de-personas-desaparecidas-y-elude-dialogo-con-buscadoras\/\">dijo que iba a continuar;<\/a>&nbsp;tampoco se hizo del conocimiento de las madres buscadoras. Simplemente, el tema sali\u00f3 de la agenda p\u00fablica.&nbsp;<\/p>\n\n\n\n<p class=\"wp-block-paragraph\"><a href=\"https:\/\/www.gob.mx\/presidencia\/articulos\/version-estenografica-conferencia-de-prensa-de-la-presidenta-claudia-sheinbaum-pardo-del-14-de-noviembre-de-2025\">En la \u201cma\u00f1anera\u201d del pasado 14 de noviembre<\/a>, Sheinbaum sorprendi\u00f3 con el anuncio de una revisi\u00f3n del Registro Nacional de Personas Desaparecidas y No Localizadas (RNPDNO), que nutren principalmente las fiscal\u00edas estatales y las comisiones de b\u00fasqueda, y que en la actualidad supera las 133,000 v\u00edctimas, cuyos resultados deb\u00edan ser presentados antes de finalizar el a\u00f1o, y ahora se espera que sean dados a conocer en los pr\u00f3ximos d\u00edas.&nbsp;<a href=\"https:\/\/www.gob.mx\/presidencia\/es\/articulos\/version-estenografica-conferencia-de-prensa-de-la-presidenta-claudia-sheinbaum-pardo-del-18-de-diciembre-de-2025?idiom=es\">El 18 de diciembre<\/a>, tambi\u00e9n desde Palacio Nacional, la mandataria precis\u00f3 que la actualizaci\u00f3n de este instrumento, que administra la Comisi\u00f3n Nacional de B\u00fasqueda (CNB) de la Secretar\u00eda de Gobernaci\u00f3n (Segob), incluir\u00e1 cu\u00e1ntas personas han sido localizadas, cu\u00e1ntas permanecen desaparecidas, cu\u00e1ntas tienen una carpeta de investigaci\u00f3n, cu\u00e1ntas son ausencias voluntarias, y cu\u00e1ntos casos se relacionan con la delincuencia organizada.&nbsp;<\/p>\n\n\n\n<p class=\"wp-block-paragraph\">\u201cAhora, por ley\u201d, dijo Sheinbaum, \u201csolo se considera una persona desaparecida si hay una carpeta de investigaci\u00f3n; precisamente, por este tema de que se registraba un nombre y no hab\u00eda datos adicionales, [\u2026] ni tampoco qui\u00e9n la hab\u00eda subido a la plataforma\u201d.&nbsp;<\/p>\n\n\n\n<p class=\"wp-block-paragraph\">La revisi\u00f3n del registro nacional, indic\u00f3 la presidenta, es resultado de las reformas a la Ley General en Materia de Desapariciones aprobadas el pasado junio \u2014tras las mesas encabezadas por la secretaria Rosa Icela Rodr\u00edguez que la Segob organiz\u00f3 con colectivos de familiares\u2014, que contemplan la creaci\u00f3n de una Plataforma \u00danica de Identidad que permitir\u00e1 realizar b\u00fasquedas en tiempo real, al cruzar la Clave \u00danica del Registro de Poblaci\u00f3n (CURP) de las personas desaparecidas con bases de datos como registros administrativos, la nueva Base Nacional de Carpetas de Investigaci\u00f3n de Personas Desaparecidas y No Localizadas, y el propio RNPDNO.&nbsp;<\/p>\n\n\n\n<p class=\"wp-block-paragraph\"><strong>La falsificaci\u00f3n&nbsp;<\/strong><\/p>\n\n\n\n<p class=\"wp-block-paragraph\">El fin de la Estrategia Nacional de B\u00fasqueda Generalizada, conocida como el \u201ccenso\u201d de AMLO, se fragu\u00f3 en una sala de juntas de la CNB, donde se reunieron en junio de 2024 funcionarios de la Secretar\u00eda de Bienestar (SB) encabezados por su titular, Ariadna Montiel, y de la comisi\u00f3n nacional \u2014entonces dirigida por Teresa Guadalupe Reyes Sahag\u00fan\u2014, representada por el director general de Acciones de B\u00fasqueda,&nbsp;<a href=\"https:\/\/adondevanlosdesaparecidos.org\/2024\/01\/11\/acometen-despidos-masivos-en-la-cnb-y-dan-direcciones-a-funcionarios-sin-experiencia\/\">Carlos Alberto Reyes Campos<\/a>, para revisar y validar la informaci\u00f3n que se hab\u00eda generado en el censo, seg\u00fan aseguraron dos extrabajadores del organismo que estuvieron presentes y pidieron omitir su nombre.&nbsp;<\/p>\n\n\n\n<p class=\"wp-block-paragraph\">Estas dos instancias fueron las encargadas de procesar los datos recabados en las visitas casa por casa, realizadas por integrantes de las comisiones de b\u00fasqueda estatales y por servidores de la naci\u00f3n. Las respuestas a los cuestionarios sobre el paradero de la persona desaparecida posteriormente eran escaneados y digitalizados. El objetivo final era depurar el RNPDNO, que cuando fue anunciado el censo&nbsp;<a href=\"https:\/\/adondevanlosdesaparecidos.org\/2023\/06\/09\/amlo-anuncia-nuevo-censo-confiable-sobre-personas-desaparecidas\/\">sumaba m\u00e1s de 110,000 v\u00edctimas<\/a>.<\/p>\n\n\n\n<p class=\"wp-block-paragraph\">Ese d\u00eda de junio de 2024, tres meses antes de que acabara el sexenio de AMLO, los funcionarios de la CNB descubrieron que se hab\u00edan perdido centenares de cuestionarios, y que la SB hab\u00eda copiado a mano la informaci\u00f3n digitalizada en nuevos formatos, con el prop\u00f3sito de que pudieran ser validados en la etapa de revisi\u00f3n. Para hacerlo, falsificaron tanto las firmas de v\u00edctimas de desaparici\u00f3n que hab\u00edan sido localizadas como las de funcionarios, afirmaron las fuentes. Esto invalid\u00f3 la informaci\u00f3n, y la estrategia no se retom\u00f3.<\/p>\n\n\n\n<figure class=\"wp-block-image size-full\"><img decoding=\"async\" src=\"https:\/\/i0.wp.com\/adondevanlosdesaparecidos.org\/wp-content\/uploads\/2026\/01\/image-2.png?resize=872%2C403&amp;ssl=1\" alt=\"\" class=\"wp-image-24230\"\/><figcaption class=\"wp-element-caption\"><em><br \/>Im\u00e1genes de las jornadas de b\u00fasqueda casa por casa presentadas en el informe de marzo de 2024. (Presidencia)<\/em><\/figcaption><\/figure>\n\n\n\n<p class=\"wp-block-paragraph\">Los cuestionarios hab\u00edan sido escaneados para que pudieran ser cotejados con los documentos en papel, pero debido a que muchos se hab\u00edan perdido, dice una de las fuentes, \u201clo que hicieron [en la SB] fue copiar la informaci\u00f3n que ya ten\u00edan digital en un [nuevo cuestionario o] formato f\u00edsico, y para poder hacerlo falsificaron tanto las firmas de algunas v\u00edctimas como de funcionarios\u201d.<\/p>\n\n\n\n<p class=\"wp-block-paragraph\">Se dieron cuenta al descubrir firmas de personas que ya no trabajaban en la CNB, r\u00fabricas que no se parec\u00edan a las originales, tipos de escritura que no coincid\u00edan con los del cuestionario digitalizado, y errores como apellidos mal escritos.<\/p>\n\n\n\n<p class=\"wp-block-paragraph\">Para Humberto Guerrero, coordinador del Programa de Derechos Humanos de Fundar M\u00e9xico, la ENBG fue poco clara desde el principio; el hecho de que inicialmente fuera anunciada como un censo daba una idea de c\u00f3mo toda la discusi\u00f3n se centraba en las cifras, una forma de minimizar la problem\u00e1tica. Sumado a eso, se\u00f1ala, \u201clas listas originales con las cuales empezaron el ejercicio no hab\u00edan pasado por ning\u00fan sistema de verificaci\u00f3n o de cotejo para tratar de descartar hom\u00f3nimos\u201d.<\/p>\n\n\n\n<p class=\"wp-block-paragraph\">Los hom\u00f3nimos, personas con el mismo nombre, fueron un problema recurrente al que se enfrentaron quienes sal\u00edan a campo, pues las listas que les proporcionaron no conten\u00edan en un inicio la fotograf\u00eda de las personas desaparecidas, lo que dificultaba el trabajo. Tampoco verificaban los datos de documentos como la CURP para confirmar si la persona presuntamente localizada era la misma que buscaban.&nbsp;<\/p>\n\n\n\n<p class=\"wp-block-paragraph\">La instrucci\u00f3n presidencial de \u201cactualizar\u201d el registro nacional contribuy\u00f3 a la&nbsp;<a href=\"https:\/\/adondevanlosdesaparecidos.org\/2023\/08\/24\/renuncia-comisionada-de-busqueda-karla-quintana-fue-por-presiones-de-arriba\/\">renuncia de Karla Quintana<\/a>a la CNB en agosto de 2023.&nbsp;<a href=\"https:\/\/adondevanlosdesaparecidos.org\/2023\/11\/16\/un-cuestionario-para-reducir-el-numero-de-desaparecidos\/\">\u201cLa intenci\u00f3n, muy clara y lamentable\u201d,<\/a>&nbsp;declar\u00f3 tras su salida, \u201ces reducir las cifras de personas desaparecidas, principalmente en este gobierno\u201d.<\/p>\n\n\n\n<p class=\"wp-block-paragraph\">Su sucesora, Reyes Sahag\u00fan, cuestionada desde su nombramiento por su falta de experiencia para el cargo y su proximidad a Morena, retom\u00f3 la ENBG, y continu\u00f3 con una metodolog\u00eda que consisti\u00f3 en comparar el registro nacional con bases de datos administrativas (como programas sociales, vacunaci\u00f3n por covid, IMSS o el padr\u00f3n del INE) para encontrar indicios de vida posteriores a la fecha de desaparici\u00f3n de una persona.&nbsp;&nbsp;<\/p>\n\n\n\n<p class=\"wp-block-paragraph\">Tambi\u00e9n se implement\u00f3 una b\u00fasqueda masiva&nbsp;<a href=\"https:\/\/adondevanlosdesaparecidos.org\/2023\/08\/03\/reconoce-amlo-busqueda-casa-por-casa-de-personas-desaparecidas-temen-rasuramiento-de-registro\/\">\u201ccasa por casa\u201d<\/a>&nbsp;y por&nbsp;<a href=\"https:\/\/adondevanlosdesaparecidos.org\/2023\/09\/18\/hablo-del-gobierno-de-mexico-su-familiar-volvio-o-sigue-desaparecido\/\">llamadas telef\u00f3nicas<\/a>, que gener\u00f3 acusaciones de revictimizaci\u00f3n por parte de las familias, pues en algunas ocasiones la polic\u00eda intent\u00f3 entrar en el domicilio de los encuestados para comprobar si la persona desaparecida estaba escondida. El temor de las familias de las v\u00edctimas era que el verdadero prop\u00f3sito de esta apuesta federal fuera \u201crasurar\u201d el registro, ya que AMLO rechazaba que su sexenio pasara a la historia \u2014con&nbsp;<a href=\"https:\/\/adondevanlosdesaparecidos.org\/2024\/05\/28\/desaparecen-mas-de-50000-personas-en-el-sexenio-de-amlo\/\">m\u00e1s de 50,000 casos\u2014<\/a>&nbsp;como el de mayor n\u00famero de desapariciones.&nbsp;<\/p>\n\n\n\n<p class=\"wp-block-paragraph\"><em>A d\u00f3nde van los desaparecidos&nbsp;<\/em>y&nbsp;<em>Quinto Elemento Lab<\/em><strong><em>&nbsp;<\/em><\/strong>informaron sobre la&nbsp;<a href=\"https:\/\/adondevanlosdesaparecidos.org\/2024\/01\/22\/tiene-censo-de-amlo-otros-datos-equivocados\/\">clasificaci\u00f3n err\u00f3nea<\/a>&nbsp;de decenas de casos \u2014desde v\u00edctimas de la \u201cguerra sucia\u201d como Alicia de los R\u00edos Merino, integrante de la Liga Comunista 23 de Septiembre, que no estaba en la base de datos de la ENBG, hasta Antonio D\u00edaz Valencia, defensor de Aquila desaparecido en 2023 que figuraba como \u201cubicado\u201d\u2014, as\u00ed como de personas registradas con el estatus de&nbsp;<a href=\"https:\/\/adondevanlosdesaparecidos.org\/2024\/03\/06\/decenas-de-personas-localizadas-por-el-gobierno-siguen-desaparecidas\/\">localizadas<\/a>&nbsp;cuando en realidad segu\u00edan desaparecidas.&nbsp;<\/p>\n\n\n\n<figure class=\"wp-block-image size-large\"><img decoding=\"async\" src=\"https:\/\/i0.wp.com\/adondevanlosdesaparecidos.org\/wp-content\/uploads\/2026\/01\/image-1.jpeg?resize=1024%2C683&amp;ssl=1\" alt=\"\" class=\"wp-image-24225\"\/><figcaption class=\"wp-element-caption\"><br \/><em><sup>Luisa Mar\u00eda Alcalde explic\u00f3, cuando era secretaria de Gobernaci\u00f3n, en qu\u00e9 consist\u00eda la formalizaci\u00f3n de las localizaciones. (Presidencia)<\/sup><br \/><\/em><\/figcaption><\/figure>\n\n\n\n<p class=\"wp-block-paragraph\"><strong>Escaso avance<\/strong><\/p>\n\n\n\n<p class=\"wp-block-paragraph\">La \u00faltima actualizaci\u00f3n del llamado censo de AMLO fue&nbsp;<a href=\"https:\/\/www.gob.mx\/cms\/uploads\/attachment\/file\/903382\/Sexta_Etapa_FIN1_VCS.pdf\">en marzo de 2024<\/a>, aunque el expresidente hab\u00eda asegurado que&nbsp;<a href=\"https:\/\/amlo.presidente.gob.mx\/informe-de-avances-en-busqueda-de-personas-desaparecidas-se-presentara-cada-mes-presidente\/\">los avances se informar\u00edan mensualmente<\/a>. Entonces, durante una conferencia \u201cma\u00f1anera\u201d en Palacio Nacional, asegur\u00f3 que se hab\u00edan localizado 20,193 personas \u2014a\u00fan en proceso de formalizar\u2014. La mitad, 10,717, pudo ser ubicada por la informaci\u00f3n de autoridades locales, y el resto, por las visitas casa por casa (4,656), por informes de defunci\u00f3n (4,629), y por hallarse en centros penitenciarios (191).<\/p>\n\n\n\n<p class=\"wp-block-paragraph\">El proceso para formalizar una localizaci\u00f3n consiste en&nbsp;<a href=\"https:\/\/elefanteblanco.mx\/2024\/01\/12\/comisionada-de-busqueda-reconoce-que-ninguna-de-las-personas-que-el-gobierno-presumio-como-localizadas-esta-con-sus-familiares\/\">integrar la prueba de vida<\/a>&nbsp;al expediente de b\u00fasqueda o carpeta de investigaci\u00f3n, registrar la localizaci\u00f3n en las bases de datos \u2014federales y estatales\u2014, e informar a la persona denunciante.&nbsp;<\/p>\n\n\n\n<p class=\"wp-block-paragraph\">En abril de 2025, iniciado el sexenio de Sheinbaum, la Segob inform\u00f3, seg\u00fan datos solicitados v\u00eda Transparencia, que, como resultado de la estrategia, ten\u00edan 24,433 registros de personas localizadas, apenas un avance del 21% con respecto a las cifras de marzo de 2024. Pero nuevamente no aclaraba cu\u00e1ntos casos se hab\u00edan formalizado. Inform\u00f3 tambi\u00e9n sobre 18,653 registros con indicios de vida o fallecimiento, sin desagregar las cifras.<\/p>\n\n\n\n<p class=\"wp-block-paragraph\">En otras clasificaciones, los 36,022 registros con identidad, pero sin datos para la b\u00fasqueda, reportados por el gobierno en diciembre de 2023, se incrementaron en abril de 2025 a 46,012 (28%), y el n\u00famero de 26,090 personas sin identidad confirmada disminuy\u00f3 a 10,915 (58%).&nbsp;<\/p>\n\n\n\n<p class=\"wp-block-paragraph\">En una nueva solicitud de Transparencia, la Segob inform\u00f3 que, desde 2022 hasta el 2 de abril de 2025, 11,380 registros, poco m\u00e1s de la mitad del total de localizaciones informadas en marzo del a\u00f1o anterior, hab\u00edan cambiado su estatus en el RNPDNO a personas localizadas con vida, y que 2,059 registros correspond\u00edan a personas localizadas sin vida.<\/p>\n\n\n\n<p class=\"wp-block-paragraph\">Carlos L\u00f3pez Buburr\u00f3n, investigador en el Seminario de Violencia y Paz de El Colegio de M\u00e9xico (Colmex), considera que, para L\u00f3pez Obrador, la CNB no dio los resultados que esperaba.&nbsp; \u201cNarrativamente hablando no peg\u00f3 la idea de que tantas personas hab\u00edan sido localizadas, sino m\u00e1s bien peg\u00f3 la idea de \u2018tantas personas no tienen un registro adecuado, bien hecho\u2019\u201d, se\u00f1ala el polit\u00f3logo.<\/p>\n\n\n\n<p class=\"wp-block-paragraph\">Observa que, al tiempo que bajaron los homicidios dolosos en el pa\u00eds \u2014hasta el 37%, seg\u00fan las \u00faltimas cifras del Gobierno federal\u2014, han aumentado las desapariciones; en el primer a\u00f1o del sexenio de Sheinbaum, la proporci\u00f3n se elev\u00f3 a&nbsp;<a href=\"https:\/\/adondevanlosdesaparecidos.org\/2025\/10\/03\/primer-ano-de-sheinbaum-mexico-con-40-desapariciones-diarias-y-bajo-el-escrutinio-de-la-onu\/\">40 v\u00edctimas diarias<\/a>.&nbsp;<\/p>\n\n\n\n<p class=\"wp-block-paragraph\"><strong>Bajar las cifras<\/strong><\/p>\n\n\n\n<p class=\"wp-block-paragraph\">En las semanas previas a la reuni\u00f3n de junio de 2024 hab\u00eda una gran presi\u00f3n de Carlos Alberto Reyes, el directivo de la CNB, para que se validaran los cuestionarios y, de ese modo, se pudiera formalizar el proceso y cambiar el estatus de las personas desaparecidas a localizadas, lo que permitir\u00eda reducir el n\u00famero de registros en el RNPDNO. En un chat de WhatsApp creado en abril de ese a\u00f1o por Reyes, el equipo del organismo ten\u00eda que informar sobre las actualizaciones en cada estado: el n\u00famero de expedientes revisados, los documentos faltantes, si la informaci\u00f3n hab\u00eda sido validada.&nbsp;<\/p>\n\n\n\n<p class=\"wp-block-paragraph\">Seg\u00fan los reportes de varios integrantes del equipo \u2014a los que tuvo acceso este medio\u2014, los casos no pod\u00edan ser validados porque faltaban pruebas de vida, o porque el expediente no estaba completo o no contaba con los \u201cdocumentos f\u00edsicos\u201d.<\/p>\n\n\n\n<p class=\"wp-block-paragraph\">De hasta mil registros, los trabajadores de la CNB solo pod\u00edan validar cuatro, debido a los errores o falta de datos, ejemplifica uno de los extrabajadores, que particip\u00f3 en esa etapa. \u201cAnte eso se plane\u00f3 instalar un nuevo&nbsp;<em>call center<\/em>&nbsp;para conseguir la informaci\u00f3n faltante, pero nunca se llev\u00f3 a cabo\u201d.&nbsp;<\/p>\n\n\n\n<p class=\"wp-block-paragraph\">Otro problema que enfrentaron fue que los siervos de la naci\u00f3n, cuando encontraban a personas con una ficha vigente de desaparici\u00f3n, no lo informaban a sus familiares, ni siquiera a quien hab\u00eda levantado el reporte, indic\u00f3 una de las fuentes que hizo trabajo de campo.&nbsp;<\/p>\n\n\n\n<p class=\"wp-block-paragraph\">Lo \u00fanico que solicitaba la SB era que el registro de desaparici\u00f3n fuera dado de baja del RNPDNO. \u201cLa intenci\u00f3n era bajar la cifra, nunca fue notificar a la familia\u201d, agrega.&nbsp;<\/p>\n\n\n\n<p class=\"wp-block-paragraph\">\u201c[Y] yo no los puedo dar de baja del registro nacional hasta que no garanticen que ya tienen comunicaci\u00f3n con su familia\u201d, precisa el exfuncionario de la CNB.&nbsp;<\/p>\n\n\n\n<p class=\"wp-block-paragraph\">En uno de los mensajes del grupo de WhatsApp, un integrante del equipo del organismo pide que se den a conocer los criterios para registrar a una persona como \u201clocalizada con vida\u201d, pues aunque se ha especificado por qu\u00e9 no puede modificarse el estatus en el RNPDNO, \u201clos registros fueron cambiando\u201d.<\/p>\n\n\n\n<p class=\"wp-block-paragraph\">La validaci\u00f3n de datos de la CNB permiti\u00f3 detectar casos en los que no era posible concluir que una persona hallada en una visita era la misma que ten\u00eda el reporte de desaparici\u00f3n. Sucedi\u00f3, por ejemplo, con menores que eran buscados con datos surgidos de credenciales de elector, que por su edad no pod\u00edan haber expedido.<\/p>\n\n\n\n<p class=\"wp-block-paragraph\">\u201cEl plan era que se iba a regresar toda esa informaci\u00f3n a la Secretar\u00eda de Bienestar para que volvieran a entrevistar en las casas y consiguieran la informaci\u00f3n que faltaba o era err\u00f3nea\u201d, dijo uno de los extrabajadores de la CNB. Pero esto nunca se concret\u00f3.&nbsp;<\/p>\n\n\n\n<p class=\"wp-block-paragraph\">Inicialmente, quienes acud\u00edan a las visitas casa por casa no hab\u00edan sido capacitados en el trato a las familias de personas desaparecidas, lo que se tradujo en numerosas quejas de revictimizaci\u00f3n; esto cambi\u00f3 cuando en la CNB se elabor\u00f3 una gu\u00eda sobre c\u00f3mo abordar a los familiares y se dej\u00f3 de acudir a los domicilios con elementos de la Guardia Nacional (GN).<\/p>\n\n\n\n<p class=\"wp-block-paragraph\"><a href=\"https:\/\/adondevanlosdesaparecidos.org\/2023\/09\/18\/hablo-del-gobierno-de-mexico-su-familiar-volvio-o-sigue-desaparecido\/\">El centro telef\u00f3nico o&nbsp;<em>call center<\/em>&nbsp;instalado<\/a>&nbsp;por la Secretar\u00eda de Protecci\u00f3n y Seguridad Ciudadana para preguntar a familiares si las personas desaparecidas hab\u00edan regresado a casa tambi\u00e9n fue reportado por malas pr\u00e1cticas. Integrantes de la GN, asignados para hacer las entrevistas, se presentaban en las llamadas con nombres falsos y carec\u00edan tambi\u00e9n de capacitaci\u00f3n para hablar del tema, se\u00f1al\u00f3 una persona que trabajaba en esa \u00e1rea, quien pidi\u00f3 no ser identificada. A veces, como report\u00f3 este medio, las llamadas generaban sospechas, miedo o falsas expectativas en las familias buscadoras.<\/p>\n\n\n\n<figure class=\"wp-block-image size-large\"><img decoding=\"async\" src=\"https:\/\/i0.wp.com\/adondevanlosdesaparecidos.org\/wp-content\/uploads\/2026\/01\/image.png?resize=1024%2C240&amp;ssl=1\" alt=\"\" class=\"wp-image-24227\"\/><\/figure>\n\n\n\n<figure class=\"wp-block-image size-large\"><img decoding=\"async\" src=\"https:\/\/i0.wp.com\/adondevanlosdesaparecidos.org\/wp-content\/uploads\/2026\/01\/image-1.png?resize=1024%2C247&amp;ssl=1\" alt=\"\" class=\"wp-image-24229\"\/><figcaption class=\"wp-element-caption\"><em>Mensajes enviados por Carlos Alberto Reyes, de la CNB, en mayo y julio de 2024. (Especial)<\/em><\/figcaption><\/figure>\n\n\n\n<p class=\"wp-block-paragraph\"><strong>Costo pol\u00edtico<\/strong><\/p>\n\n\n\n<p class=\"wp-block-paragraph\">El 29 de octubre de 2024, poco despu\u00e9s de asumir la presidencia, Sheinbaum dijo que seguir\u00eda con la estrategia nacional, que fue dise\u00f1ada durante su periodo como jefa de gobierno en la Ciudad de M\u00e9xico, y que \u202fadopt\u00f3 AMLO para todo el pa\u00eds despu\u00e9s de que la hoy mandataria presumi\u00f3 el resultado de las primeras jornadas realizadas en la capital en 2022. \u201cEsta metodolog\u00eda la vamos a seguir\u201d, afirm\u00f3.<\/p>\n\n\n\n<p class=\"wp-block-paragraph\">Cuando el Gobierno federal dio a conocer la \u00faltima actualizaci\u00f3n de cifras en marzo de 2024, la Ciudad de M\u00e9xico presum\u00eda las tasas de \u00e9xito m\u00e1s altas: 3,080 personas localizadas de un total de 7,416 casos. Actualmente, el RNPDNO registra 7,551 personas desaparecidas, m\u00e1s que&nbsp; la cifra inicial.<\/p>\n\n\n\n<p class=\"wp-block-paragraph\">L\u00f3pez Buburr\u00f3n, del Colmex, considera que esta administraci\u00f3n apost\u00f3 por una serie de reformas legales que coinciden con&nbsp;<a href=\"https:\/\/adondevanlosdesaparecidos.org\/2025\/04\/24\/activa-onu-procedimiento-por-crisis-de-desapariciones-oportunidades-y-riesgos\/\">la activaci\u00f3n del art\u00edculo 34<\/a>, anunciada en abril por el Comit\u00e9 contra la Desaparici\u00f3n Forzada de la ONU por considerar que las desapariciones en el pa\u00eds ocurren de manera generalizada y sistem\u00e1tica. Tras analizar la respuesta del gobierno mexicano, el organismo podr\u00eda llevar el caso a la Asamblea General de Naciones Unidas.<\/p>\n\n\n\n<p class=\"wp-block-paragraph\">En Palacio Nacional se vieron obligados a abordar el creciente n\u00famero de desapariciones, agrega, tras el descubrimiento el pasado marzo del&nbsp;<a href=\"https:\/\/adondevanlosdesaparecidos.org\/2025\/03\/26\/teuchitlan-el-cruel-montaje-del-circo-del-horror\/\">rancho Izaguirre en Teuchitl\u00e1n<\/a>, Jalisco. En este centro de adiestramiento del C\u00e1rtel Jalisco Nueva Generaci\u00f3n se encontraron cientos de prendas y zapatos, presuntamente pertenecientes a j\u00f3venes que eran reclutados o atra\u00eddos con propuestas falsas de trabajo para despu\u00e9s ser obligados a unirse a las filas del grupo criminal y, si se negaban, eran asesinados.&nbsp;<\/p>\n\n\n\n<p class=\"wp-block-paragraph\">Ese hecho gener\u00f3 diversas movilizaciones y protestas en el pa\u00eds, donde la imagen de los zapatos sobre el asfalto se convirti\u00f3 en un s\u00edmbolo de las desapariciones, y las im\u00e1genes del rancho Izaguirre trascendieron a nivel internacional.&nbsp;<\/p>\n\n\n\n<p class=\"wp-block-paragraph\">\u201cCuando tienes un esc\u00e1ndalo de ese tama\u00f1o, algo visualmente tan poderoso [como la imagen de las prendas abandonadas], en un estado que dentro de un a\u00f1o va a ser sede mundialista, el costo pol\u00edtico de seguir hablando del censo p\u00fablicamente era muy alto\u201d, afirma el investigador.<\/p>\n\n\n\n<p class=\"wp-block-paragraph\"><strong>Reemplazar al RNPDNO<\/strong><\/p>\n\n\n\n<p class=\"wp-block-paragraph\">La afirmaci\u00f3n de Sheinbaum de que solo ser\u00e1n consideradas personas desaparecidas quienes tengan abierta una carpeta de investigaci\u00f3n significa para el abogado C\u00e9sar Contreras, del Centro de Derechos Humanos Miguel Agust\u00edn Pro Ju\u00e1rez (Centro Prodh), centrar la problem\u00e1tica en la labor del Ministerio P\u00fablico.&nbsp;<\/p>\n\n\n\n<p class=\"wp-block-paragraph\">\u201cAl final, es la pol\u00edtica de buscar que en todos los casos solamente se contabilicen los expedientes penales para registrar los n\u00fameros en la Base Nacional de Carpetas de Investigaci\u00f3n, que va a ser empleada,&nbsp;<em>de facto<\/em>, como una forma de reemplazar al RNPDNO\u201d.&nbsp;<\/p>\n\n\n\n<figure class=\"wp-block-image size-large\"><img decoding=\"async\" src=\"https:\/\/i0.wp.com\/adondevanlosdesaparecidos.org\/wp-content\/uploads\/2026\/01\/image.jpeg?resize=1024%2C683&amp;ssl=1\" alt=\"\" class=\"wp-image-24228\"\/><figcaption class=\"wp-element-caption\"><br \/><em><sup>La imposibilidad de validar la informaci\u00f3n reunida, debido a la p\u00e9rdida de documentos y falsificaciones de firmas, oblig\u00f3 a cancelar la ENBG. (\u00d3scar Guerrero\/Crom\u00e1tica\/ObturadorMX)<\/sup><br \/><\/em><\/figcaption><\/figure>\n\n\n\n<p class=\"wp-block-paragraph\">Alerta tambi\u00e9n sobre el hecho de que aquellas familias que recurr\u00edan a las comisiones locales de b\u00fasqueda para denunciar una desaparici\u00f3n, por tener indicios de una colusi\u00f3n de las fiscal\u00edas con el crimen organizado, podr\u00edan quedarse sin esa posibilidad, al igual que las familias de personas migrantes, que denunciaban su ausencia en los consulados o la propia canciller\u00eda.&nbsp;<\/p>\n\n\n\n<p class=\"wp-block-paragraph\">La desconfianza en los ministerios p\u00fablicos, agrega, aumenta la posibilidad de un subregistro en el RNPDNO, al igual que depender de una carpeta de investigaci\u00f3n para contabilizar a una persona desaparecida, ya que algunas fiscal\u00edas locales se niegan a recibir denuncias.&nbsp;<\/p>\n\n\n\n<p class=\"wp-block-paragraph\">Ante el anuncio de Sheinbaum, madres buscadoras del Grupo Vida como Silvia Ortiz, se\u00f1alan que el problema es de origen, pues los registros no contienen los datos completos por acci\u00f3n u omisi\u00f3n de las autoridades ministeriales. Su temor es que, por esta falta de datos, tengan que iniciar desde cero la investigaci\u00f3n, y los casos de larga data queden en el olvido.&nbsp;<\/p>\n\n\n\n<p class=\"wp-block-paragraph\">Durante la \u201cma\u00f1anera\u201d del pasado d\u00eda 18 de diciembre, la presidenta dijo que muchos de los casos \u201chist\u00f3ricos\u201d de desaparici\u00f3n no se relacionan con la delincuencia organizada y menos a\u00fan son causados por el Estado. \u201cHay mucha ausencia voluntaria por problemas familiares\u201d, asegur\u00f3, \u201cpero las familias, obviamente, los reportan como \u00b4desaparecidos\u00b4 porque no se comunican con ellos\u201d.&nbsp;<\/p>\n\n\n\n<p class=\"wp-block-paragraph\">Para Contreras, es \u201cirrelevante si la persona estaba peleada con la familia o no, el punto es la obligaci\u00f3n del Estado, que es saber d\u00f3nde est\u00e1, asegurarse primero de que est\u00e1 bien y ya despu\u00e9s determinar si hubo o no un delito, pero eso no es posible si no se sabe d\u00f3nde est\u00e1 la persona desaparecida\u201d.<\/p>\n\n\n\n<p class=\"wp-block-paragraph\">Si bien el t\u00e9rmino de ausencia voluntaria existe en el Protocolo Homologado de B\u00fasqueda, agrega el abogado, el temor se centra en el cierre de carpetas de investigaci\u00f3n ante la falta de pruebas aportadas por familiares, a eso se le suman los contextos de personas que no pueden denunciar por razones de inseguridad, violencia, e incluso falta de traductores en comunidades ind\u00edgenas, y \u201ctambi\u00e9n por la cantidad de fiscal\u00edas locales a las que las familias les tienen terror\u201d.&nbsp;<\/p>\n\n\n\n<p class=\"wp-block-paragraph\">Hace unas semanas fue aprobado el&nbsp;<a href=\"https:\/\/animalpolitico.com\/sociedad\/protocolo-homologado-busqueda-personas-desparecidas\">nuevo Protocolo Homologado de B\u00fasqueda<\/a>, que integra las nuevas herramientas establecidas en las reformas a la Ley General en Materia de Desapariciones. El documento, seg\u00fan reportes period\u00edsticos, obliga a los ministerios p\u00fablicos a iniciar una investigaci\u00f3n cuando reciban el reporte de una desaparici\u00f3n, y a realizar an\u00e1lisis de contexto en los casos de larga data.<\/p>\n\n\n\n<p class=\"wp-block-paragraph\">Para el abogado del Centro Prodh, la intenci\u00f3n de la presidenta es clara: \u201cQue la cifra de 133,000 personas desaparecidas deje de sonar como un gran problema y se convierta en una cuesti\u00f3n de \u2018seguramente no regresaron a la casa esas personas, pero est\u00e1n bien\u2019. Y entonces dejar de reconocer la problem\u00e1tica de la desaparici\u00f3n, la dimensi\u00f3n de la crisis, la magnitud de la gravedad de la violencia en nuestro pa\u00eds\u201d. Al final, concluye, va a ser la misma pol\u00edtica implementada en el sexenio de L\u00f3pez Obrador para intentar reducir las cifras de personas desaparecidas.<\/p>\n\n\n\n<p class=\"wp-block-paragraph\">**Foto de portada: Andr\u00e9s Manuel L\u00f3pez Obrador al anunciar, en diciembre de 2023, los primeros resultados de la Estrategia Nacional de B\u00fasqueda Generalizada. (Presidencia)<\/p>\n\n\n\n<p class=\"wp-block-paragraph\"><a href=\"http:\/\/www.adondevanlosdesaparecidos.org\/\"><strong><em>http:\/\/www.adondevanlosdesaparecidos.org<\/em><\/strong><\/a><strong><em>&nbsp;es un sitio de investigaci\u00f3n y memoria sobre las din\u00e1micas de la desaparici\u00f3n en M\u00e9xico. Este material puede ser libremente reproducido, siempre y cuando se respete el cr\u00e9dito del autor y de A d\u00f3nde van los desaparecidos (@DesaparecerEnMx).<\/em><\/strong><\/p>\n<div class=\"fb-background-color\">\n\t\t\t  <div \n\t\t\t  \tclass = \"fb-comments\" \n\t\t\t  \tdata-href = \"https:\/\/diarioavanzada.com.mx\/?p=109864\"\n\t\t\t  \tdata-numposts = \"10\"\n\t\t\t  \tdata-lazy = \"true\"\n\t\t\t\tdata-colorscheme = \"light\"\n\t\t\t\tdata-order-by = \"social\"\n\t\t\t\tdata-mobile=true>\n\t\t\t  <\/div><\/div>\n\t\t  <style>\n\t\t    .fb-background-color {\n\t\t\t\tbackground:  !important;\n\t\t\t}\n\t\t\t.fb_iframe_widget_fluid_desktop iframe {\n\t\t\t    width: 100% !important;\n\t\t\t}\n\t\t  <\/style>\n\t\t  ","protected":false},"excerpt":{"rendered":"<p>Una suma de errores, como la falsificaci\u00f3n de las firmas de v\u00edctimas y funcionarios en los cuestionarios realizados a las familias de personas desaparecidas, marc\u00f3 el fin de la Estrategia Nacional de B\u00fasqueda Generalizada. Aunque Sheinbaum dijo que continuar\u00eda, ahora plantea una revisi\u00f3n del registro nacional basada en el n\u00famero de carpetas de investigaci\u00f3n Autor: [&hellip;]<\/p>\n","protected":false},"author":7,"featured_media":109863,"comment_status":"closed","ping_status":"closed","sticky":false,"template":"","format":"standard","meta":{"_coblocks_attr":"","_coblocks_dimensions":"","_coblocks_responsive_height":"","_coblocks_accordion_ie_support":"","_crdt_document":"","advanced_seo_description":"","jetpack_seo_html_title":"","jetpack_seo_noindex":false,"_jetpack_memberships_contains_paid_content":false,"footnotes":""},"categories":[22,7,29],"tags":[],"class_list":["post-109864","post","type-post","status-publish","format-standard","has-post-thumbnail","hentry","category-nacion","category-noticias","category-sociedad"],"jetpack_featured_media_url":"https:\/\/diarioavanzada.com.mx\/wp-content\/uploads\/2026\/01\/img_9166.jpg","jetpack-related-posts":[],"jetpack_sharing_enabled":true,"amp_enabled":true,"_links":{"self":[{"href":"https:\/\/diarioavanzada.com.mx\/index.php?rest_route=\/wp\/v2\/posts\/109864","targetHints":{"allow":["GET"]}}],"collection":[{"href":"https:\/\/diarioavanzada.com.mx\/index.php?rest_route=\/wp\/v2\/posts"}],"about":[{"href":"https:\/\/diarioavanzada.com.mx\/index.php?rest_route=\/wp\/v2\/types\/post"}],"author":[{"embeddable":true,"href":"https:\/\/diarioavanzada.com.mx\/index.php?rest_route=\/wp\/v2\/users\/7"}],"replies":[{"embeddable":true,"href":"https:\/\/diarioavanzada.com.mx\/index.php?rest_route=%2Fwp%2Fv2%2Fcomments&post=109864"}],"version-history":[{"count":1,"href":"https:\/\/diarioavanzada.com.mx\/index.php?rest_route=\/wp\/v2\/posts\/109864\/revisions"}],"predecessor-version":[{"id":109865,"href":"https:\/\/diarioavanzada.com.mx\/index.php?rest_route=\/wp\/v2\/posts\/109864\/revisions\/109865"}],"wp:featuredmedia":[{"embeddable":true,"href":"https:\/\/diarioavanzada.com.mx\/index.php?rest_route=\/wp\/v2\/media\/109863"}],"wp:attachment":[{"href":"https:\/\/diarioavanzada.com.mx\/index.php?rest_route=%2Fwp%2Fv2%2Fmedia&parent=109864"}],"wp:term":[{"taxonomy":"category","embeddable":true,"href":"https:\/\/diarioavanzada.com.mx\/index.php?rest_route=%2Fwp%2Fv2%2Fcategories&post=109864"},{"taxonomy":"post_tag","embeddable":true,"href":"https:\/\/diarioavanzada.com.mx\/index.php?rest_route=%2Fwp%2Fv2%2Ftags&post=109864"}],"curies":[{"name":"wp","href":"https:\/\/api.w.org\/{rel}","templated":true}]}}