{"id":109838,"date":"2026-01-09T05:59:57","date_gmt":"2026-01-09T11:59:57","guid":{"rendered":"https:\/\/diarioavanzada.com.mx\/?p=109838"},"modified":"2026-01-09T06:03:00","modified_gmt":"2026-01-09T12:03:00","slug":"no-revictimice-a-gaby-mejia-solo-informe-lineas-de-investigacion-fiscal-de-colima","status":"publish","type":"post","link":"https:\/\/diarioavanzada.com.mx\/?p=109838","title":{"rendered":"No revictimic\u00e9 a Gaby Mej\u00eda, solo inform\u00e9 l\u00edneas de investigaci\u00f3n: Fiscal de Colima"},"content":{"rendered":"\n<p class=\"p1 wp-block-paragraph\">Colima, M\u00e9xico, Avanzada (09\/01\/2026).- El Fiscal General del Estado, Bryant Alejandro Garc\u00eda Ram\u00edrez, defendi\u00f3 sus declaraciones p\u00fablicas sobre el asesinato de la exalcaldesa Gaby Mej\u00eda, al asegurar que en ning\u00fan momento vincul\u00f3 a la v\u00edctima con actividades delictivas ni incurri\u00f3 en revictimizaci\u00f3n, sino que se limit\u00f3 a informar sobre l\u00edneas de investigaci\u00f3n dentro de un proceso legal en curso.<\/p>\n\n\n\n<p class=\"p1 wp-block-paragraph\">Durante una entrevista concedida al periodista Roberto George Gallardo, el titular de la Fiscal\u00eda explic\u00f3 que sus expresiones, que generaron cr\u00edticas y una fuerte pol\u00e9mica en redes sociales, se dieron en un contexto en el que la sociedad y diversos actores pol\u00edticos exig\u00edan respuestas sobre el crimen.<\/p>\n\n\n\n<p class=\"p1 wp-block-paragraph\">\u201cLas mismas personas que antes ped\u00edan informaci\u00f3n y resultados fueron las que despu\u00e9s se inconformaron cuando dimos a conocer nuestras l\u00edneas de investigaci\u00f3n\u201d, afirm\u00f3 Garc\u00eda Ram\u00edrez, quien sostuvo que sus declaraciones se apegaron estrictamente a lo permitido por la ley.<\/p>\n\n\n\n<p class=\"p1 wp-block-paragraph\">El fiscal subray\u00f3 que nunca se\u00f1al\u00f3 a la exalcaldesa como part\u00edcipe de ninguna actividad criminal, y que \u00fanicamente expuso hechos objetivos relacionados con una de las l\u00edneas que se siguen, entre ellas una posible deuda, la cual \u2014dijo\u2014 contin\u00faa siendo analizada junto con otras hip\u00f3tesis.<\/p>\n\n\n\n<p class=\"p1 wp-block-paragraph\">Garc\u00eda Ram\u00edrez record\u00f3 que, hasta el momento, ya hay una persona vinculada a proceso por el homicidio de Gaby Mej\u00eda, y asegur\u00f3 que la Fiscal\u00eda mantiene abiertas varias l\u00edneas de investigaci\u00f3n para ubicar y procesar a todos los responsables.<\/p>\n\n\n\n<p class=\"p1 wp-block-paragraph\">Asimismo, se\u00f1al\u00f3 que la Fiscal\u00eda tiene la obligaci\u00f3n constitucional de informar a la ciudadan\u00eda, pero sin violar la secrec\u00eda ni la dignidad de las v\u00edctimas y sus familias. En ese sentido, explic\u00f3 que en toda investigaci\u00f3n se realiza un an\u00e1lisis de contexto que incluye el entorno social, familiar, laboral y personal de la v\u00edctima, aunque esa informaci\u00f3n sensible no se hace p\u00fablica.<\/p>\n\n\n\n<p class=\"p1 wp-block-paragraph\">\u201cHay datos que solo se comparten con la familia por razones \u00e9ticas y de respeto. No todo debe ni puede decirse ante los medios\u201d, puntualiz\u00f3.<\/p>\n\n\n\n<p class=\"p1 wp-block-paragraph\">Finalmente, el fiscal consider\u00f3 que la pol\u00e9mica que se gener\u00f3 por el caso fue alentada por intereses pol\u00edticos que buscaron desvirtuar su trabajo, pero reiter\u00f3 que la Fiscal\u00eda continuar\u00e1 actuando conforme a derecho hasta lograr el total esclarecimiento del asesinato de la exalcaldesa.<\/p>\n<div class=\"fb-background-color\">\n\t\t\t  <div \n\t\t\t  \tclass = \"fb-comments\" \n\t\t\t  \tdata-href = \"https:\/\/diarioavanzada.com.mx\/?p=109838\"\n\t\t\t  \tdata-numposts = \"10\"\n\t\t\t  \tdata-lazy = \"true\"\n\t\t\t\tdata-colorscheme = \"light\"\n\t\t\t\tdata-order-by = \"social\"\n\t\t\t\tdata-mobile=true>\n\t\t\t  <\/div><\/div>\n\t\t  <style>\n\t\t    .fb-background-color {\n\t\t\t\tbackground:  !important;\n\t\t\t}\n\t\t\t.fb_iframe_widget_fluid_desktop iframe {\n\t\t\t    width: 100% !important;\n\t\t\t}\n\t\t  <\/style>\n\t\t  ","protected":false},"excerpt":{"rendered":"<p>Colima, M\u00e9xico, Avanzada (09\/01\/2026).- El Fiscal General del Estado, Bryant Alejandro Garc\u00eda Ram\u00edrez, defendi\u00f3 sus declaraciones p\u00fablicas sobre el asesinato de la exalcaldesa Gaby Mej\u00eda, al asegurar que en ning\u00fan momento vincul\u00f3 a la v\u00edctima con actividades delictivas ni incurri\u00f3 en revictimizaci\u00f3n, sino que se limit\u00f3 a informar sobre l\u00edneas de investigaci\u00f3n dentro de un [&hellip;]<\/p>\n","protected":false},"author":7,"featured_media":109837,"comment_status":"closed","ping_status":"closed","sticky":false,"template":"","format":"standard","meta":{"_coblocks_attr":"","_coblocks_dimensions":"","_coblocks_responsive_height":"","_coblocks_accordion_ie_support":"","_crdt_document":"","advanced_seo_description":"","jetpack_seo_html_title":"","jetpack_seo_noindex":false,"_jetpack_memberships_contains_paid_content":false,"footnotes":""},"categories":[19,1,209,7,231,29],"tags":[210],"class_list":["post-109838","post","type-post","status-publish","format-standard","has-post-thumbnail","hentry","category-colima","category-general","category-importantes","category-noticias","category-seguridad","category-sociedad","tag-portada"],"jetpack_featured_media_url":"https:\/\/diarioavanzada.com.mx\/wp-content\/uploads\/2026\/01\/img_0292.png","jetpack-related-posts":[],"jetpack_sharing_enabled":true,"amp_enabled":true,"_links":{"self":[{"href":"https:\/\/diarioavanzada.com.mx\/index.php?rest_route=\/wp\/v2\/posts\/109838","targetHints":{"allow":["GET"]}}],"collection":[{"href":"https:\/\/diarioavanzada.com.mx\/index.php?rest_route=\/wp\/v2\/posts"}],"about":[{"href":"https:\/\/diarioavanzada.com.mx\/index.php?rest_route=\/wp\/v2\/types\/post"}],"author":[{"embeddable":true,"href":"https:\/\/diarioavanzada.com.mx\/index.php?rest_route=\/wp\/v2\/users\/7"}],"replies":[{"embeddable":true,"href":"https:\/\/diarioavanzada.com.mx\/index.php?rest_route=%2Fwp%2Fv2%2Fcomments&post=109838"}],"version-history":[{"count":1,"href":"https:\/\/diarioavanzada.com.mx\/index.php?rest_route=\/wp\/v2\/posts\/109838\/revisions"}],"predecessor-version":[{"id":109839,"href":"https:\/\/diarioavanzada.com.mx\/index.php?rest_route=\/wp\/v2\/posts\/109838\/revisions\/109839"}],"wp:featuredmedia":[{"embeddable":true,"href":"https:\/\/diarioavanzada.com.mx\/index.php?rest_route=\/wp\/v2\/media\/109837"}],"wp:attachment":[{"href":"https:\/\/diarioavanzada.com.mx\/index.php?rest_route=%2Fwp%2Fv2%2Fmedia&parent=109838"}],"wp:term":[{"taxonomy":"category","embeddable":true,"href":"https:\/\/diarioavanzada.com.mx\/index.php?rest_route=%2Fwp%2Fv2%2Fcategories&post=109838"},{"taxonomy":"post_tag","embeddable":true,"href":"https:\/\/diarioavanzada.com.mx\/index.php?rest_route=%2Fwp%2Fv2%2Ftags&post=109838"}],"curies":[{"name":"wp","href":"https:\/\/api.w.org\/{rel}","templated":true}]}}