{"id":109820,"date":"2026-01-08T19:48:01","date_gmt":"2026-01-09T01:48:01","guid":{"rendered":"https:\/\/diarioavanzada.com.mx\/?p=109820"},"modified":"2026-01-08T19:48:01","modified_gmt":"2026-01-09T01:48:01","slug":"recomiendan-contribuyentes-de-la-villa-pagar-predial-en-caja-receptora-de-sendera","status":"publish","type":"post","link":"https:\/\/diarioavanzada.com.mx\/?p=109820","title":{"rendered":"Recomiendan contribuyentes de La Villa pagar predial en caja receptora de Sendera"},"content":{"rendered":"\n<p class=\"wp-block-paragraph\"><em>No hay largas filas y el lugar no tiene problemas de estacionamiento<\/em><\/p>\n\n\n\n<p class=\"wp-block-paragraph\">Villa de \u00c1lvarez, Colima, Comunicado (08\/01\/2026).- Contribuyentes del municipio, principalmente del Impuesto Predial, recomendaron a la poblaci\u00f3n realizar sus pagos en la Caja Receptora que el Ayuntamiento de Villa de \u00c1lvarez abri\u00f3 en Plaza Sendera este 2026.<\/p>\n\n\n\n<p class=\"wp-block-paragraph\">Roxana Vel\u00e1zquez, que visit\u00f3 la Caja Receptora ubicada en el local 15 de la planta baja de Sendera para realizar el pago del Predial, destac\u00f3 la rapidez y la amabilidad con la que fue atendida, por lo que invit\u00f3 a la poblaci\u00f3n a acudir a ese lugar para liquidar ese impuesto y aprovechar el descuento del 15 por ciento que durante enero se otorga a quienes paguen por adelantado el a\u00f1o 2026 de ese gravamen.<\/p>\n\n\n\n<p class=\"wp-block-paragraph\">Destac\u00f3 la comodidad que Plaza Sendera brinda al contar con un amplio estacionamiento, que adem\u00e1s es gratuito, contrario a otros centros comerciales que s\u00ed cobran a sus clientes por el aparcamiento de veh\u00edculos.<\/p>\n\n\n\n<p class=\"wp-block-paragraph\">Jos\u00e9 D\u00edaz Madrigal consider\u00f3 que el Ayuntamiento de Villa de \u00c1lvarez acert\u00f3 al disponer de una Caja Receptora de Pagos en Plaza Sendera, p\u00faes es un lugar de muy f\u00e1cil acceso y gran comodidad e hizo la invitaci\u00f3n a las y los contribuyentes municipales a pagar el Predial en ese lugar.<\/p>\n\n\n\n<p class=\"wp-block-paragraph\">Gabriela Vel\u00e1zquez, tambi\u00e9n contribuyente del Impuesto Predial, dijo que la nueva Caja Receptora de Pagos resulta un gran apoyo para la ciudadan\u00eda, pues la atenci\u00f3n es muy r\u00e1pida, ya que desde su llegada a Plaza Sendera hasta el momento que realiz\u00f3 el pago le dedic\u00f3 menos de cinco minutos.<\/p>\n\n\n\n<p class=\"wp-block-paragraph\">La Caja Receptora que el Ayuntamiento de Villa de \u00c1lvarez abri\u00f3 en Plaza Sendera este 2026 est\u00e1 abierta al p\u00fablico de lunes a viernes, en horario de 10 de la ma\u00f1ana a 6 de la tarde, y estar\u00e1 funcionando los meses de enero, febrero y marzo, cuando el municipio ofrece descuentos a los contribuyentes del Predial que pagan la anualidad de manera adelantada.<\/p>\n<div class=\"fb-background-color\">\n\t\t\t  <div \n\t\t\t  \tclass = \"fb-comments\" \n\t\t\t  \tdata-href = \"https:\/\/diarioavanzada.com.mx\/?p=109820\"\n\t\t\t  \tdata-numposts = \"10\"\n\t\t\t  \tdata-lazy = \"true\"\n\t\t\t\tdata-colorscheme = \"light\"\n\t\t\t\tdata-order-by = \"social\"\n\t\t\t\tdata-mobile=true>\n\t\t\t  <\/div><\/div>\n\t\t  <style>\n\t\t    .fb-background-color {\n\t\t\t\tbackground:  !important;\n\t\t\t}\n\t\t\t.fb_iframe_widget_fluid_desktop iframe {\n\t\t\t    width: 100% !important;\n\t\t\t}\n\t\t  <\/style>\n\t\t  ","protected":false},"excerpt":{"rendered":"<p>No hay largas filas y el lugar no tiene problemas de estacionamiento Villa de \u00c1lvarez, Colima, Comunicado (08\/01\/2026).- Contribuyentes del municipio, principalmente del Impuesto Predial, recomendaron a la poblaci\u00f3n realizar sus pagos en la Caja Receptora que el Ayuntamiento de Villa de \u00c1lvarez abri\u00f3 en Plaza Sendera este 2026. Roxana Vel\u00e1zquez, que visit\u00f3 la Caja [&hellip;]<\/p>\n","protected":false},"author":7,"featured_media":109819,"comment_status":"closed","ping_status":"closed","sticky":false,"template":"","format":"standard","meta":{"_coblocks_attr":"","_coblocks_dimensions":"","_coblocks_responsive_height":"","_coblocks_accordion_ie_support":"","_crdt_document":"","advanced_seo_description":"","jetpack_seo_html_title":"","jetpack_seo_noindex":false,"_jetpack_memberships_contains_paid_content":false,"footnotes":""},"categories":[19,1,209,21,7,29],"tags":[],"class_list":["post-109820","post","type-post","status-publish","format-standard","has-post-thumbnail","hentry","category-colima","category-general","category-importantes","category-municipios","category-noticias","category-sociedad"],"jetpack_featured_media_url":"https:\/\/diarioavanzada.com.mx\/wp-content\/uploads\/2026\/01\/a13f3a84-f7e4-4d6e-9f64-5366210ba154.jpg","jetpack-related-posts":[],"jetpack_sharing_enabled":true,"amp_enabled":true,"_links":{"self":[{"href":"https:\/\/diarioavanzada.com.mx\/index.php?rest_route=\/wp\/v2\/posts\/109820","targetHints":{"allow":["GET"]}}],"collection":[{"href":"https:\/\/diarioavanzada.com.mx\/index.php?rest_route=\/wp\/v2\/posts"}],"about":[{"href":"https:\/\/diarioavanzada.com.mx\/index.php?rest_route=\/wp\/v2\/types\/post"}],"author":[{"embeddable":true,"href":"https:\/\/diarioavanzada.com.mx\/index.php?rest_route=\/wp\/v2\/users\/7"}],"replies":[{"embeddable":true,"href":"https:\/\/diarioavanzada.com.mx\/index.php?rest_route=%2Fwp%2Fv2%2Fcomments&post=109820"}],"version-history":[{"count":0,"href":"https:\/\/diarioavanzada.com.mx\/index.php?rest_route=\/wp\/v2\/posts\/109820\/revisions"}],"wp:featuredmedia":[{"embeddable":true,"href":"https:\/\/diarioavanzada.com.mx\/index.php?rest_route=\/wp\/v2\/media\/109819"}],"wp:attachment":[{"href":"https:\/\/diarioavanzada.com.mx\/index.php?rest_route=%2Fwp%2Fv2%2Fmedia&parent=109820"}],"wp:term":[{"taxonomy":"category","embeddable":true,"href":"https:\/\/diarioavanzada.com.mx\/index.php?rest_route=%2Fwp%2Fv2%2Fcategories&post=109820"},{"taxonomy":"post_tag","embeddable":true,"href":"https:\/\/diarioavanzada.com.mx\/index.php?rest_route=%2Fwp%2Fv2%2Ftags&post=109820"}],"curies":[{"name":"wp","href":"https:\/\/api.w.org\/{rel}","templated":true}]}}