{"id":109762,"date":"2026-01-07T13:59:23","date_gmt":"2026-01-07T19:59:23","guid":{"rendered":"https:\/\/diarioavanzada.com.mx\/?p=109762"},"modified":"2026-01-07T13:59:23","modified_gmt":"2026-01-07T19:59:23","slug":"reportan-en-michoacan-un-caso-de-gusano-barrenador-del-ganado-en-un-toro","status":"publish","type":"post","link":"https:\/\/diarioavanzada.com.mx\/?p=109762","title":{"rendered":"Reportan en Michoac\u00e1n un caso de gusano barrenador del ganado en un toro"},"content":{"rendered":"\n<p class=\"p1 wp-block-paragraph\">Michoac\u00e1n, M\u00e9xico, Avanzada (07\/01\/2026).- La Secretar\u00eda de Agricultura y Desarrollo Rural (Sader), encabezada por Cuauht\u00e9moc Ram\u00edrez Romero, inform\u00f3 la detecci\u00f3n del primer caso aislado de gusano barrenador del ganado en el municipio de Madero, el cual se mantiene, hasta el momento, como el \u00fanico registrado en Michoac\u00e1n desde el inicio del brote de esta larva en el pa\u00eds.<\/p>\n\n\n\n<p class=\"p1 wp-block-paragraph\">La incidencia fue confirmada por el Servicio Nacional de Sanidad, Inocuidad y Calidad Agroalimentaria (Senasica), luego de que un m\u00e9dico veterinario zootecnista notificara la presencia de miasis en un toro que hab\u00eda sido descornado. El ejemplar se encuentra bajo tratamiento y vigilancia m\u00e9dica en un predio de la comunidad de El Gatal, donde se localiz\u00f3 el caso. Tras la revisi\u00f3n correspondiente, Senasica constat\u00f3 que el resto de los animales de distintas especies presentes en la zona se encontraban sanos y libres de infestaci\u00f3n.<\/p>\n\n\n\n<p class=\"p1 wp-block-paragraph\">Como parte de la respuesta sanitaria, personal t\u00e9cnico especializado del Grupo Estatal de Emergencia de Sanidad Animal (GEESA) fue desplegado en la regi\u00f3n para reforzar la vigilancia epidemiol\u00f3gica. Estos grupos, integrados por personal oficial y privado previamente capacitado, realizan rastreos y b\u00fasqueda activa de casos sospechosos en coordinaci\u00f3n con autoridades estatales y federales.<\/p>\n\n\n\n<p class=\"p1 wp-block-paragraph\">De manera paralela, se desarrollan reuniones informativas con ganaderos y autoridades locales para prevenir la propagaci\u00f3n de la plaga, adem\u00e1s de reforzarse el sistema de monitoreo mediante puntos de verificaci\u00f3n, delegados regionales y directores de Desarrollo Rural de los ayuntamientos.<\/p>\n\n\n\n<p class=\"p1 wp-block-paragraph\">Senasica inform\u00f3 que, a trav\u00e9s de la Comisi\u00f3n M\u00e9xico\u2013Estados Unidos para la Prevenci\u00f3n de la Fiebre Aftosa y otras Enfermedades Ex\u00f3ticas de los Animales (CPA), se inspeccionaron y atendieron 509 bovinos, 36 equinos, 35 cerdos y 19 animales dom\u00e9sticos, sin que hasta ahora se haya detectado la presencia de moscas del gusano barrenador en otros municipios de Michoac\u00e1n, lo que reduce el riesgo de propagaci\u00f3n.<\/p>\n\n\n\n<p class=\"p1 wp-block-paragraph\">Finalmente, la Sader exhort\u00f3 a los ganaderos a revisar de manera constante las heridas de sus animales y a reportar de inmediato cualquier caso o sospecha de gusaneras, al precisar que dichos avisos no implican riesgos de cuarentena para los productores, aunque s\u00ed permiten aplicar oportunamente las medidas preventivas necesarias.<\/p>\n<div class=\"fb-background-color\">\n\t\t\t  <div \n\t\t\t  \tclass = \"fb-comments\" \n\t\t\t  \tdata-href = \"https:\/\/diarioavanzada.com.mx\/?p=109762\"\n\t\t\t  \tdata-numposts = \"10\"\n\t\t\t  \tdata-lazy = \"true\"\n\t\t\t\tdata-colorscheme = \"light\"\n\t\t\t\tdata-order-by = \"social\"\n\t\t\t\tdata-mobile=true>\n\t\t\t  <\/div><\/div>\n\t\t  <style>\n\t\t    .fb-background-color {\n\t\t\t\tbackground:  !important;\n\t\t\t}\n\t\t\t.fb_iframe_widget_fluid_desktop iframe {\n\t\t\t    width: 100% !important;\n\t\t\t}\n\t\t  <\/style>\n\t\t  ","protected":false},"excerpt":{"rendered":"<p>Michoac\u00e1n, M\u00e9xico, Avanzada (07\/01\/2026).- La Secretar\u00eda de Agricultura y Desarrollo Rural (Sader), encabezada por Cuauht\u00e9moc Ram\u00edrez Romero, inform\u00f3 la detecci\u00f3n del primer caso aislado de gusano barrenador del ganado en el municipio de Madero, el cual se mantiene, hasta el momento, como el \u00fanico registrado en Michoac\u00e1n desde el inicio del brote de esta larva [&hellip;]<\/p>\n","protected":false},"author":7,"featured_media":109761,"comment_status":"closed","ping_status":"closed","sticky":false,"template":"","format":"standard","meta":{"_coblocks_attr":"","_coblocks_dimensions":"","_coblocks_responsive_height":"","_coblocks_accordion_ie_support":"","_crdt_document":"","advanced_seo_description":"","jetpack_seo_html_title":"","jetpack_seo_noindex":false,"_jetpack_memberships_contains_paid_content":false,"footnotes":""},"categories":[1,209,22,7,27,231,29],"tags":[210],"class_list":["post-109762","post","type-post","status-publish","format-standard","has-post-thumbnail","hentry","category-general","category-importantes","category-nacion","category-noticias","category-salud","category-seguridad","category-sociedad","tag-portada"],"jetpack_featured_media_url":"https:\/\/diarioavanzada.com.mx\/wp-content\/uploads\/2026\/01\/img_6377.jpg","jetpack-related-posts":[],"jetpack_sharing_enabled":true,"amp_enabled":true,"_links":{"self":[{"href":"https:\/\/diarioavanzada.com.mx\/index.php?rest_route=\/wp\/v2\/posts\/109762","targetHints":{"allow":["GET"]}}],"collection":[{"href":"https:\/\/diarioavanzada.com.mx\/index.php?rest_route=\/wp\/v2\/posts"}],"about":[{"href":"https:\/\/diarioavanzada.com.mx\/index.php?rest_route=\/wp\/v2\/types\/post"}],"author":[{"embeddable":true,"href":"https:\/\/diarioavanzada.com.mx\/index.php?rest_route=\/wp\/v2\/users\/7"}],"replies":[{"embeddable":true,"href":"https:\/\/diarioavanzada.com.mx\/index.php?rest_route=%2Fwp%2Fv2%2Fcomments&post=109762"}],"version-history":[{"count":0,"href":"https:\/\/diarioavanzada.com.mx\/index.php?rest_route=\/wp\/v2\/posts\/109762\/revisions"}],"wp:featuredmedia":[{"embeddable":true,"href":"https:\/\/diarioavanzada.com.mx\/index.php?rest_route=\/wp\/v2\/media\/109761"}],"wp:attachment":[{"href":"https:\/\/diarioavanzada.com.mx\/index.php?rest_route=%2Fwp%2Fv2%2Fmedia&parent=109762"}],"wp:term":[{"taxonomy":"category","embeddable":true,"href":"https:\/\/diarioavanzada.com.mx\/index.php?rest_route=%2Fwp%2Fv2%2Fcategories&post=109762"},{"taxonomy":"post_tag","embeddable":true,"href":"https:\/\/diarioavanzada.com.mx\/index.php?rest_route=%2Fwp%2Fv2%2Ftags&post=109762"}],"curies":[{"name":"wp","href":"https:\/\/api.w.org\/{rel}","templated":true}]}}