{"id":109505,"date":"2026-01-01T14:05:55","date_gmt":"2026-01-01T20:05:55","guid":{"rendered":"https:\/\/diarioavanzada.com.mx\/?p=109505"},"modified":"2026-01-01T14:05:55","modified_gmt":"2026-01-01T20:05:55","slug":"colima-cierra-con-ocho-homicidios-el-2025-sin-detenidos","status":"publish","type":"post","link":"https:\/\/diarioavanzada.com.mx\/?p=109505","title":{"rendered":"Colima cierra con ocho homicidios el 2025; sin detenidos"},"content":{"rendered":"\n<p class=\"p1 wp-block-paragraph\">Colima, M\u00e9xico, Avanzada (01\/01\/2026).- Colima concluy\u00f3 el 2025 con la violencia desbordada. En un lapso de 48 horas se registraron ocho homicidios dolosos \u2014seis un d\u00eda y dos m\u00e1s el siguiente\u2014 sin que en ninguno de los casos se reportaran personas detenidas.<\/p>\n\n\n\n<p class=\"p1 wp-block-paragraph\">El mi\u00e9rcoles 31 de diciembre se registr\u00f3 un ataque con arma de fuego en la colonia Ram\u00f3n Serrano, sobre la calle Roberto Su\u00e1rez, esquina con Carlos Alcaraz. Tras escucharse detonaciones, se solicit\u00f3 la intervenci\u00f3n de servicios de emergencia. Personal de Protecci\u00f3n Civil brind\u00f3 atenci\u00f3n a un hombre lesionado, quien falleci\u00f3 en el lugar a consecuencia de las heridas producidas por proyectiles de arma de fuego.<\/p>\n\n\n\n<p class=\"p1 wp-block-paragraph\">La zona fue acordonada en varios per\u00edmetros, con presencia de la polic\u00eda municipal, Ej\u00e9rcito Mexicano, otras corporaciones de seguridad y personal de la Fiscal\u00eda, quienes realizaron las diligencias correspondientes. El hecho ocurri\u00f3 en un sector ubicado entre las avenidas Pablo Silva y Benito Ju\u00e1rez, durante el \u00faltimo d\u00eda del a\u00f1o.<\/p>\n\n\n\n<p class=\"p1 wp-block-paragraph\">Horas m\u00e1s tarde, la noche del mismo mi\u00e9rcoles, se report\u00f3 otro hecho de violencia en la colonia Torres Quintero, al sur de la capital, sobre la calle Miguel Gonz\u00e1lez Castro. Vecinos alertaron a las autoridades tras escuchar detonaciones. Al arribar, servicios m\u00e9dicos confirmaron que un hombre ya no contaba con signos vitales, presuntamente por una agresi\u00f3n directa con arma de fuego.<\/p>\n\n\n\n<p class=\"p1 wp-block-paragraph\">El \u00e1rea fue asegurada para las investigaciones, una vez que se verific\u00f3 que el entorno fuera seguro. El sitio se ubica despu\u00e9s de la colonia Albarrada, colindante con Bosques del Sur.<\/p>\n\n\n\n<p class=\"p1 wp-block-paragraph\">Estos hechos ocurrieron en contraste con el discurso oficial que sosten\u00eda una supuesta disminuci\u00f3n de los homicidios dolosos; sin embargo, el cierre de 2025 dej\u00f3 una estela de violencia que contradice los indicadores anunciados.<\/p>\n\n\n\n<p class=\"p1 wp-block-paragraph\"><\/p>\n<div class=\"fb-background-color\">\n\t\t\t  <div \n\t\t\t  \tclass = \"fb-comments\" \n\t\t\t  \tdata-href = \"https:\/\/diarioavanzada.com.mx\/?p=109505\"\n\t\t\t  \tdata-numposts = \"10\"\n\t\t\t  \tdata-lazy = \"true\"\n\t\t\t\tdata-colorscheme = \"light\"\n\t\t\t\tdata-order-by = \"social\"\n\t\t\t\tdata-mobile=true>\n\t\t\t  <\/div><\/div>\n\t\t  <style>\n\t\t    .fb-background-color {\n\t\t\t\tbackground:  !important;\n\t\t\t}\n\t\t\t.fb_iframe_widget_fluid_desktop iframe {\n\t\t\t    width: 100% !important;\n\t\t\t}\n\t\t  <\/style>\n\t\t  ","protected":false},"excerpt":{"rendered":"<p>Colima, M\u00e9xico, Avanzada (01\/01\/2026).- Colima concluy\u00f3 el 2025 con la violencia desbordada. En un lapso de 48 horas se registraron ocho homicidios dolosos \u2014seis un d\u00eda y dos m\u00e1s el siguiente\u2014 sin que en ninguno de los casos se reportaran personas detenidas. El mi\u00e9rcoles 31 de diciembre se registr\u00f3 un ataque con arma de fuego [&hellip;]<\/p>\n","protected":false},"author":7,"featured_media":109504,"comment_status":"closed","ping_status":"closed","sticky":false,"template":"","format":"standard","meta":{"_coblocks_attr":"","_coblocks_dimensions":"","_coblocks_responsive_height":"","_coblocks_accordion_ie_support":"","_crdt_document":"","advanced_seo_description":"","jetpack_seo_html_title":"","jetpack_seo_noindex":false,"_jetpack_memberships_contains_paid_content":false,"footnotes":""},"categories":[19,1,209,7,231,29],"tags":[210],"class_list":["post-109505","post","type-post","status-publish","format-standard","has-post-thumbnail","hentry","category-colima","category-general","category-importantes","category-noticias","category-seguridad","category-sociedad","tag-portada"],"jetpack_featured_media_url":"https:\/\/diarioavanzada.com.mx\/wp-content\/uploads\/2026\/01\/img_6130.jpg","jetpack-related-posts":[],"jetpack_sharing_enabled":true,"amp_enabled":true,"_links":{"self":[{"href":"https:\/\/diarioavanzada.com.mx\/index.php?rest_route=\/wp\/v2\/posts\/109505","targetHints":{"allow":["GET"]}}],"collection":[{"href":"https:\/\/diarioavanzada.com.mx\/index.php?rest_route=\/wp\/v2\/posts"}],"about":[{"href":"https:\/\/diarioavanzada.com.mx\/index.php?rest_route=\/wp\/v2\/types\/post"}],"author":[{"embeddable":true,"href":"https:\/\/diarioavanzada.com.mx\/index.php?rest_route=\/wp\/v2\/users\/7"}],"replies":[{"embeddable":true,"href":"https:\/\/diarioavanzada.com.mx\/index.php?rest_route=%2Fwp%2Fv2%2Fcomments&post=109505"}],"version-history":[{"count":0,"href":"https:\/\/diarioavanzada.com.mx\/index.php?rest_route=\/wp\/v2\/posts\/109505\/revisions"}],"wp:featuredmedia":[{"embeddable":true,"href":"https:\/\/diarioavanzada.com.mx\/index.php?rest_route=\/wp\/v2\/media\/109504"}],"wp:attachment":[{"href":"https:\/\/diarioavanzada.com.mx\/index.php?rest_route=%2Fwp%2Fv2%2Fmedia&parent=109505"}],"wp:term":[{"taxonomy":"category","embeddable":true,"href":"https:\/\/diarioavanzada.com.mx\/index.php?rest_route=%2Fwp%2Fv2%2Fcategories&post=109505"},{"taxonomy":"post_tag","embeddable":true,"href":"https:\/\/diarioavanzada.com.mx\/index.php?rest_route=%2Fwp%2Fv2%2Ftags&post=109505"}],"curies":[{"name":"wp","href":"https:\/\/api.w.org\/{rel}","templated":true}]}}