{"id":109496,"date":"2026-01-01T11:48:53","date_gmt":"2026-01-01T17:48:53","guid":{"rendered":"https:\/\/diarioavanzada.com.mx\/?p=109496"},"modified":"2026-01-01T11:48:53","modified_gmt":"2026-01-01T17:48:53","slug":"se-busca-maite-angely-tiene-15-anos-de-edad-desaparecio-en-colima-el-26-de-diciembre","status":"publish","type":"post","link":"https:\/\/diarioavanzada.com.mx\/?p=109496","title":{"rendered":"Se busca: Maite Angely tiene 15 a\u00f1os de edad, desapareci\u00f3 en Colima el 26 de diciembre"},"content":{"rendered":"\n<p class=\"p1 wp-block-paragraph\">Colima, M\u00e9xico, Avanzada (01\/01\/2026).- La Comisi\u00f3n de B\u00fasqueda de Personas del Estado de Colima emiti\u00f3 una ficha para localizar a Maite Angely M\u00e1rquez S\u00e1nchez, una adolescente de 15 a\u00f1os de edad, reportada como desaparecida en el municipio de Colima.<\/p>\n\n\n\n<p class=\"p1 wp-block-paragraph\">De acuerdo con la informaci\u00f3n oficial, la menor fue vista por \u00faltima vez el pasado 26 de diciembre de 2025, en la capital del estado. El reporte de su ausencia fue presentado el 29 de diciembre de 2025, por lo que se activaron los protocolos correspondientes para su localizaci\u00f3n.<\/p>\n\n\n\n<p class=\"p1 wp-block-paragraph\">Maite Angely es de sexo femenino, mide aproximadamente 1.50 metros de estatura, tiene cara ovalada, tez blanca, ojos medianos color caf\u00e9 claro y cabello lacio, largo y casta\u00f1o claro. Como se\u00f1as particulares, presenta cicatrices por abrasi\u00f3n en el codo, hombro y rodilla izquierdos, adem\u00e1s de un piercing en el ombligo. Su nariz es descrita como peque\u00f1a y abatida.<\/p>\n\n\n\n<p class=\"p1 wp-block-paragraph\">Al momento de su desaparici\u00f3n vest\u00eda pantal\u00f3n de mezclilla color azul, blusa de manga larga color blanco, tenis marca Nike color blanco y llevaba una bolsa de mano cuadrada color blanco.<\/p>\n\n\n\n<p class=\"p1 wp-block-paragraph\">Las autoridades exhortaron a la ciudadan\u00eda a colaborar con cualquier informaci\u00f3n que ayude a dar con su paradero. Cualquier dato puede ser comunicado de manera confidencial al n\u00famero de la Comisi\u00f3n de B\u00fasqueda de Personas del Estado de Colima: 312 131 3809.<\/p>\n\n\n\n<p class=\"p1 wp-block-paragraph\"><\/p>\n\n\n\n<figure class=\"wp-block-image size-large\"><img loading=\"lazy\" decoding=\"async\" width=\"940\" height=\"788\" src=\"https:\/\/diarioavanzada.com.mx\/wp-content\/uploads\/2026\/01\/img_6685.jpg\" class=\"wp-image-109494\" srcset=\"https:\/\/diarioavanzada.com.mx\/wp-content\/uploads\/2026\/01\/img_6685.jpg 940w, https:\/\/diarioavanzada.com.mx\/wp-content\/uploads\/2026\/01\/img_6685-300x251.jpg 300w, https:\/\/diarioavanzada.com.mx\/wp-content\/uploads\/2026\/01\/img_6685-768x644.jpg 768w\" sizes=\"auto, (max-width: 940px) 100vw, 940px\" \/><\/figure>\n<div class=\"fb-background-color\">\n\t\t\t  <div \n\t\t\t  \tclass = \"fb-comments\" \n\t\t\t  \tdata-href = \"https:\/\/diarioavanzada.com.mx\/?p=109496\"\n\t\t\t  \tdata-numposts = \"10\"\n\t\t\t  \tdata-lazy = \"true\"\n\t\t\t\tdata-colorscheme = \"light\"\n\t\t\t\tdata-order-by = \"social\"\n\t\t\t\tdata-mobile=true>\n\t\t\t  <\/div><\/div>\n\t\t  <style>\n\t\t    .fb-background-color {\n\t\t\t\tbackground:  !important;\n\t\t\t}\n\t\t\t.fb_iframe_widget_fluid_desktop iframe {\n\t\t\t    width: 100% !important;\n\t\t\t}\n\t\t  <\/style>\n\t\t  ","protected":false},"excerpt":{"rendered":"<p>Colima, M\u00e9xico, Avanzada (01\/01\/2026).- La Comisi\u00f3n de B\u00fasqueda de Personas del Estado de Colima emiti\u00f3 una ficha para localizar a Maite Angely M\u00e1rquez S\u00e1nchez, una adolescente de 15 a\u00f1os de edad, reportada como desaparecida en el municipio de Colima. De acuerdo con la informaci\u00f3n oficial, la menor fue vista por \u00faltima vez el pasado 26 [&hellip;]<\/p>\n","protected":false},"author":7,"featured_media":109495,"comment_status":"closed","ping_status":"closed","sticky":false,"template":"","format":"standard","meta":{"_coblocks_attr":"","_coblocks_dimensions":"","_coblocks_responsive_height":"","_coblocks_accordion_ie_support":"","_crdt_document":"","advanced_seo_description":"","jetpack_seo_html_title":"","jetpack_seo_noindex":false,"_jetpack_memberships_contains_paid_content":false,"footnotes":""},"categories":[19,1,209,7,231,29],"tags":[210],"class_list":["post-109496","post","type-post","status-publish","format-standard","has-post-thumbnail","hentry","category-colima","category-general","category-importantes","category-noticias","category-seguridad","category-sociedad","tag-portada"],"jetpack_featured_media_url":"https:\/\/diarioavanzada.com.mx\/wp-content\/uploads\/2026\/01\/img_6685-1.jpg","jetpack-related-posts":[],"jetpack_sharing_enabled":true,"amp_enabled":true,"_links":{"self":[{"href":"https:\/\/diarioavanzada.com.mx\/index.php?rest_route=\/wp\/v2\/posts\/109496","targetHints":{"allow":["GET"]}}],"collection":[{"href":"https:\/\/diarioavanzada.com.mx\/index.php?rest_route=\/wp\/v2\/posts"}],"about":[{"href":"https:\/\/diarioavanzada.com.mx\/index.php?rest_route=\/wp\/v2\/types\/post"}],"author":[{"embeddable":true,"href":"https:\/\/diarioavanzada.com.mx\/index.php?rest_route=\/wp\/v2\/users\/7"}],"replies":[{"embeddable":true,"href":"https:\/\/diarioavanzada.com.mx\/index.php?rest_route=%2Fwp%2Fv2%2Fcomments&post=109496"}],"version-history":[{"count":0,"href":"https:\/\/diarioavanzada.com.mx\/index.php?rest_route=\/wp\/v2\/posts\/109496\/revisions"}],"wp:featuredmedia":[{"embeddable":true,"href":"https:\/\/diarioavanzada.com.mx\/index.php?rest_route=\/wp\/v2\/media\/109495"}],"wp:attachment":[{"href":"https:\/\/diarioavanzada.com.mx\/index.php?rest_route=%2Fwp%2Fv2%2Fmedia&parent=109496"}],"wp:term":[{"taxonomy":"category","embeddable":true,"href":"https:\/\/diarioavanzada.com.mx\/index.php?rest_route=%2Fwp%2Fv2%2Fcategories&post=109496"},{"taxonomy":"post_tag","embeddable":true,"href":"https:\/\/diarioavanzada.com.mx\/index.php?rest_route=%2Fwp%2Fv2%2Ftags&post=109496"}],"curies":[{"name":"wp","href":"https:\/\/api.w.org\/{rel}","templated":true}]}}