{"id":109210,"date":"2025-12-21T12:21:09","date_gmt":"2025-12-21T18:21:09","guid":{"rendered":"https:\/\/diarioavanzada.com.mx\/?p=109210"},"modified":"2025-12-21T12:37:38","modified_gmt":"2025-12-21T18:37:38","slug":"las-cifras-no-cuadran-gobierno-de-indira-y-fiscalia-inflan-caida-de-la-extorsion-frente-a-datos-federales","status":"publish","type":"post","link":"https:\/\/diarioavanzada.com.mx\/?p=109210","title":{"rendered":"Las cifras no cuadran: gobierno de Indira y Fiscal\u00eda inflan ca\u00edda de la extorsi\u00f3n frente a datos federales"},"content":{"rendered":"\n<p class=\"wp-block-paragraph\">Colima, M\u00e9xico, Avanzada (21\/12\/2025).- Mientras la gobernadora de Colima, Indira Vizca\u00edno Silva, asegur\u00f3 p\u00fablicamente que el delito de extorsi\u00f3n registr\u00f3 una disminuci\u00f3n significativa en la entidad, los datos oficiales provenientes de distintas instancias del propio Estado mexicano exhiben discrepancias que impiden sostener una sola narrativa sobre el comportamiento real de este delito.<\/p>\n\n\n\n<p class=\"p1 wp-block-paragraph\">Durante sus llamados \u201cDi\u00e1logos por la Transformaci\u00f3n\u201d, la mandataria estatal primero reconoci\u00f3 que Colima no hab\u00eda logrado una reducci\u00f3n relevante en la incidencia de extorsi\u00f3n y que, incluso, el delito se encontraba \u201cestancado\u201d en 2025 respecto a a\u00f1os anteriores. \u201cNo ha subido, nos estancamos\u201d, afirm\u00f3, al tiempo que compar\u00f3 la situaci\u00f3n del estado con entidades como Nuevo Le\u00f3n o Jalisco, donde \u2014dijo\u2014 el crecimiento del delito ha sido exponencial.<\/p>\n\n\n\n<p class=\"p1 wp-block-paragraph\">Sin embargo, minutos despu\u00e9s, tras revisar informaci\u00f3n en su tel\u00e9fono celular, la gobernadora modific\u00f3 su postura y asegur\u00f3 que, al comparar 2025 con 2024, la extorsi\u00f3n s\u00ed hab\u00eda disminuido en un 18 por ciento, junto con una reducci\u00f3n del 20 por ciento en muertes violentas y del 36 por ciento en robo de veh\u00edculos.<\/p>\n\n\n\n<p class=\"p1 wp-block-paragraph\">A esta afirmaci\u00f3n se sum\u00f3 posteriormente el cuarto informe del fiscal general del Estado, Bryant Alejandro Garc\u00eda Ram\u00edrez, quien report\u00f3 que, de acuerdo con las estad\u00edsticas de la Fiscal\u00eda General del Estado, el delito de extorsi\u00f3n registr\u00f3 una disminuci\u00f3n del 20.51 por ciento durante el periodo comprendido del 1 de noviembre de 2024 al 31 de octubre de 2025. La dependencia atribuy\u00f3 este resultado a las acciones preventivas encabezadas por la Unidad Especializada en Combate al Delito de Secuestro, como charlas informativas, campa\u00f1as digitales y atenci\u00f3n inmediata a v\u00edctimas, adem\u00e1s de destacar reducciones en secuestro y secuestro virtual.<\/p>\n\n\n\n<p class=\"p1 wp-block-paragraph\">No obstante, las cifras del Secretariado Ejecutivo del Sistema Nacional de Seguridad P\u00fablica \u2014instancia federal encargada del registro oficial de los delitos del fuero com\u00fan\u2014 ofrecen un panorama distinto. De acuerdo con el Centro Nacional de Informaci\u00f3n, la tasa de v\u00edctimas de extorsi\u00f3n por cada 100 mil habitantes en Colima pas\u00f3 de 18.10 en 2024 a 16.69 en 2025, lo que representa una disminuci\u00f3n de apenas 7.79 por ciento, muy lejos tanto del 18 por ciento se\u00f1alado por la gobernadora como del 20.51 por ciento informado por la Fiscal\u00eda estatal.<\/p>\n\n\n\n<p class=\"p1 wp-block-paragraph\">As\u00ed, mientras el discurso pol\u00edtico habla de reducciones de dos d\u00edgitos, los datos oficiales federales reflejan una baja considerablemente menor, lo que deja en evidencia que las cifras sobre extorsi\u00f3n en Colima no cuadran y que, dependiendo de la fuente consultada, el mismo delito puede mostrar resultados radicalmente distintos. La contradicci\u00f3n no solo abre dudas sobre la metodolog\u00eda empleada para medir la incidencia delictiva, sino tambi\u00e9n sobre la solidez de los argumentos con los que el gobierno estatal presume avances en materia de seguridad.<\/p>\n\n\n\n<figure class=\"wp-block-image\"><img loading=\"lazy\" decoding=\"async\" width=\"1024\" height=\"488\" src=\"https:\/\/diarioavanzada.com.mx\/wp-content\/uploads\/2025\/12\/57dc252c-8a37-4f46-b8ee-b5be9d9cfb43-5828-0000018d494fade6_file-1024x488.jpg\" alt=\"\" class=\"wp-image-109209\" srcset=\"https:\/\/diarioavanzada.com.mx\/wp-content\/uploads\/2025\/12\/57dc252c-8a37-4f46-b8ee-b5be9d9cfb43-5828-0000018d494fade6_file-1024x488.jpg 1024w, https:\/\/diarioavanzada.com.mx\/wp-content\/uploads\/2025\/12\/57dc252c-8a37-4f46-b8ee-b5be9d9cfb43-5828-0000018d494fade6_file-300x143.jpg 300w, https:\/\/diarioavanzada.com.mx\/wp-content\/uploads\/2025\/12\/57dc252c-8a37-4f46-b8ee-b5be9d9cfb43-5828-0000018d494fade6_file-768x366.jpg 768w, https:\/\/diarioavanzada.com.mx\/wp-content\/uploads\/2025\/12\/57dc252c-8a37-4f46-b8ee-b5be9d9cfb43-5828-0000018d494fade6_file-1536x732.jpg 1536w, https:\/\/diarioavanzada.com.mx\/wp-content\/uploads\/2025\/12\/57dc252c-8a37-4f46-b8ee-b5be9d9cfb43-5828-0000018d494fade6_file.jpg 2000w\" sizes=\"auto, (max-width: 1024px) 100vw, 1024px\" \/><\/figure>\n<div class=\"fb-background-color\">\n\t\t\t  <div \n\t\t\t  \tclass = \"fb-comments\" \n\t\t\t  \tdata-href = \"https:\/\/diarioavanzada.com.mx\/?p=109210\"\n\t\t\t  \tdata-numposts = \"10\"\n\t\t\t  \tdata-lazy = \"true\"\n\t\t\t\tdata-colorscheme = \"light\"\n\t\t\t\tdata-order-by = \"social\"\n\t\t\t\tdata-mobile=true>\n\t\t\t  <\/div><\/div>\n\t\t  <style>\n\t\t    .fb-background-color {\n\t\t\t\tbackground:  !important;\n\t\t\t}\n\t\t\t.fb_iframe_widget_fluid_desktop iframe {\n\t\t\t    width: 100% !important;\n\t\t\t}\n\t\t  <\/style>\n\t\t  ","protected":false},"excerpt":{"rendered":"<p>Colima, M\u00e9xico, Avanzada (21\/12\/2025).- Mientras la gobernadora de Colima, Indira Vizca\u00edno Silva, asegur\u00f3 p\u00fablicamente que el delito de extorsi\u00f3n registr\u00f3 una disminuci\u00f3n significativa en la entidad, los datos oficiales provenientes de distintas instancias del propio Estado mexicano exhiben discrepancias que impiden sostener una sola narrativa sobre el comportamiento real de este delito. Durante sus llamados [&hellip;]<\/p>\n","protected":false},"author":21,"featured_media":109213,"comment_status":"closed","ping_status":"closed","sticky":false,"template":"","format":"standard","meta":{"_coblocks_attr":"","_coblocks_dimensions":"","_coblocks_responsive_height":"","_coblocks_accordion_ie_support":"","_crdt_document":"","advanced_seo_description":"","jetpack_seo_html_title":"","jetpack_seo_noindex":false,"_jetpack_memberships_contains_paid_content":false,"footnotes":""},"categories":[19,1,209,7,231,29],"tags":[210],"class_list":["post-109210","post","type-post","status-publish","format-standard","has-post-thumbnail","hentry","category-colima","category-general","category-importantes","category-noticias","category-seguridad","category-sociedad","tag-portada"],"jetpack_featured_media_url":"https:\/\/diarioavanzada.com.mx\/wp-content\/uploads\/2025\/12\/img_5813.jpg","jetpack-related-posts":[],"jetpack_sharing_enabled":true,"amp_enabled":true,"_links":{"self":[{"href":"https:\/\/diarioavanzada.com.mx\/index.php?rest_route=\/wp\/v2\/posts\/109210","targetHints":{"allow":["GET"]}}],"collection":[{"href":"https:\/\/diarioavanzada.com.mx\/index.php?rest_route=\/wp\/v2\/posts"}],"about":[{"href":"https:\/\/diarioavanzada.com.mx\/index.php?rest_route=\/wp\/v2\/types\/post"}],"author":[{"embeddable":true,"href":"https:\/\/diarioavanzada.com.mx\/index.php?rest_route=\/wp\/v2\/users\/21"}],"replies":[{"embeddable":true,"href":"https:\/\/diarioavanzada.com.mx\/index.php?rest_route=%2Fwp%2Fv2%2Fcomments&post=109210"}],"version-history":[{"count":1,"href":"https:\/\/diarioavanzada.com.mx\/index.php?rest_route=\/wp\/v2\/posts\/109210\/revisions"}],"predecessor-version":[{"id":109212,"href":"https:\/\/diarioavanzada.com.mx\/index.php?rest_route=\/wp\/v2\/posts\/109210\/revisions\/109212"}],"wp:featuredmedia":[{"embeddable":true,"href":"https:\/\/diarioavanzada.com.mx\/index.php?rest_route=\/wp\/v2\/media\/109213"}],"wp:attachment":[{"href":"https:\/\/diarioavanzada.com.mx\/index.php?rest_route=%2Fwp%2Fv2%2Fmedia&parent=109210"}],"wp:term":[{"taxonomy":"category","embeddable":true,"href":"https:\/\/diarioavanzada.com.mx\/index.php?rest_route=%2Fwp%2Fv2%2Fcategories&post=109210"},{"taxonomy":"post_tag","embeddable":true,"href":"https:\/\/diarioavanzada.com.mx\/index.php?rest_route=%2Fwp%2Fv2%2Ftags&post=109210"}],"curies":[{"name":"wp","href":"https:\/\/api.w.org\/{rel}","templated":true}]}}