{"id":109176,"date":"2025-12-20T10:50:24","date_gmt":"2025-12-20T16:50:24","guid":{"rendered":"https:\/\/diarioavanzada.com.mx\/?p=109176"},"modified":"2025-12-20T10:52:17","modified_gmt":"2025-12-20T16:52:17","slug":"con-indira-vizcaino-colima-registra-mas-homicidios-que-en-los-dos-sexenios-anteriores","status":"publish","type":"post","link":"https:\/\/diarioavanzada.com.mx\/?p=109176","title":{"rendered":"Con Indira Vizca\u00edno, Colima registra m\u00e1s homicidios que en los dos sexenios anteriores"},"content":{"rendered":"\n<p class=\"p1 wp-block-paragraph\">Colima, M\u00e9xico, Avanzada (20\/12\/2025).- Las cifras oficiales de la Secretar\u00eda de Seguridad y Protecci\u00f3n Ciudadana, a trav\u00e9s del Secretariado Ejecutivo del Sistema Nacional de Seguridad P\u00fablica, confirman que durante el gobierno de Indira Vizca\u00edno Silva Colima ha vivido los niveles m\u00e1s altos de homicidio doloso de la \u00faltima d\u00e9cada, al punto de que incluso en el a\u00f1o con menor incidencia de su administraci\u00f3n la violencia letal supera la registrada al cierre de los dos sexenios anteriores.<\/p>\n\n\n\n<p class=\"p1 wp-block-paragraph\">De acuerdo con el documento Cifras de delitos y v\u00edctimas por cada 100 mil habitantes 2015\u20132025, elaborado con base en el Instrumento para el Registro, Clasificaci\u00f3n y Reporte de Delitos y las V\u00edctimas, con fecha de publicaci\u00f3n del 20 de diciembre de 2025 y corte informativo al 30 de noviembre, los datos provienen de carpetas de investigaci\u00f3n iniciadas por las agencias del Ministerio P\u00fablico y reportadas por las fiscal\u00edas estatales, responsables de la veracidad y actualizaci\u00f3n de la informaci\u00f3n.<\/p>\n\n\n\n<p class=\"p1 wp-block-paragraph\">El an\u00e1lisis hist\u00f3rico revela que en 2015, \u00faltimo a\u00f1o del exgobernador Mario Anguiano Moreno, la entidad cerr\u00f3 con una tasa de 22.38 homicidios dolosos por cada 100 mil habitantes. Para 2021, \u00faltimo a\u00f1o del gobierno de Jos\u00e9 Ignacio Peralta S\u00e1nchez, la cifra fue de 63.34. En contraste, el cuarto a\u00f1o del gobierno de Indira Vizca\u00edno Silva, correspondiente a 2025, registra la tasa m\u00e1s baja de su administraci\u00f3n con 66.48 homicidios dolosos por cada 100 mil habitantes, un nivel que aun as\u00ed rebasa los registros heredados por sus antecesores.<\/p>\n\n\n\n<p class=\"p1 wp-block-paragraph\">M\u00e1s a\u00fan, el mismo reporte documenta que durante la actual administraci\u00f3n se alcanzaron los picos m\u00e1s altos de violencia letal en los \u00faltimos diez a\u00f1os. En 2022 la tasa se ubic\u00f3 en 98.11 homicidios dolosos por cada 100 mil habitantes; en 2023 escal\u00f3 hasta 104.57, el nivel m\u00e1s alto del periodo analizado; y en 2024 se mantuvo en 98.24. Estos registros colocan al sexenio de Vizca\u00edno Silva como el que concentra los a\u00f1os m\u00e1s violentos del decenio en Colima.<\/p>\n\n\n\n<p class=\"p1 wp-block-paragraph\">El hist\u00f3rico completo muestra una escalada sostenida a partir de 2016, con 68.90 homicidios por cada 100 mil habitantes, 95.29 en 2017, 83.75 en 2018, 89.19 en 2019 y 73.01 en 2020, hasta cerrar 2021 con 63.34. A partir de 2022, ya bajo la actual administraci\u00f3n, la violencia no solo no se redujo, sino que alcanz\u00f3 niveles sin precedente reciente, manteni\u00e9ndose por encima de los sexenios previos incluso en su a\u00f1o con menor incidencia.<\/p>\n\n\n\n<p class=\"p1 wp-block-paragraph\">Con base en estos datos oficiales del Secretariado Ejecutivo, el balance de los \u00faltimos diez a\u00f1os evidencia que en el gobierno de Indira Vizca\u00edno Silva se han registrado m\u00e1s homicidios dolosos, medidos por tasa poblacional, que en los dos sexenios anteriores, desmontando el argumento de una reducci\u00f3n sustantiva de la violencia letal en el estado.<\/p>\n\n\n\n<p class=\"p1 wp-block-paragraph\">Link para acceder a la informaci\u00f3n oficial: <a href=\"https:\/\/www.gob.mx\/cms\/uploads\/attachment\/file\/1008603\/CNSP-Delitos-100_mil_hab_2015-2025_nov25.pdf\">https:\/\/www.gob.mx\/cms\/uploads\/attachment\/file\/1008603\/CNSP-Delitos-100_mil_hab_2015-2025_nov25.pdf<\/a><\/p>\n<div class=\"fb-background-color\">\n\t\t\t  <div \n\t\t\t  \tclass = \"fb-comments\" \n\t\t\t  \tdata-href = \"https:\/\/diarioavanzada.com.mx\/?p=109176\"\n\t\t\t  \tdata-numposts = \"10\"\n\t\t\t  \tdata-lazy = \"true\"\n\t\t\t\tdata-colorscheme = \"light\"\n\t\t\t\tdata-order-by = \"social\"\n\t\t\t\tdata-mobile=true>\n\t\t\t  <\/div><\/div>\n\t\t  <style>\n\t\t    .fb-background-color {\n\t\t\t\tbackground:  !important;\n\t\t\t}\n\t\t\t.fb_iframe_widget_fluid_desktop iframe {\n\t\t\t    width: 100% !important;\n\t\t\t}\n\t\t  <\/style>\n\t\t  ","protected":false},"excerpt":{"rendered":"<p>Colima, M\u00e9xico, Avanzada (20\/12\/2025).- Las cifras oficiales de la Secretar\u00eda de Seguridad y Protecci\u00f3n Ciudadana, a trav\u00e9s del Secretariado Ejecutivo del Sistema Nacional de Seguridad P\u00fablica, confirman que durante el gobierno de Indira Vizca\u00edno Silva Colima ha vivido los niveles m\u00e1s altos de homicidio doloso de la \u00faltima d\u00e9cada, al punto de que incluso en [&hellip;]<\/p>\n","protected":false},"author":7,"featured_media":109175,"comment_status":"closed","ping_status":"closed","sticky":false,"template":"","format":"standard","meta":{"_coblocks_attr":"","_coblocks_dimensions":"","_coblocks_responsive_height":"","_coblocks_accordion_ie_support":"","_crdt_document":"","advanced_seo_description":"","jetpack_seo_html_title":"","jetpack_seo_noindex":false,"_jetpack_memberships_contains_paid_content":false,"footnotes":""},"categories":[19,1,209,7,231,29],"tags":[210],"class_list":["post-109176","post","type-post","status-publish","format-standard","has-post-thumbnail","hentry","category-colima","category-general","category-importantes","category-noticias","category-seguridad","category-sociedad","tag-portada"],"jetpack_featured_media_url":"https:\/\/diarioavanzada.com.mx\/wp-content\/uploads\/2025\/12\/img_0172.jpg","jetpack-related-posts":[],"jetpack_sharing_enabled":true,"amp_enabled":true,"_links":{"self":[{"href":"https:\/\/diarioavanzada.com.mx\/index.php?rest_route=\/wp\/v2\/posts\/109176","targetHints":{"allow":["GET"]}}],"collection":[{"href":"https:\/\/diarioavanzada.com.mx\/index.php?rest_route=\/wp\/v2\/posts"}],"about":[{"href":"https:\/\/diarioavanzada.com.mx\/index.php?rest_route=\/wp\/v2\/types\/post"}],"author":[{"embeddable":true,"href":"https:\/\/diarioavanzada.com.mx\/index.php?rest_route=\/wp\/v2\/users\/7"}],"replies":[{"embeddable":true,"href":"https:\/\/diarioavanzada.com.mx\/index.php?rest_route=%2Fwp%2Fv2%2Fcomments&post=109176"}],"version-history":[{"count":1,"href":"https:\/\/diarioavanzada.com.mx\/index.php?rest_route=\/wp\/v2\/posts\/109176\/revisions"}],"predecessor-version":[{"id":109177,"href":"https:\/\/diarioavanzada.com.mx\/index.php?rest_route=\/wp\/v2\/posts\/109176\/revisions\/109177"}],"wp:featuredmedia":[{"embeddable":true,"href":"https:\/\/diarioavanzada.com.mx\/index.php?rest_route=\/wp\/v2\/media\/109175"}],"wp:attachment":[{"href":"https:\/\/diarioavanzada.com.mx\/index.php?rest_route=%2Fwp%2Fv2%2Fmedia&parent=109176"}],"wp:term":[{"taxonomy":"category","embeddable":true,"href":"https:\/\/diarioavanzada.com.mx\/index.php?rest_route=%2Fwp%2Fv2%2Fcategories&post=109176"},{"taxonomy":"post_tag","embeddable":true,"href":"https:\/\/diarioavanzada.com.mx\/index.php?rest_route=%2Fwp%2Fv2%2Ftags&post=109176"}],"curies":[{"name":"wp","href":"https:\/\/api.w.org\/{rel}","templated":true}]}}