{"id":10912,"date":"2020-02-28T19:17:27","date_gmt":"2020-02-29T00:17:27","guid":{"rendered":"https:\/\/diarioavanzada.com.mx\/?p=10912"},"modified":"2020-02-28T19:17:28","modified_gmt":"2020-02-29T00:17:28","slug":"manzanillo-trabajara-en-coordinacion-con-la-secretaria-de-gobernacion","status":"publish","type":"post","link":"https:\/\/diarioavanzada.com.mx\/?p=10912","title":{"rendered":"Manzanillo trabajar\u00e1 en coordinaci\u00f3n con la Secretar\u00eda de Gobernaci\u00f3n"},"content":{"rendered":"\n<p class=\"wp-block-paragraph\">Colima, M\u00e9xico, Comunicado (28\/02\/2020).- Con la firme intenci\u00f3n de seguir garantizando estabilidad y buenas condiciones para el desarrollo social de Manzanillo, la Presidenta Municipal Griselda Mart\u00ednez trabajar\u00e1 de manera coordinada con la Secretar\u00eda de Gobernaci\u00f3n, a trav\u00e9s de su representante en el estado, Carlos Gonz\u00e1lez Palomino.<\/p>\n\n\n\n<p class=\"wp-block-paragraph\">Reunidos en la Presidencia Municipal, ambos funcionarios acordaron impulsar acciones para que la transformaci\u00f3n contin\u00fae en beneficio para la gente, gracias al combate a la corrupci\u00f3n, buenas pr\u00e1cticas de gobierno, disciplina financiera y a aplicaci\u00f3n transparente de los programas sociales.<\/p>\n<div class=\"fb-background-color\">\n\t\t\t  <div \n\t\t\t  \tclass = \"fb-comments\" \n\t\t\t  \tdata-href = \"https:\/\/diarioavanzada.com.mx\/?p=10912\"\n\t\t\t  \tdata-numposts = \"10\"\n\t\t\t  \tdata-lazy = \"true\"\n\t\t\t\tdata-colorscheme = \"light\"\n\t\t\t\tdata-order-by = \"social\"\n\t\t\t\tdata-mobile=true>\n\t\t\t  <\/div><\/div>\n\t\t  <style>\n\t\t    .fb-background-color {\n\t\t\t\tbackground:  !important;\n\t\t\t}\n\t\t\t.fb_iframe_widget_fluid_desktop iframe {\n\t\t\t    width: 100% !important;\n\t\t\t}\n\t\t  <\/style>\n\t\t  ","protected":false},"excerpt":{"rendered":"<p>Colima, M\u00e9xico, Comunicado (28\/02\/2020).- Con la firme intenci\u00f3n de seguir garantizando estabilidad y buenas condiciones para el desarrollo social de Manzanillo, la Presidenta Municipal Griselda Mart\u00ednez trabajar\u00e1 de manera coordinada con la Secretar\u00eda de Gobernaci\u00f3n, a trav\u00e9s de su representante en el estado, Carlos Gonz\u00e1lez Palomino. Reunidos en la Presidencia Municipal, ambos funcionarios acordaron impulsar [&hellip;]<\/p>\n","protected":false},"author":5,"featured_media":10909,"comment_status":"closed","ping_status":"closed","sticky":false,"template":"","format":"standard","meta":{"_coblocks_attr":"","_coblocks_dimensions":"","_coblocks_responsive_height":"","_coblocks_accordion_ie_support":"","_crdt_document":"","advanced_seo_description":"","jetpack_seo_html_title":"","jetpack_seo_noindex":false,"_jetpack_memberships_contains_paid_content":false,"footnotes":""},"categories":[20],"tags":[],"class_list":["post-10912","post","type-post","status-publish","format-standard","has-post-thumbnail","hentry","category-manzanillo"],"jetpack_featured_media_url":"https:\/\/diarioavanzada.com.mx\/wp-content\/uploads\/2020\/02\/GRISELDA-PALOMINO-GOBERNACIO\u0301N-1.jpg","jetpack-related-posts":[],"jetpack_sharing_enabled":true,"amp_enabled":true,"_links":{"self":[{"href":"https:\/\/diarioavanzada.com.mx\/index.php?rest_route=\/wp\/v2\/posts\/10912","targetHints":{"allow":["GET"]}}],"collection":[{"href":"https:\/\/diarioavanzada.com.mx\/index.php?rest_route=\/wp\/v2\/posts"}],"about":[{"href":"https:\/\/diarioavanzada.com.mx\/index.php?rest_route=\/wp\/v2\/types\/post"}],"author":[{"embeddable":true,"href":"https:\/\/diarioavanzada.com.mx\/index.php?rest_route=\/wp\/v2\/users\/5"}],"replies":[{"embeddable":true,"href":"https:\/\/diarioavanzada.com.mx\/index.php?rest_route=%2Fwp%2Fv2%2Fcomments&post=10912"}],"version-history":[{"count":0,"href":"https:\/\/diarioavanzada.com.mx\/index.php?rest_route=\/wp\/v2\/posts\/10912\/revisions"}],"wp:featuredmedia":[{"embeddable":true,"href":"https:\/\/diarioavanzada.com.mx\/index.php?rest_route=\/wp\/v2\/media\/10909"}],"wp:attachment":[{"href":"https:\/\/diarioavanzada.com.mx\/index.php?rest_route=%2Fwp%2Fv2%2Fmedia&parent=10912"}],"wp:term":[{"taxonomy":"category","embeddable":true,"href":"https:\/\/diarioavanzada.com.mx\/index.php?rest_route=%2Fwp%2Fv2%2Fcategories&post=10912"},{"taxonomy":"post_tag","embeddable":true,"href":"https:\/\/diarioavanzada.com.mx\/index.php?rest_route=%2Fwp%2Fv2%2Ftags&post=10912"}],"curies":[{"name":"wp","href":"https:\/\/api.w.org\/{rel}","templated":true}]}}