{"id":10908,"date":"2020-02-28T19:15:50","date_gmt":"2020-02-29T00:15:50","guid":{"rendered":"https:\/\/diarioavanzada.com.mx\/?p=10908"},"modified":"2020-02-28T19:15:51","modified_gmt":"2020-02-29T00:15:51","slug":"ayuntamiento-entregara-el-reconocimiento-mujeres-manzanillenses-que-inspiran-2020","status":"publish","type":"post","link":"https:\/\/diarioavanzada.com.mx\/?p=10908","title":{"rendered":"Ayuntamiento entregar\u00e1 el \u201cReconocimiento Mujeres Manzanillenses Que Inspiran 2020\u201d"},"content":{"rendered":"\n<p class=\"wp-block-paragraph\">Manzanillo, M\u00e9xico, Comunicado (28\/02\/2020).- Honor a quien honor merece. Reconocer a las manzanillenses que han trabajado en beneficio de nuestra comunidad, es la mejor forma de conmemorar el D\u00eda Internacional de las Mujeres, se\u00f1al\u00f3 Sara Cernas, directora del Instituto Municipal de la Mujer Manzanillense, quien inform\u00f3 que ya est\u00e1 abierta la convocatoria para entregar el Reconocimiento \u201cMujeres Manzanillenses Que Inspiran 2020\u201d.<\/p>\n\n\n\n<p class=\"wp-block-paragraph\">Se convoca a todo la ciudadan\u00eda Manzanillense, as\u00ed como a las organizaciones civiles, empresariales y no gubernamentales, a que realicen propuestas de las mujeres que consideren sean merecedoras del reconocimiento: \u201cMujeres Manzanillenses, Mujeres que inspiran\u201d en su edici\u00f3n: 2020.&nbsp;<\/p>\n\n\n\n<p class=\"wp-block-paragraph\">Este es el m\u00e1ximo reconocimiento p\u00fablico que realiza el H. Ayuntamiento -que en esta administraci\u00f3n encabeza la Presidenta Municipal, Griselda Mart\u00ednez-, es para aquellas mujeres que en lo individual o de forma colectiva han contribuido al avance social en los \u00e1mbitos en los que se desarrollan: cient\u00edfico, comunitario, deportivo, cultural, acad\u00e9mico y art\u00edstico, en \u00e1reas rurales, empresariales, del servicio p\u00fablico, ambiental y de derechos humanos.<\/p>\n\n\n\n<p class=\"wp-block-paragraph\">Destacar e incentivar su labor por m\u00e9rito social es fundamental para fortalecer y dignificar la incorporaci\u00f3n de las mujeres en los distintos \u00e1mbitos y avanzar hacia la reconstrucci\u00f3n del tejido social.<\/p>\n\n\n\n<p class=\"wp-block-paragraph\">Sara Cernas inform\u00f3 que las bases son: Nombre completo y domicilio de la mujer propuesta. Lugar de nacimiento, edad, profesi\u00f3n u oficio de la mujer propuesta (residencia de por lo menos tres a\u00f1os), curr\u00edculo vitae de la mujer propuesta, anexando trabajo probatorio de por lo menos dos a\u00f1os en el Municipio. La propuesta deber\u00e1 realizarse mediante el formato oficial que estar\u00e1 disponible en las instalaciones del Instituto Municipal de la Mujer Manzanillense o en la p\u00e1gina web.&nbsp;<\/p>\n\n\n\n<p class=\"wp-block-paragraph\">Las propuestas se podr\u00e1n recibir hasta el mi\u00e9rcoles 4 de marzo, a las 3:00 pm en las instalaciones del Instituto Municipal de la Mujer Manzanillense -entre las calles Griselda \u00c1lvarez y Sor Juana In\u00e9s de la Cruz, s\/n Colonia Almendros o al correo electr\u00f3nico: <strong>imm@manzanillo.gob.mx<\/strong>. &nbsp;<\/p>\n\n\n\n<p class=\"wp-block-paragraph\">La entrega de los reconocimientos ser\u00e1 el d\u00eda seis de marzo de 2020 en el marco de la conmemoraci\u00f3n del D\u00eda Internacional de las Mujeres.&nbsp;<\/p>\n<div class=\"fb-background-color\">\n\t\t\t  <div \n\t\t\t  \tclass = \"fb-comments\" \n\t\t\t  \tdata-href = \"https:\/\/diarioavanzada.com.mx\/?p=10908\"\n\t\t\t  \tdata-numposts = \"10\"\n\t\t\t  \tdata-lazy = \"true\"\n\t\t\t\tdata-colorscheme = \"light\"\n\t\t\t\tdata-order-by = \"social\"\n\t\t\t\tdata-mobile=true>\n\t\t\t  <\/div><\/div>\n\t\t  <style>\n\t\t    .fb-background-color {\n\t\t\t\tbackground:  !important;\n\t\t\t}\n\t\t\t.fb_iframe_widget_fluid_desktop iframe {\n\t\t\t    width: 100% !important;\n\t\t\t}\n\t\t  <\/style>\n\t\t  ","protected":false},"excerpt":{"rendered":"<p>Manzanillo, M\u00e9xico, Comunicado (28\/02\/2020).- Honor a quien honor merece. Reconocer a las manzanillenses que han trabajado en beneficio de nuestra comunidad, es la mejor forma de conmemorar el D\u00eda Internacional de las Mujeres, se\u00f1al\u00f3 Sara Cernas, directora del Instituto Municipal de la Mujer Manzanillense, quien inform\u00f3 que ya est\u00e1 abierta la convocatoria para entregar el [&hellip;]<\/p>\n","protected":false},"author":5,"featured_media":10910,"comment_status":"closed","ping_status":"closed","sticky":false,"template":"","format":"standard","meta":{"_coblocks_attr":"","_coblocks_dimensions":"","_coblocks_responsive_height":"","_coblocks_accordion_ie_support":"","_crdt_document":"","advanced_seo_description":"","jetpack_seo_html_title":"","jetpack_seo_noindex":false,"_jetpack_memberships_contains_paid_content":false,"footnotes":""},"categories":[20],"tags":[],"class_list":["post-10908","post","type-post","status-publish","format-standard","has-post-thumbnail","hentry","category-manzanillo"],"jetpack_featured_media_url":"https:\/\/diarioavanzada.com.mx\/wp-content\/uploads\/2020\/02\/INMUJERES.png","jetpack-related-posts":[],"jetpack_sharing_enabled":true,"amp_enabled":true,"_links":{"self":[{"href":"https:\/\/diarioavanzada.com.mx\/index.php?rest_route=\/wp\/v2\/posts\/10908","targetHints":{"allow":["GET"]}}],"collection":[{"href":"https:\/\/diarioavanzada.com.mx\/index.php?rest_route=\/wp\/v2\/posts"}],"about":[{"href":"https:\/\/diarioavanzada.com.mx\/index.php?rest_route=\/wp\/v2\/types\/post"}],"author":[{"embeddable":true,"href":"https:\/\/diarioavanzada.com.mx\/index.php?rest_route=\/wp\/v2\/users\/5"}],"replies":[{"embeddable":true,"href":"https:\/\/diarioavanzada.com.mx\/index.php?rest_route=%2Fwp%2Fv2%2Fcomments&post=10908"}],"version-history":[{"count":0,"href":"https:\/\/diarioavanzada.com.mx\/index.php?rest_route=\/wp\/v2\/posts\/10908\/revisions"}],"wp:featuredmedia":[{"embeddable":true,"href":"https:\/\/diarioavanzada.com.mx\/index.php?rest_route=\/wp\/v2\/media\/10910"}],"wp:attachment":[{"href":"https:\/\/diarioavanzada.com.mx\/index.php?rest_route=%2Fwp%2Fv2%2Fmedia&parent=10908"}],"wp:term":[{"taxonomy":"category","embeddable":true,"href":"https:\/\/diarioavanzada.com.mx\/index.php?rest_route=%2Fwp%2Fv2%2Fcategories&post=10908"},{"taxonomy":"post_tag","embeddable":true,"href":"https:\/\/diarioavanzada.com.mx\/index.php?rest_route=%2Fwp%2Fv2%2Ftags&post=10908"}],"curies":[{"name":"wp","href":"https:\/\/api.w.org\/{rel}","templated":true}]}}