{"id":10859,"date":"2020-02-28T09:54:11","date_gmt":"2020-02-28T14:54:11","guid":{"rendered":"https:\/\/diarioavanzada.com.mx\/?p=10859"},"modified":"2020-02-28T09:54:12","modified_gmt":"2020-02-28T14:54:12","slug":"congreso-ordenara-comparecer-al-secretario-de-educacion-por-aviadores-y-adeudos-a-trabajadores","status":"publish","type":"post","link":"https:\/\/diarioavanzada.com.mx\/?p=10859","title":{"rendered":"Congreso ordenar\u00e1 comparecer al secretario de Educaci\u00f3n por &#8220;aviadores&#8221; y adeudos a trabajadores"},"content":{"rendered":"\n<p class=\"wp-block-paragraph\">Colima, M\u00e9xico, Avanzada (28\/02\/2020).- El coordinador de la fracci\u00f3n de Morena en el Congreso, Vladimir Parra Barrag\u00e1n consider\u00f3 preocupantes, por una parte, los se\u00f1alamientos a la Secretar\u00eda de Educaci\u00f3n por parte de la Auditor\u00eda Superior de la Federaci\u00f3n y por otro, las quejas de docentes de secundaria y bachillerato por falta de pago.<\/p>\n\n\n\n<p class=\"wp-block-paragraph\">El legislador afirm\u00f3 que son varios puntos que muestran que algo delicado est\u00e1 sucediendo al interior de la Secretar\u00eda y que est\u00e1 afectando a los trabajadores de la educaci\u00f3n b\u00e1sica y media superior a quienes se les deben seis meses de sueldo.<\/p>\n\n\n\n<p class=\"wp-block-paragraph\">\u201cNosotros creemos que debe ser llamado el titular de Educaci\u00f3n Jaime Flores al Congreso para que explique las irregularidades u observaciones que detect\u00f3 la Auditor\u00eda Superior de la federaci\u00f3n, entre ellos los m\u00e1s de mil trabajadores que no fueron reconocidos por los responsables de las escuelas\u201d.<\/p>\n\n\n\n<p class=\"wp-block-paragraph\">Manifest\u00f3 que la propia Auditor\u00eda Superior se\u00f1ala que hubo movimientos dentro de la Secretar\u00eda de Educaci\u00f3n que no fueron regulares, \u201cas\u00ed que hay cosas que se deben aclarar\u201d.<\/p>\n\n\n\n<p class=\"wp-block-paragraph\">Adem\u00e1s, dijo que los diputados locales tienen conocimiento sobre la falta de pago a los docentes de secundarias que obtuvieron horas adicionales, despu\u00e9s de haber obtenido un resultado destacado en el examen de evaluaci\u00f3n.<\/p>\n\n\n\n<p class=\"wp-block-paragraph\">De igual manera dijo, que tambi\u00e9n existe la problem\u00e1tica de los docentes del EMSAD a quien tambi\u00e9n les&nbsp;adeudan el salario.<\/p>\n\n\n\n<p class=\"wp-block-paragraph\">\u201cSon varios se\u00f1alamientos que nos tienen preocupados, porque creemos que se debe cuidar la educaci\u00f3n, y por eso estaremos revisando qu\u00e9 est\u00e1 pasando en la Secretar\u00eda y llamaremos al secretario de Educaci\u00f3n\u201d, dijo.<\/p>\n<div class=\"fb-background-color\">\n\t\t\t  <div \n\t\t\t  \tclass = \"fb-comments\" \n\t\t\t  \tdata-href = \"https:\/\/diarioavanzada.com.mx\/?p=10859\"\n\t\t\t  \tdata-numposts = \"10\"\n\t\t\t  \tdata-lazy = \"true\"\n\t\t\t\tdata-colorscheme = \"light\"\n\t\t\t\tdata-order-by = \"social\"\n\t\t\t\tdata-mobile=true>\n\t\t\t  <\/div><\/div>\n\t\t  <style>\n\t\t    .fb-background-color {\n\t\t\t\tbackground:  !important;\n\t\t\t}\n\t\t\t.fb_iframe_widget_fluid_desktop iframe {\n\t\t\t    width: 100% !important;\n\t\t\t}\n\t\t  <\/style>\n\t\t  ","protected":false},"excerpt":{"rendered":"<p>Colima, M\u00e9xico, Avanzada (28\/02\/2020).- El coordinador de la fracci\u00f3n de Morena en el Congreso, Vladimir Parra Barrag\u00e1n consider\u00f3 preocupantes, por una parte, los se\u00f1alamientos a la Secretar\u00eda de Educaci\u00f3n por parte de la Auditor\u00eda Superior de la Federaci\u00f3n y por otro, las quejas de docentes de secundaria y bachillerato por falta de pago. El legislador [&hellip;]<\/p>\n","protected":false},"author":5,"featured_media":10860,"comment_status":"closed","ping_status":"closed","sticky":false,"template":"","format":"standard","meta":{"_coblocks_attr":"","_coblocks_dimensions":"","_coblocks_responsive_height":"","_coblocks_accordion_ie_support":"","_crdt_document":"","advanced_seo_description":"","jetpack_seo_html_title":"","jetpack_seo_noindex":false,"_jetpack_memberships_contains_paid_content":false,"footnotes":""},"categories":[19],"tags":[210],"class_list":["post-10859","post","type-post","status-publish","format-standard","has-post-thumbnail","hentry","category-colima","tag-portada"],"jetpack_featured_media_url":"https:\/\/diarioavanzada.com.mx\/wp-content\/uploads\/2020\/02\/Jaime-Flores.jpg","jetpack-related-posts":[],"jetpack_sharing_enabled":true,"amp_enabled":true,"_links":{"self":[{"href":"https:\/\/diarioavanzada.com.mx\/index.php?rest_route=\/wp\/v2\/posts\/10859","targetHints":{"allow":["GET"]}}],"collection":[{"href":"https:\/\/diarioavanzada.com.mx\/index.php?rest_route=\/wp\/v2\/posts"}],"about":[{"href":"https:\/\/diarioavanzada.com.mx\/index.php?rest_route=\/wp\/v2\/types\/post"}],"author":[{"embeddable":true,"href":"https:\/\/diarioavanzada.com.mx\/index.php?rest_route=\/wp\/v2\/users\/5"}],"replies":[{"embeddable":true,"href":"https:\/\/diarioavanzada.com.mx\/index.php?rest_route=%2Fwp%2Fv2%2Fcomments&post=10859"}],"version-history":[{"count":0,"href":"https:\/\/diarioavanzada.com.mx\/index.php?rest_route=\/wp\/v2\/posts\/10859\/revisions"}],"wp:featuredmedia":[{"embeddable":true,"href":"https:\/\/diarioavanzada.com.mx\/index.php?rest_route=\/wp\/v2\/media\/10860"}],"wp:attachment":[{"href":"https:\/\/diarioavanzada.com.mx\/index.php?rest_route=%2Fwp%2Fv2%2Fmedia&parent=10859"}],"wp:term":[{"taxonomy":"category","embeddable":true,"href":"https:\/\/diarioavanzada.com.mx\/index.php?rest_route=%2Fwp%2Fv2%2Fcategories&post=10859"},{"taxonomy":"post_tag","embeddable":true,"href":"https:\/\/diarioavanzada.com.mx\/index.php?rest_route=%2Fwp%2Fv2%2Ftags&post=10859"}],"curies":[{"name":"wp","href":"https:\/\/api.w.org\/{rel}","templated":true}]}}