{"id":10843,"date":"2020-02-27T05:48:26","date_gmt":"2020-02-27T10:48:26","guid":{"rendered":"https:\/\/diarioavanzada.com.mx\/?p=10843"},"modified":"2020-02-27T05:48:27","modified_gmt":"2020-02-27T10:48:27","slug":"el-gobernador-debe-explicar-su-incremento-patrimonial","status":"publish","type":"post","link":"https:\/\/diarioavanzada.com.mx\/?p=10843","title":{"rendered":"El gobernador debe explicar su incremento patrimonial"},"content":{"rendered":"\n<p class=\"wp-block-paragraph\">Colima, M\u00e9xico, Avanzada (27\/02\/2020).- El coordinador de los diputados de Morena en el Congreso del Estado, Vladimir Parra Barrag\u00e1n exigi\u00f3 al gobernador, Ignacio Peralta S\u00e1nchez explicar la procedencia de los recursos econ\u00f3micos que utiliz\u00f3 para adquirir en el 2018 un condominio con un valor superior a los 27 millones de pesos.<\/p>\n\n\n\n<p class=\"wp-block-paragraph\">El legislador indic\u00f3 que resulta preocupante,&nbsp; que en medio de una serie de acusaciones de presuntos actos de corrupci\u00f3n en el Gobierno del Estado, el mandatario estatal reconozca que posee una propiedad con ese valor econ\u00f3mico y que la haya adquirido dos a\u00f1os despu\u00e9s de haber asumido la gubernatura.<\/p>\n\n\n\n<p class=\"wp-block-paragraph\">Parra Barrag\u00e1n explic\u00f3 que el titular del Ejecutivo est\u00e1 obligado a ofrecer una explicaci\u00f3n clara, contundente y con pruebas sobre el crecimiento de su patrimonio.<\/p>\n\n\n\n<p class=\"wp-block-paragraph\">El legislador afirm\u00f3 que recientemente el Congreso del Estado solicit\u00f3 investigaciones especiales en torno a la forma en la que el gobierno adquiri\u00f3 los terrenos de la XX Zona Militar, pues el mismo OSAFIG document\u00f3 que los 200 millones de pesos autorizados para esa adquisici\u00f3n se utilizaron en otra cosa.<\/p>\n\n\n\n<p class=\"wp-block-paragraph\">De igual forma, explic\u00f3 que existe otra petici\u00f3n para que se investigue la compra de los terrenos de La Campana, pues existen se\u00f1alamientos de que se compr\u00f3 a un sobreprecio de casi 80 millones de pesos.<\/p>\n\n\n\n<p class=\"wp-block-paragraph\">El coordinador de la fracci\u00f3n de Morena dijo que las investigaciones especiales que realizar\u00e1 el OSAFIG tienen que mostrar el camino legal que deber\u00e1 seguirse en caso de que se comprueben los actos de corrupci\u00f3n que pesan sobre la administraci\u00f3n del actual gobernador Ignacio Peralta.<\/p>\n\n\n\n<p class=\"wp-block-paragraph\">Puntualiz\u00f3 que, la adquisici\u00f3n de un condominio de m\u00e1s de 27 millones de pesos, contrasta con los problemas econ\u00f3micos que enfrenta la administraci\u00f3n estatal y que incluso ocasion\u00f3 que el gobierno de Colima despidiera a 600 trabajadores, \u201ctenemos un gobernador rico con un pueblo pobre\u201d, concluy\u00f3.<\/p>\n<div class=\"fb-background-color\">\n\t\t\t  <div \n\t\t\t  \tclass = \"fb-comments\" \n\t\t\t  \tdata-href = \"https:\/\/diarioavanzada.com.mx\/?p=10843\"\n\t\t\t  \tdata-numposts = \"10\"\n\t\t\t  \tdata-lazy = \"true\"\n\t\t\t\tdata-colorscheme = \"light\"\n\t\t\t\tdata-order-by = \"social\"\n\t\t\t\tdata-mobile=true>\n\t\t\t  <\/div><\/div>\n\t\t  <style>\n\t\t    .fb-background-color {\n\t\t\t\tbackground:  !important;\n\t\t\t}\n\t\t\t.fb_iframe_widget_fluid_desktop iframe {\n\t\t\t    width: 100% !important;\n\t\t\t}\n\t\t  <\/style>\n\t\t  ","protected":false},"excerpt":{"rendered":"<p>Colima, M\u00e9xico, Avanzada (27\/02\/2020).- El coordinador de los diputados de Morena en el Congreso del Estado, Vladimir Parra Barrag\u00e1n exigi\u00f3 al gobernador, Ignacio Peralta S\u00e1nchez explicar la procedencia de los recursos econ\u00f3micos que utiliz\u00f3 para adquirir en el 2018 un condominio con un valor superior a los 27 millones de pesos. El legislador indic\u00f3 que [&hellip;]<\/p>\n","protected":false},"author":5,"featured_media":10844,"comment_status":"closed","ping_status":"closed","sticky":false,"template":"","format":"standard","meta":{"_coblocks_attr":"","_coblocks_dimensions":"","_coblocks_responsive_height":"","_coblocks_accordion_ie_support":"","_crdt_document":"","advanced_seo_description":"","jetpack_seo_html_title":"","jetpack_seo_noindex":false,"_jetpack_memberships_contains_paid_content":false,"footnotes":""},"categories":[19],"tags":[210],"class_list":["post-10843","post","type-post","status-publish","format-standard","has-post-thumbnail","hentry","category-colima","tag-portada"],"jetpack_featured_media_url":"https:\/\/diarioavanzada.com.mx\/wp-content\/uploads\/2020\/02\/N-V.jpg","jetpack-related-posts":[],"jetpack_sharing_enabled":true,"amp_enabled":true,"_links":{"self":[{"href":"https:\/\/diarioavanzada.com.mx\/index.php?rest_route=\/wp\/v2\/posts\/10843","targetHints":{"allow":["GET"]}}],"collection":[{"href":"https:\/\/diarioavanzada.com.mx\/index.php?rest_route=\/wp\/v2\/posts"}],"about":[{"href":"https:\/\/diarioavanzada.com.mx\/index.php?rest_route=\/wp\/v2\/types\/post"}],"author":[{"embeddable":true,"href":"https:\/\/diarioavanzada.com.mx\/index.php?rest_route=\/wp\/v2\/users\/5"}],"replies":[{"embeddable":true,"href":"https:\/\/diarioavanzada.com.mx\/index.php?rest_route=%2Fwp%2Fv2%2Fcomments&post=10843"}],"version-history":[{"count":0,"href":"https:\/\/diarioavanzada.com.mx\/index.php?rest_route=\/wp\/v2\/posts\/10843\/revisions"}],"wp:featuredmedia":[{"embeddable":true,"href":"https:\/\/diarioavanzada.com.mx\/index.php?rest_route=\/wp\/v2\/media\/10844"}],"wp:attachment":[{"href":"https:\/\/diarioavanzada.com.mx\/index.php?rest_route=%2Fwp%2Fv2%2Fmedia&parent=10843"}],"wp:term":[{"taxonomy":"category","embeddable":true,"href":"https:\/\/diarioavanzada.com.mx\/index.php?rest_route=%2Fwp%2Fv2%2Fcategories&post=10843"},{"taxonomy":"post_tag","embeddable":true,"href":"https:\/\/diarioavanzada.com.mx\/index.php?rest_route=%2Fwp%2Fv2%2Ftags&post=10843"}],"curies":[{"name":"wp","href":"https:\/\/api.w.org\/{rel}","templated":true}]}}