{"id":10822,"date":"2020-02-26T12:50:54","date_gmt":"2020-02-26T17:50:54","guid":{"rendered":"https:\/\/diarioavanzada.com.mx\/?p=10822"},"modified":"2020-02-26T12:50:55","modified_gmt":"2020-02-26T17:50:55","slug":"congreso-pide-a-osafig-revisar-con-lupa-a-la-capdam","status":"publish","type":"post","link":"https:\/\/diarioavanzada.com.mx\/?p=10822","title":{"rendered":"Congreso pide a Osafig &#8220;revisar con lupa&#8221; a la CAPDAM"},"content":{"rendered":"\n<p class=\"wp-block-paragraph\">Colima, M\u00e9xico, Comunicado (26\/02\/2020).- A partir del punto de acuerdo presentado por el Diputado porte\u00f1o Luis\u00a0Rogelio Salinas S\u00e1nchez, el pleno del Congreso del Estado de Colima\u00a0aval\u00f3 que el \u00d3rgano Superior de Auditor\u00eda y Fiscalizaci\u00f3n Gubernamental\u00a0del Estado (Osafig) lleve a cabo una revisi\u00f3n a la Comisi\u00f3n de Agua\u00a0Potable, Drenaje y Alcantarillado de Manzanillo (CAPDAM), en t\u00e9rminos\u00a0del art\u00edculo 116 de la Constituci\u00f3n Local, y la Ley de Fiscalizaci\u00f3n\u00a0Superior y Rendici\u00f3n de Cuentas de la entidad.<\/p>\n\n\n\n<p class=\"wp-block-paragraph\">El Acuerdo establece que la LIX Legislatura de la Paridad de G\u00e9nero\u00a0exhorte a la titular del Osafig, Indira Isabel Garc\u00eda P\u00e9rez, a fin de\u00a0que realice una revisi\u00f3n a la CAPDAM, respecto de las operaciones que no\u00a0han formado parte del universo auditado en los ejercicios fiscales de\u00a0los a\u00f1os 2015, 2016, 2017 y 2018, respecto al ingreso que recauda el\u00a0\u00f3rgano por concepto de derechos, por venta de bienes y servicios.<\/p>\n\n\n\n<p class=\"wp-block-paragraph\">Igualmente en los siguientes rubros: el Gasto relativo a los cap\u00edtulos\u00a010000 del Presupuesto de Egresos, 20000 sobre Materiales y Suministros,\u00a030000 sobre Servicios Generales, 50000 sobre Transferencias,\u00a0Asignaciones y Subsidios, 6000 sobre Inversi\u00f3n P\u00fablica, y 90000 sobre\u00a0Deuda P\u00fablica; as\u00ed como los ingresos 2018 no conciliados en cuentas\u00a0bancarias.<\/p>\n\n\n\n<p class=\"wp-block-paragraph\">La falta de registro del presupuesto de obras y del pago de las mismas,\u00a0adem\u00e1s estas fueron pagadas a trav\u00e9s de una cuenta fuente, como un\u00a0ejemplo de ello, se encuentra la Planta de Tratamiento por 30 millones\u00a0de pesos, expuso el legislador del Grupo Parlamentario de Morena.<\/p>\n\n\n\n<p class=\"wp-block-paragraph\">Aunado a lo anterior, una revisi\u00f3n para establecer qu\u00e9 parte del archivo\u00a0f\u00edsico, en expedientes de impresos fue perdido mediante el incendio que,\u00a0seg\u00fan comparte el personal de OSAFIG, ha sido recurrentemente utilizado\u00a0como la causa para adolecer de la informaci\u00f3n que los auditores\u00a0solicitan revisar.<\/p>\n\n\n\n<p class=\"wp-block-paragraph\">Lo anterior en t\u00e9rminos de los dispuesto por los art\u00edculos 116, segundo\u00a0p\u00e1rrafo, de la Constituci\u00f3n Pol\u00edtica del Estado Libre y Soberano de\u00a0Colima, as\u00ed como 26 y 57 al 64, de la Ley de Fiscalizaci\u00f3n Superior y\u00a0Rendici\u00f3n de Cuentas del Estado de Colima. Aprobado el Acuerdo, se\u00a0comunica a la autoridad exhortada, para los efectos administrativos\u00a0correspondientes.<\/p>\n\n\n\n<p class=\"wp-block-paragraph\">Esto para profundizar m\u00e1s, pues si bien se coincide con las\u00a0observaciones y su no solventaci\u00f3n en los puntos de la Cuenta P\u00fablica\u00a0analizada, resulta necesaria una revisi\u00f3n, sin que ello implique que la\u00a0investigaci\u00f3n que en su caso haya iniciado Osafig respecto de cada una\u00a0de las observaciones descritas deba suspenderse o duplicarse.<\/p>\n\n\n\n<p class=\"wp-block-paragraph\"><\/p>\n<div class=\"fb-background-color\">\n\t\t\t  <div \n\t\t\t  \tclass = \"fb-comments\" \n\t\t\t  \tdata-href = \"https:\/\/diarioavanzada.com.mx\/?p=10822\"\n\t\t\t  \tdata-numposts = \"10\"\n\t\t\t  \tdata-lazy = \"true\"\n\t\t\t\tdata-colorscheme = \"light\"\n\t\t\t\tdata-order-by = \"social\"\n\t\t\t\tdata-mobile=true>\n\t\t\t  <\/div><\/div>\n\t\t  <style>\n\t\t    .fb-background-color {\n\t\t\t\tbackground:  !important;\n\t\t\t}\n\t\t\t.fb_iframe_widget_fluid_desktop iframe {\n\t\t\t    width: 100% !important;\n\t\t\t}\n\t\t  <\/style>\n\t\t  ","protected":false},"excerpt":{"rendered":"<p>Colima, M\u00e9xico, Comunicado (26\/02\/2020).- A partir del punto de acuerdo presentado por el Diputado porte\u00f1o Luis\u00a0Rogelio Salinas S\u00e1nchez, el pleno del Congreso del Estado de Colima\u00a0aval\u00f3 que el \u00d3rgano Superior de Auditor\u00eda y Fiscalizaci\u00f3n Gubernamental\u00a0del Estado (Osafig) lleve a cabo una revisi\u00f3n a la Comisi\u00f3n de Agua\u00a0Potable, Drenaje y Alcantarillado de Manzanillo (CAPDAM), en t\u00e9rminos\u00a0del [&hellip;]<\/p>\n","protected":false},"author":7,"featured_media":10824,"comment_status":"closed","ping_status":"closed","sticky":false,"template":"","format":"standard","meta":{"_coblocks_attr":"","_coblocks_dimensions":"","_coblocks_responsive_height":"","_coblocks_accordion_ie_support":"","_crdt_document":"","advanced_seo_description":"","jetpack_seo_html_title":"","jetpack_seo_noindex":false,"_jetpack_memberships_contains_paid_content":false,"footnotes":""},"categories":[19],"tags":[210],"class_list":["post-10822","post","type-post","status-publish","format-standard","has-post-thumbnail","hentry","category-colima","tag-portada"],"jetpack_featured_media_url":"https:\/\/diarioavanzada.com.mx\/wp-content\/uploads\/2020\/02\/Luis-Rogelio-Salinas-Sa\u0301nchez.jpg","jetpack-related-posts":[],"jetpack_sharing_enabled":true,"amp_enabled":true,"_links":{"self":[{"href":"https:\/\/diarioavanzada.com.mx\/index.php?rest_route=\/wp\/v2\/posts\/10822","targetHints":{"allow":["GET"]}}],"collection":[{"href":"https:\/\/diarioavanzada.com.mx\/index.php?rest_route=\/wp\/v2\/posts"}],"about":[{"href":"https:\/\/diarioavanzada.com.mx\/index.php?rest_route=\/wp\/v2\/types\/post"}],"author":[{"embeddable":true,"href":"https:\/\/diarioavanzada.com.mx\/index.php?rest_route=\/wp\/v2\/users\/7"}],"replies":[{"embeddable":true,"href":"https:\/\/diarioavanzada.com.mx\/index.php?rest_route=%2Fwp%2Fv2%2Fcomments&post=10822"}],"version-history":[{"count":0,"href":"https:\/\/diarioavanzada.com.mx\/index.php?rest_route=\/wp\/v2\/posts\/10822\/revisions"}],"wp:featuredmedia":[{"embeddable":true,"href":"https:\/\/diarioavanzada.com.mx\/index.php?rest_route=\/wp\/v2\/media\/10824"}],"wp:attachment":[{"href":"https:\/\/diarioavanzada.com.mx\/index.php?rest_route=%2Fwp%2Fv2%2Fmedia&parent=10822"}],"wp:term":[{"taxonomy":"category","embeddable":true,"href":"https:\/\/diarioavanzada.com.mx\/index.php?rest_route=%2Fwp%2Fv2%2Fcategories&post=10822"},{"taxonomy":"post_tag","embeddable":true,"href":"https:\/\/diarioavanzada.com.mx\/index.php?rest_route=%2Fwp%2Fv2%2Ftags&post=10822"}],"curies":[{"name":"wp","href":"https:\/\/api.w.org\/{rel}","templated":true}]}}